{"id":10493,"date":"2023-10-30T14:35:46","date_gmt":"2023-10-30T12:35:46","guid":{"rendered":"https:\/\/www.ssyl.fi\/?p=10493"},"modified":"2024-01-04T10:58:40","modified_gmt":"2024-01-04T08:58:40","slug":"buch-mein-finnisches-lieblingswort-bestellen-sie-jetzt-ihr-eigenes-exemplar","status":"publish","type":"post","link":"https:\/\/www.ssyl.fi\/de\/nachrichten\/buch-mein-finnisches-lieblingswort-bestellen-sie-jetzt-ihr-eigenes-exemplar\/","title":{"rendered":"Buch Mein finnisches Lieblingswort wurde ver\u00f6ffentlicht"},"content":{"rendered":"<p><img loading=\"lazy\" decoding=\"async\" class=\"alignright size-medium wp-image-10491\" src=\"https:\/\/www.ssyl.fi\/content\/uploads\/2023\/10\/00_Titelbild_B-200x300.jpg\" alt=\"\" width=\"200\" height=\"300\" srcset=\"https:\/\/www.ssyl.fi\/content\/uploads\/2023\/10\/00_Titelbild_B-200x300.jpg 200w, https:\/\/www.ssyl.fi\/content\/uploads\/2023\/10\/00_Titelbild_B-683x1024.jpg 683w, https:\/\/www.ssyl.fi\/content\/uploads\/2023\/10\/00_Titelbild_B-768x1152.jpg 768w, https:\/\/www.ssyl.fi\/content\/uploads\/2023\/10\/00_Titelbild_B-1024x1536.jpg 1024w, https:\/\/www.ssyl.fi\/content\/uploads\/2023\/10\/00_Titelbild_B-1365x2048.jpg 1365w, https:\/\/www.ssyl.fi\/content\/uploads\/2023\/10\/00_Titelbild_B-533x800.jpg 533w, https:\/\/www.ssyl.fi\/content\/uploads\/2023\/10\/00_Titelbild_B-scaled.jpg 1707w\" sizes=\"auto, (max-width: 200px) 100vw, 200px\" \/>Das Buch <em>Mein finnisches Lieblingswort<\/em>, das als Gemeinschaftsprojekt des SSYL und seiner deutschen Schwesterorganisation der Deutsch-Finnischen Gesellschaft entstanden ist, wurde feierlich aus dem Anlass 40 Jahre SSYL am 28.10.2023 in Tampere ver\u00f6ffentlicht.<\/p>\n<p>Das Lieblingswort aller Lieblingsworte sei laut <strong>Dieter Hermann Schmitz<\/strong>, der in der Redaktionsarbeit von <strong>Luise Liefl\u00e4nder-Leskinen<\/strong> und <strong>Paula<\/strong> <strong>Schuth<\/strong> vom SSYL und von <strong>Mari Koskela<\/strong> und<strong> Siegfried Breiter<\/strong> von der DFG unterst\u00fctzt wurde, <em>j\u00e4\u00e4tel\u00f6t\u00f6tter\u00f6<\/em>. Begr\u00fcndungen zu diesem Lieblingswort und zu zahlreichen anderen finnischen (Lieblings)W\u00f6rtern k\u00f6nnen Sie lesen, indem Sie das Buch kaufen.<\/p>\n<p>Das Buch gibt es beim SSYL zum Preis von 12 \u20ac + Versandkosten. Anfragen: info@ssyl.fi<\/p>\n","protected":false},"excerpt":{"rendered":"<p>Das Buch Mein finnisches Lieblingswort, das als Gemeinschaftsprojekt des SSYL und seiner deutschen Schwesterorganisation der Deutsch-Finnischen Gesellschaft entstanden ist, wurde feierlich aus dem Anlass 40 Jahre SSYL am 28.10.2023 in Tampere ver\u00f6ffentlicht. Das Lieblingswort aller Lieblingsworte sei laut Dieter Hermann Schmitz, der in der Redaktionsarbeit von Luise Liefl\u00e4nder-Leskinen und Paula Schuth vom SSYL und von [&hellip;]<\/p>\n","protected":false},"author":2,"featured_media":0,"comment_status":"closed","ping_status":"closed","sticky":false,"template":"","format":"standard","meta":{"footnotes":""},"categories":[3],"tags":[],"class_list":["post-10493","post","type-post","status-publish","format-standard","hentry","category-nachrichten"],"yoast_head":"<!-- This site is optimized with the Yoast SEO plugin v27.3 - https:\/\/yoast.com\/product\/yoast-seo-wordpress\/ -->\n<title>Buch Mein finnisches Lieblingswort wurde ver\u00f6ffentlicht - Suomi-Saksa Yhdistysten Liitto ry<\/title>\n<meta name=\"robots\" content=\"index, follow, max-snippet:-1, max-image-preview:large, max-video-preview:-1\" \/>\n<link rel=\"canonical\" href=\"https:\/\/www.ssyl.fi\/de\/nachrichten\/buch-mein-finnisches-lieblingswort-bestellen-sie-jetzt-ihr-eigenes-exemplar\/\" \/>\n<meta property=\"og:locale\" content=\"de_DE\" \/>\n<meta property=\"og:type\" content=\"article\" \/>\n<meta property=\"og:title\" content=\"Buch Mein finnisches Lieblingswort wurde ver\u00f6ffentlicht - Suomi-Saksa Yhdistysten Liitto ry\" \/>\n<meta property=\"og:description\" content=\"Das Buch Mein finnisches Lieblingswort, das als Gemeinschaftsprojekt des SSYL und seiner deutschen Schwesterorganisation der Deutsch-Finnischen Gesellschaft entstanden ist, wurde feierlich aus dem Anlass 40 Jahre SSYL am 28.10.2023 in Tampere ver\u00f6ffentlicht. Das Lieblingswort aller Lieblingsworte sei laut Dieter Hermann Schmitz, der in der Redaktionsarbeit von Luise Liefl\u00e4nder-Leskinen und Paula Schuth vom SSYL und von [&hellip;]\" \/>\n<meta property=\"og:url\" content=\"https:\/\/www.ssyl.fi\/de\/nachrichten\/buch-mein-finnisches-lieblingswort-bestellen-sie-jetzt-ihr-eigenes-exemplar\/\" \/>\n<meta property=\"og:site_name\" content=\"Suomi-Saksa Yhdistysten Liitto ry\" \/>\n<meta property=\"article:publisher\" content=\"http:\/\/www.facebook.com\/ssyl.fi\" \/>\n<meta property=\"article:published_time\" content=\"2023-10-30T12:35:46+00:00\" \/>\n<meta property=\"article:modified_time\" content=\"2024-01-04T08:58:40+00:00\" \/>\n<meta property=\"og:image\" content=\"https:\/\/www.ssyl.fi\/content\/uploads\/2023\/10\/00_Titelbild_B-200x300.jpg\" \/>\n<meta name=\"author\" content=\"Sanne Tschirpke\" \/>\n<meta name=\"twitter:card\" content=\"summary_large_image\" \/>\n<meta name=\"twitter:label1\" content=\"Written by\" \/>\n\t<meta name=\"twitter:data1\" content=\"Sanne Tschirpke\" \/>\n\t<meta name=\"twitter:label2\" content=\"Est. reading time\" \/>\n\t<meta name=\"twitter:data2\" content=\"1 minute\" \/>\n<script type=\"application\/ld+json\" class=\"yoast-schema-graph\">{\"@context\":\"https:\\\/\\\/schema.org\",\"@graph\":[{\"@type\":\"Article\",\"@id\":\"https:\\\/\\\/www.ssyl.fi\\\/de\\\/nachrichten\\\/buch-mein-finnisches-lieblingswort-bestellen-sie-jetzt-ihr-eigenes-exemplar\\\/#article\",\"isPartOf\":{\"@id\":\"https:\\\/\\\/www.ssyl.fi\\\/de\\\/nachrichten\\\/buch-mein-finnisches-lieblingswort-bestellen-sie-jetzt-ihr-eigenes-exemplar\\\/\"},\"author\":{\"name\":\"Sanne Tschirpke\",\"@id\":\"https:\\\/\\\/www.ssyl.fi\\\/de\\\/#\\\/schema\\\/person\\\/2b96b83814fe1017549ecea7835ab645\"},\"headline\":\"Buch Mein finnisches Lieblingswort wurde ver\u00f6ffentlicht\",\"datePublished\":\"2023-10-30T12:35:46+00:00\",\"dateModified\":\"2024-01-04T08:58:40+00:00\",\"mainEntityOfPage\":{\"@id\":\"https:\\\/\\\/www.ssyl.fi\\\/de\\\/nachrichten\\\/buch-mein-finnisches-lieblingswort-bestellen-sie-jetzt-ihr-eigenes-exemplar\\\/\"},\"wordCount\":113,\"image\":{\"@id\":\"https:\\\/\\\/www.ssyl.fi\\\/de\\\/nachrichten\\\/buch-mein-finnisches-lieblingswort-bestellen-sie-jetzt-ihr-eigenes-exemplar\\\/#primaryimage\"},\"thumbnailUrl\":\"https:\\\/\\\/www.ssyl.fi\\\/content\\\/uploads\\\/2023\\\/10\\\/00_Titelbild_B-200x300.jpg\",\"articleSection\":[\"Nachrichten\"],\"inLanguage\":\"de-DE\"},{\"@type\":\"WebPage\",\"@id\":\"https:\\\/\\\/www.ssyl.fi\\\/de\\\/nachrichten\\\/buch-mein-finnisches-lieblingswort-bestellen-sie-jetzt-ihr-eigenes-exemplar\\\/\",\"url\":\"https:\\\/\\\/www.ssyl.fi\\\/de\\\/nachrichten\\\/buch-mein-finnisches-lieblingswort-bestellen-sie-jetzt-ihr-eigenes-exemplar\\\/\",\"name\":\"Buch Mein finnisches Lieblingswort wurde ver\u00f6ffentlicht - Suomi-Saksa Yhdistysten Liitto ry\",\"isPartOf\":{\"@id\":\"https:\\\/\\\/www.ssyl.fi\\\/de\\\/#website\"},\"primaryImageOfPage\":{\"@id\":\"https:\\\/\\\/www.ssyl.fi\\\/de\\\/nachrichten\\\/buch-mein-finnisches-lieblingswort-bestellen-sie-jetzt-ihr-eigenes-exemplar\\\/#primaryimage\"},\"image\":{\"@id\":\"https:\\\/\\\/www.ssyl.fi\\\/de\\\/nachrichten\\\/buch-mein-finnisches-lieblingswort-bestellen-sie-jetzt-ihr-eigenes-exemplar\\\/#primaryimage\"},\"thumbnailUrl\":\"https:\\\/\\\/www.ssyl.fi\\\/content\\\/uploads\\\/2023\\\/10\\\/00_Titelbild_B-200x300.jpg\",\"datePublished\":\"2023-10-30T12:35:46+00:00\",\"dateModified\":\"2024-01-04T08:58:40+00:00\",\"author\":{\"@id\":\"https:\\\/\\\/www.ssyl.fi\\\/de\\\/#\\\/schema\\\/person\\\/2b96b83814fe1017549ecea7835ab645\"},\"breadcrumb\":{\"@id\":\"https:\\\/\\\/www.ssyl.fi\\\/de\\\/nachrichten\\\/buch-mein-finnisches-lieblingswort-bestellen-sie-jetzt-ihr-eigenes-exemplar\\\/#breadcrumb\"},\"inLanguage\":\"de-DE\",\"potentialAction\":[{\"@type\":\"ReadAction\",\"target\":[\"https:\\\/\\\/www.ssyl.fi\\\/de\\\/nachrichten\\\/buch-mein-finnisches-lieblingswort-bestellen-sie-jetzt-ihr-eigenes-exemplar\\\/\"]}]},{\"@type\":\"ImageObject\",\"inLanguage\":\"de-DE\",\"@id\":\"https:\\\/\\\/www.ssyl.fi\\\/de\\\/nachrichten\\\/buch-mein-finnisches-lieblingswort-bestellen-sie-jetzt-ihr-eigenes-exemplar\\\/#primaryimage\",\"url\":\"https:\\\/\\\/www.ssyl.fi\\\/content\\\/uploads\\\/2023\\\/10\\\/00_Titelbild_B-200x300.jpg\",\"contentUrl\":\"https:\\\/\\\/www.ssyl.fi\\\/content\\\/uploads\\\/2023\\\/10\\\/00_Titelbild_B-200x300.jpg\"},{\"@type\":\"BreadcrumbList\",\"@id\":\"https:\\\/\\\/www.ssyl.fi\\\/de\\\/nachrichten\\\/buch-mein-finnisches-lieblingswort-bestellen-sie-jetzt-ihr-eigenes-exemplar\\\/#breadcrumb\",\"itemListElement\":[{\"@type\":\"ListItem\",\"position\":1,\"name\":\"Home\",\"item\":\"https:\\\/\\\/www.ssyl.fi\\\/de\\\/\"},{\"@type\":\"ListItem\",\"position\":2,\"name\":\"Buch Mein finnisches Lieblingswort wurde ver\u00f6ffentlicht\"}]},{\"@type\":\"WebSite\",\"@id\":\"https:\\\/\\\/www.ssyl.fi\\\/de\\\/#website\",\"url\":\"https:\\\/\\\/www.ssyl.fi\\\/de\\\/\",\"name\":\"Suomi-Saksa Yhdistysten Liitto ry\",\"description\":\"\",\"potentialAction\":[{\"@type\":\"SearchAction\",\"target\":{\"@type\":\"EntryPoint\",\"urlTemplate\":\"https:\\\/\\\/www.ssyl.fi\\\/de\\\/?s={search_term_string}\"},\"query-input\":{\"@type\":\"PropertyValueSpecification\",\"valueRequired\":true,\"valueName\":\"search_term_string\"}}],\"inLanguage\":\"de-DE\"},{\"@type\":\"Person\",\"@id\":\"https:\\\/\\\/www.ssyl.fi\\\/de\\\/#\\\/schema\\\/person\\\/2b96b83814fe1017549ecea7835ab645\",\"name\":\"Sanne Tschirpke\",\"image\":{\"@type\":\"ImageObject\",\"inLanguage\":\"de-DE\",\"@id\":\"https:\\\/\\\/secure.gravatar.com\\\/avatar\\\/4a2ea52953ac4c1367629a4bd7292c38deb562fa5b6d057ac08ea326024dc662?s=96&d=mm&r=g\",\"url\":\"https:\\\/\\\/secure.gravatar.com\\\/avatar\\\/4a2ea52953ac4c1367629a4bd7292c38deb562fa5b6d057ac08ea326024dc662?s=96&d=mm&r=g\",\"contentUrl\":\"https:\\\/\\\/secure.gravatar.com\\\/avatar\\\/4a2ea52953ac4c1367629a4bd7292c38deb562fa5b6d057ac08ea326024dc662?s=96&d=mm&r=g\",\"caption\":\"Sanne Tschirpke\"},\"url\":\"https:\\\/\\\/www.ssyl.fi\\\/de\\\/author\\\/ssyl\\\/\"}]}<\/script>\n<!-- \/ Yoast SEO plugin. -->","yoast_head_json":{"title":"Buch Mein finnisches Lieblingswort wurde ver\u00f6ffentlicht - Suomi-Saksa Yhdistysten Liitto ry","robots":{"index":"index","follow":"follow","max-snippet":"max-snippet:-1","max-image-preview":"max-image-preview:large","max-video-preview":"max-video-preview:-1"},"canonical":"https:\/\/www.ssyl.fi\/de\/nachrichten\/buch-mein-finnisches-lieblingswort-bestellen-sie-jetzt-ihr-eigenes-exemplar\/","og_locale":"de_DE","og_type":"article","og_title":"Buch Mein finnisches Lieblingswort wurde ver\u00f6ffentlicht - Suomi-Saksa Yhdistysten Liitto ry","og_description":"Das Buch Mein finnisches Lieblingswort, das als Gemeinschaftsprojekt des SSYL und seiner deutschen Schwesterorganisation der Deutsch-Finnischen Gesellschaft entstanden ist, wurde feierlich aus dem Anlass 40 Jahre SSYL am 28.10.2023 in Tampere ver\u00f6ffentlicht. Das Lieblingswort aller Lieblingsworte sei laut Dieter Hermann Schmitz, der in der Redaktionsarbeit von Luise Liefl\u00e4nder-Leskinen und Paula Schuth vom SSYL und von [&hellip;]","og_url":"https:\/\/www.ssyl.fi\/de\/nachrichten\/buch-mein-finnisches-lieblingswort-bestellen-sie-jetzt-ihr-eigenes-exemplar\/","og_site_name":"Suomi-Saksa Yhdistysten Liitto ry","article_publisher":"http:\/\/www.facebook.com\/ssyl.fi","article_published_time":"2023-10-30T12:35:46+00:00","article_modified_time":"2024-01-04T08:58:40+00:00","og_image":[{"url":"https:\/\/www.ssyl.fi\/content\/uploads\/2023\/10\/00_Titelbild_B-200x300.jpg","type":"","width":"","height":""}],"author":"Sanne Tschirpke","twitter_card":"summary_large_image","twitter_misc":{"Written by":"Sanne Tschirpke","Est. reading time":"1 minute"},"schema":{"@context":"https:\/\/schema.org","@graph":[{"@type":"Article","@id":"https:\/\/www.ssyl.fi\/de\/nachrichten\/buch-mein-finnisches-lieblingswort-bestellen-sie-jetzt-ihr-eigenes-exemplar\/#article","isPartOf":{"@id":"https:\/\/www.ssyl.fi\/de\/nachrichten\/buch-mein-finnisches-lieblingswort-bestellen-sie-jetzt-ihr-eigenes-exemplar\/"},"author":{"name":"Sanne Tschirpke","@id":"https:\/\/www.ssyl.fi\/de\/#\/schema\/person\/2b96b83814fe1017549ecea7835ab645"},"headline":"Buch Mein finnisches Lieblingswort wurde ver\u00f6ffentlicht","datePublished":"2023-10-30T12:35:46+00:00","dateModified":"2024-01-04T08:58:40+00:00","mainEntityOfPage":{"@id":"https:\/\/www.ssyl.fi\/de\/nachrichten\/buch-mein-finnisches-lieblingswort-bestellen-sie-jetzt-ihr-eigenes-exemplar\/"},"wordCount":113,"image":{"@id":"https:\/\/www.ssyl.fi\/de\/nachrichten\/buch-mein-finnisches-lieblingswort-bestellen-sie-jetzt-ihr-eigenes-exemplar\/#primaryimage"},"thumbnailUrl":"https:\/\/www.ssyl.fi\/content\/uploads\/2023\/10\/00_Titelbild_B-200x300.jpg","articleSection":["Nachrichten"],"inLanguage":"de-DE"},{"@type":"WebPage","@id":"https:\/\/www.ssyl.fi\/de\/nachrichten\/buch-mein-finnisches-lieblingswort-bestellen-sie-jetzt-ihr-eigenes-exemplar\/","url":"https:\/\/www.ssyl.fi\/de\/nachrichten\/buch-mein-finnisches-lieblingswort-bestellen-sie-jetzt-ihr-eigenes-exemplar\/","name":"Buch Mein finnisches Lieblingswort wurde ver\u00f6ffentlicht - Suomi-Saksa Yhdistysten Liitto ry","isPartOf":{"@id":"https:\/\/www.ssyl.fi\/de\/#website"},"primaryImageOfPage":{"@id":"https:\/\/www.ssyl.fi\/de\/nachrichten\/buch-mein-finnisches-lieblingswort-bestellen-sie-jetzt-ihr-eigenes-exemplar\/#primaryimage"},"image":{"@id":"https:\/\/www.ssyl.fi\/de\/nachrichten\/buch-mein-finnisches-lieblingswort-bestellen-sie-jetzt-ihr-eigenes-exemplar\/#primaryimage"},"thumbnailUrl":"https:\/\/www.ssyl.fi\/content\/uploads\/2023\/10\/00_Titelbild_B-200x300.jpg","datePublished":"2023-10-30T12:35:46+00:00","dateModified":"2024-01-04T08:58:40+00:00","author":{"@id":"https:\/\/www.ssyl.fi\/de\/#\/schema\/person\/2b96b83814fe1017549ecea7835ab645"},"breadcrumb":{"@id":"https:\/\/www.ssyl.fi\/de\/nachrichten\/buch-mein-finnisches-lieblingswort-bestellen-sie-jetzt-ihr-eigenes-exemplar\/#breadcrumb"},"inLanguage":"de-DE","potentialAction":[{"@type":"ReadAction","target":["https:\/\/www.ssyl.fi\/de\/nachrichten\/buch-mein-finnisches-lieblingswort-bestellen-sie-jetzt-ihr-eigenes-exemplar\/"]}]},{"@type":"ImageObject","inLanguage":"de-DE","@id":"https:\/\/www.ssyl.fi\/de\/nachrichten\/buch-mein-finnisches-lieblingswort-bestellen-sie-jetzt-ihr-eigenes-exemplar\/#primaryimage","url":"https:\/\/www.ssyl.fi\/content\/uploads\/2023\/10\/00_Titelbild_B-200x300.jpg","contentUrl":"https:\/\/www.ssyl.fi\/content\/uploads\/2023\/10\/00_Titelbild_B-200x300.jpg"},{"@type":"BreadcrumbList","@id":"https:\/\/www.ssyl.fi\/de\/nachrichten\/buch-mein-finnisches-lieblingswort-bestellen-sie-jetzt-ihr-eigenes-exemplar\/#breadcrumb","itemListElement":[{"@type":"ListItem","position":1,"name":"Home","item":"https:\/\/www.ssyl.fi\/de\/"},{"@type":"ListItem","position":2,"name":"Buch Mein finnisches Lieblingswort wurde ver\u00f6ffentlicht"}]},{"@type":"WebSite","@id":"https:\/\/www.ssyl.fi\/de\/#website","url":"https:\/\/www.ssyl.fi\/de\/","name":"Suomi-Saksa Yhdistysten Liitto ry","description":"","potentialAction":[{"@type":"SearchAction","target":{"@type":"EntryPoint","urlTemplate":"https:\/\/www.ssyl.fi\/de\/?s={search_term_string}"},"query-input":{"@type":"PropertyValueSpecification","valueRequired":true,"valueName":"search_term_string"}}],"inLanguage":"de-DE"},{"@type":"Person","@id":"https:\/\/www.ssyl.fi\/de\/#\/schema\/person\/2b96b83814fe1017549ecea7835ab645","name":"Sanne Tschirpke","image":{"@type":"ImageObject","inLanguage":"de-DE","@id":"https:\/\/secure.gravatar.com\/avatar\/4a2ea52953ac4c1367629a4bd7292c38deb562fa5b6d057ac08ea326024dc662?s=96&d=mm&r=g","url":"https:\/\/secure.gravatar.com\/avatar\/4a2ea52953ac4c1367629a4bd7292c38deb562fa5b6d057ac08ea326024dc662?s=96&d=mm&r=g","contentUrl":"https:\/\/secure.gravatar.com\/avatar\/4a2ea52953ac4c1367629a4bd7292c38deb562fa5b6d057ac08ea326024dc662?s=96&d=mm&r=g","caption":"Sanne Tschirpke"},"url":"https:\/\/www.ssyl.fi\/de\/author\/ssyl\/"}]}},"_links":{"self":[{"href":"https:\/\/www.ssyl.fi\/de\/wp-json\/wp\/v2\/posts\/10493","targetHints":{"allow":["GET"]}}],"collection":[{"href":"https:\/\/www.ssyl.fi\/de\/wp-json\/wp\/v2\/posts"}],"about":[{"href":"https:\/\/www.ssyl.fi\/de\/wp-json\/wp\/v2\/types\/post"}],"author":[{"embeddable":true,"href":"https:\/\/www.ssyl.fi\/de\/wp-json\/wp\/v2\/users\/2"}],"replies":[{"embeddable":true,"href":"https:\/\/www.ssyl.fi\/de\/wp-json\/wp\/v2\/comments?post=10493"}],"version-history":[{"count":5,"href":"https:\/\/www.ssyl.fi\/de\/wp-json\/wp\/v2\/posts\/10493\/revisions"}],"predecessor-version":[{"id":10573,"href":"https:\/\/www.ssyl.fi\/de\/wp-json\/wp\/v2\/posts\/10493\/revisions\/10573"}],"wp:attachment":[{"href":"https:\/\/www.ssyl.fi\/de\/wp-json\/wp\/v2\/media?parent=10493"}],"wp:term":[{"taxonomy":"category","embeddable":true,"href":"https:\/\/www.ssyl.fi\/de\/wp-json\/wp\/v2\/categories?post=10493"},{"taxonomy":"post_tag","embeddable":true,"href":"https:\/\/www.ssyl.fi\/de\/wp-json\/wp\/v2\/tags?post=10493"}],"curies":[{"name":"wp","href":"https:\/\/api.w.org\/{rel}","templated":true}]}}