{"id":10958,"date":"2024-05-21T13:34:08","date_gmt":"2024-05-21T10:34:08","guid":{"rendered":"https:\/\/www.ssyl.fi\/?p=10958"},"modified":"2024-06-14T08:14:24","modified_gmt":"2024-06-14T05:14:24","slug":"sommeroeffnungszeiten-2024","status":"publish","type":"post","link":"https:\/\/www.ssyl.fi\/de\/nachrichten\/sommeroeffnungszeiten-2024\/","title":{"rendered":"Sommer\u00f6ffnungszeiten 2024"},"content":{"rendered":"<p>Im Juni und August 2024 ist unser B\u00fcro in der Regel montags, dienstags und freitags erreichbar.<\/p>\n<p>Zwischen 17.\u201323.6.2024 bleibt unser B\u00fcro geschlossen genau wie in der Zeit vom 1.7. bis zum 28.7 und am 9.8.<\/p>\n<p>Gastsch\u00fcler k\u00f6nnen beim Bedarf Kontakt mit Rainer Otto von der Deutsch-Finnischen Gesellschaft (DFG) aufnehmen: rainer.otto(at)finngast.de \/ rainer.otto(at)deutsch-finnische-gesellschaft.de, +49 177 174 4454<\/p>\n","protected":false},"excerpt":{"rendered":"<p>Im Juni und August 2024 ist unser B\u00fcro in der Regel montags, dienstags und freitags erreichbar. Zwischen 17.\u201323.6.2024 bleibt unser B\u00fcro geschlossen genau wie in der Zeit vom 1.7. bis zum 28.7 und am 9.8. Gastsch\u00fcler k\u00f6nnen beim Bedarf Kontakt mit Rainer Otto von der Deutsch-Finnischen Gesellschaft (DFG) aufnehmen: rainer.otto(at)finngast.de \/ rainer.otto(at)deutsch-finnische-gesellschaft.de, +49 177 174 [&hellip;]<\/p>\n","protected":false},"author":2,"featured_media":0,"comment_status":"closed","ping_status":"closed","sticky":false,"template":"","format":"standard","meta":{"footnotes":""},"categories":[3],"tags":[],"class_list":["post-10958","post","type-post","status-publish","format-standard","hentry","category-nachrichten"],"yoast_head":"<!-- This site is optimized with the Yoast SEO plugin v27.3 - https:\/\/yoast.com\/product\/yoast-seo-wordpress\/ -->\n<title>Sommer\u00f6ffnungszeiten 2024 - Suomi-Saksa Yhdistysten Liitto ry<\/title>\n<meta name=\"robots\" content=\"index, follow, max-snippet:-1, max-image-preview:large, max-video-preview:-1\" \/>\n<link rel=\"canonical\" href=\"https:\/\/www.ssyl.fi\/de\/nachrichten\/sommeroeffnungszeiten-2024\/\" \/>\n<meta property=\"og:locale\" content=\"de_DE\" \/>\n<meta property=\"og:type\" content=\"article\" \/>\n<meta property=\"og:title\" content=\"Sommer\u00f6ffnungszeiten 2024 - Suomi-Saksa Yhdistysten Liitto ry\" \/>\n<meta property=\"og:description\" content=\"Im Juni und August 2024 ist unser B\u00fcro in der Regel montags, dienstags und freitags erreichbar. Zwischen 17.\u201323.6.2024 bleibt unser B\u00fcro geschlossen genau wie in der Zeit vom 1.7. bis zum 28.7 und am 9.8. Gastsch\u00fcler k\u00f6nnen beim Bedarf Kontakt mit Rainer Otto von der Deutsch-Finnischen Gesellschaft (DFG) aufnehmen: rainer.otto(at)finngast.de \/ rainer.otto(at)deutsch-finnische-gesellschaft.de, +49 177 174 [&hellip;]\" \/>\n<meta property=\"og:url\" content=\"https:\/\/www.ssyl.fi\/de\/nachrichten\/sommeroeffnungszeiten-2024\/\" \/>\n<meta property=\"og:site_name\" content=\"Suomi-Saksa Yhdistysten Liitto ry\" \/>\n<meta property=\"article:publisher\" content=\"http:\/\/www.facebook.com\/ssyl.fi\" \/>\n<meta property=\"article:published_time\" content=\"2024-05-21T10:34:08+00:00\" \/>\n<meta property=\"article:modified_time\" content=\"2024-06-14T05:14:24+00:00\" \/>\n<meta property=\"og:image\" content=\"https:\/\/www.ssyl.fi\/content\/uploads\/2019\/10\/some-jako_FB_1200x630px.jpg\" \/>\n\t<meta property=\"og:image:width\" content=\"1200\" \/>\n\t<meta property=\"og:image:height\" content=\"630\" \/>\n\t<meta property=\"og:image:type\" content=\"image\/jpeg\" \/>\n<meta name=\"author\" content=\"Sanne Tschirpke\" \/>\n<meta name=\"twitter:card\" content=\"summary_large_image\" \/>\n<meta name=\"twitter:label1\" content=\"Written by\" \/>\n\t<meta name=\"twitter:data1\" content=\"Sanne Tschirpke\" \/>\n\t<meta name=\"twitter:label2\" content=\"Est. reading time\" \/>\n\t<meta name=\"twitter:data2\" content=\"1 minute\" \/>\n<script type=\"application\/ld+json\" class=\"yoast-schema-graph\">{\"@context\":\"https:\\\/\\\/schema.org\",\"@graph\":[{\"@type\":\"Article\",\"@id\":\"https:\\\/\\\/www.ssyl.fi\\\/de\\\/nachrichten\\\/sommeroeffnungszeiten-2024\\\/#article\",\"isPartOf\":{\"@id\":\"https:\\\/\\\/www.ssyl.fi\\\/de\\\/nachrichten\\\/sommeroeffnungszeiten-2024\\\/\"},\"author\":{\"name\":\"Sanne Tschirpke\",\"@id\":\"https:\\\/\\\/www.ssyl.fi\\\/de\\\/#\\\/schema\\\/person\\\/2b96b83814fe1017549ecea7835ab645\"},\"headline\":\"Sommer\u00f6ffnungszeiten 2024\",\"datePublished\":\"2024-05-21T10:34:08+00:00\",\"dateModified\":\"2024-06-14T05:14:24+00:00\",\"mainEntityOfPage\":{\"@id\":\"https:\\\/\\\/www.ssyl.fi\\\/de\\\/nachrichten\\\/sommeroeffnungszeiten-2024\\\/\"},\"wordCount\":60,\"articleSection\":[\"Nachrichten\"],\"inLanguage\":\"de-DE\"},{\"@type\":\"WebPage\",\"@id\":\"https:\\\/\\\/www.ssyl.fi\\\/de\\\/nachrichten\\\/sommeroeffnungszeiten-2024\\\/\",\"url\":\"https:\\\/\\\/www.ssyl.fi\\\/de\\\/nachrichten\\\/sommeroeffnungszeiten-2024\\\/\",\"name\":\"Sommer\u00f6ffnungszeiten 2024 - Suomi-Saksa Yhdistysten Liitto ry\",\"isPartOf\":{\"@id\":\"https:\\\/\\\/www.ssyl.fi\\\/de\\\/#website\"},\"datePublished\":\"2024-05-21T10:34:08+00:00\",\"dateModified\":\"2024-06-14T05:14:24+00:00\",\"author\":{\"@id\":\"https:\\\/\\\/www.ssyl.fi\\\/de\\\/#\\\/schema\\\/person\\\/2b96b83814fe1017549ecea7835ab645\"},\"breadcrumb\":{\"@id\":\"https:\\\/\\\/www.ssyl.fi\\\/de\\\/nachrichten\\\/sommeroeffnungszeiten-2024\\\/#breadcrumb\"},\"inLanguage\":\"de-DE\",\"potentialAction\":[{\"@type\":\"ReadAction\",\"target\":[\"https:\\\/\\\/www.ssyl.fi\\\/de\\\/nachrichten\\\/sommeroeffnungszeiten-2024\\\/\"]}]},{\"@type\":\"BreadcrumbList\",\"@id\":\"https:\\\/\\\/www.ssyl.fi\\\/de\\\/nachrichten\\\/sommeroeffnungszeiten-2024\\\/#breadcrumb\",\"itemListElement\":[{\"@type\":\"ListItem\",\"position\":1,\"name\":\"Home\",\"item\":\"https:\\\/\\\/www.ssyl.fi\\\/de\\\/\"},{\"@type\":\"ListItem\",\"position\":2,\"name\":\"Sommer\u00f6ffnungszeiten 2024\"}]},{\"@type\":\"WebSite\",\"@id\":\"https:\\\/\\\/www.ssyl.fi\\\/de\\\/#website\",\"url\":\"https:\\\/\\\/www.ssyl.fi\\\/de\\\/\",\"name\":\"Suomi-Saksa Yhdistysten Liitto ry\",\"description\":\"\",\"potentialAction\":[{\"@type\":\"SearchAction\",\"target\":{\"@type\":\"EntryPoint\",\"urlTemplate\":\"https:\\\/\\\/www.ssyl.fi\\\/de\\\/?s={search_term_string}\"},\"query-input\":{\"@type\":\"PropertyValueSpecification\",\"valueRequired\":true,\"valueName\":\"search_term_string\"}}],\"inLanguage\":\"de-DE\"},{\"@type\":\"Person\",\"@id\":\"https:\\\/\\\/www.ssyl.fi\\\/de\\\/#\\\/schema\\\/person\\\/2b96b83814fe1017549ecea7835ab645\",\"name\":\"Sanne Tschirpke\",\"image\":{\"@type\":\"ImageObject\",\"inLanguage\":\"de-DE\",\"@id\":\"https:\\\/\\\/secure.gravatar.com\\\/avatar\\\/4a2ea52953ac4c1367629a4bd7292c38deb562fa5b6d057ac08ea326024dc662?s=96&d=mm&r=g\",\"url\":\"https:\\\/\\\/secure.gravatar.com\\\/avatar\\\/4a2ea52953ac4c1367629a4bd7292c38deb562fa5b6d057ac08ea326024dc662?s=96&d=mm&r=g\",\"contentUrl\":\"https:\\\/\\\/secure.gravatar.com\\\/avatar\\\/4a2ea52953ac4c1367629a4bd7292c38deb562fa5b6d057ac08ea326024dc662?s=96&d=mm&r=g\",\"caption\":\"Sanne Tschirpke\"},\"url\":\"https:\\\/\\\/www.ssyl.fi\\\/de\\\/author\\\/ssyl\\\/\"}]}<\/script>\n<!-- \/ Yoast SEO plugin. -->","yoast_head_json":{"title":"Sommer\u00f6ffnungszeiten 2024 - Suomi-Saksa Yhdistysten Liitto ry","robots":{"index":"index","follow":"follow","max-snippet":"max-snippet:-1","max-image-preview":"max-image-preview:large","max-video-preview":"max-video-preview:-1"},"canonical":"https:\/\/www.ssyl.fi\/de\/nachrichten\/sommeroeffnungszeiten-2024\/","og_locale":"de_DE","og_type":"article","og_title":"Sommer\u00f6ffnungszeiten 2024 - Suomi-Saksa Yhdistysten Liitto ry","og_description":"Im Juni und August 2024 ist unser B\u00fcro in der Regel montags, dienstags und freitags erreichbar. Zwischen 17.\u201323.6.2024 bleibt unser B\u00fcro geschlossen genau wie in der Zeit vom 1.7. bis zum 28.7 und am 9.8. Gastsch\u00fcler k\u00f6nnen beim Bedarf Kontakt mit Rainer Otto von der Deutsch-Finnischen Gesellschaft (DFG) aufnehmen: rainer.otto(at)finngast.de \/ rainer.otto(at)deutsch-finnische-gesellschaft.de, +49 177 174 [&hellip;]","og_url":"https:\/\/www.ssyl.fi\/de\/nachrichten\/sommeroeffnungszeiten-2024\/","og_site_name":"Suomi-Saksa Yhdistysten Liitto ry","article_publisher":"http:\/\/www.facebook.com\/ssyl.fi","article_published_time":"2024-05-21T10:34:08+00:00","article_modified_time":"2024-06-14T05:14:24+00:00","og_image":[{"width":1200,"height":630,"url":"https:\/\/www.ssyl.fi\/content\/uploads\/2019\/10\/some-jako_FB_1200x630px.jpg","type":"image\/jpeg"}],"author":"Sanne Tschirpke","twitter_card":"summary_large_image","twitter_misc":{"Written by":"Sanne Tschirpke","Est. reading time":"1 minute"},"schema":{"@context":"https:\/\/schema.org","@graph":[{"@type":"Article","@id":"https:\/\/www.ssyl.fi\/de\/nachrichten\/sommeroeffnungszeiten-2024\/#article","isPartOf":{"@id":"https:\/\/www.ssyl.fi\/de\/nachrichten\/sommeroeffnungszeiten-2024\/"},"author":{"name":"Sanne Tschirpke","@id":"https:\/\/www.ssyl.fi\/de\/#\/schema\/person\/2b96b83814fe1017549ecea7835ab645"},"headline":"Sommer\u00f6ffnungszeiten 2024","datePublished":"2024-05-21T10:34:08+00:00","dateModified":"2024-06-14T05:14:24+00:00","mainEntityOfPage":{"@id":"https:\/\/www.ssyl.fi\/de\/nachrichten\/sommeroeffnungszeiten-2024\/"},"wordCount":60,"articleSection":["Nachrichten"],"inLanguage":"de-DE"},{"@type":"WebPage","@id":"https:\/\/www.ssyl.fi\/de\/nachrichten\/sommeroeffnungszeiten-2024\/","url":"https:\/\/www.ssyl.fi\/de\/nachrichten\/sommeroeffnungszeiten-2024\/","name":"Sommer\u00f6ffnungszeiten 2024 - Suomi-Saksa Yhdistysten Liitto ry","isPartOf":{"@id":"https:\/\/www.ssyl.fi\/de\/#website"},"datePublished":"2024-05-21T10:34:08+00:00","dateModified":"2024-06-14T05:14:24+00:00","author":{"@id":"https:\/\/www.ssyl.fi\/de\/#\/schema\/person\/2b96b83814fe1017549ecea7835ab645"},"breadcrumb":{"@id":"https:\/\/www.ssyl.fi\/de\/nachrichten\/sommeroeffnungszeiten-2024\/#breadcrumb"},"inLanguage":"de-DE","potentialAction":[{"@type":"ReadAction","target":["https:\/\/www.ssyl.fi\/de\/nachrichten\/sommeroeffnungszeiten-2024\/"]}]},{"@type":"BreadcrumbList","@id":"https:\/\/www.ssyl.fi\/de\/nachrichten\/sommeroeffnungszeiten-2024\/#breadcrumb","itemListElement":[{"@type":"ListItem","position":1,"name":"Home","item":"https:\/\/www.ssyl.fi\/de\/"},{"@type":"ListItem","position":2,"name":"Sommer\u00f6ffnungszeiten 2024"}]},{"@type":"WebSite","@id":"https:\/\/www.ssyl.fi\/de\/#website","url":"https:\/\/www.ssyl.fi\/de\/","name":"Suomi-Saksa Yhdistysten Liitto ry","description":"","potentialAction":[{"@type":"SearchAction","target":{"@type":"EntryPoint","urlTemplate":"https:\/\/www.ssyl.fi\/de\/?s={search_term_string}"},"query-input":{"@type":"PropertyValueSpecification","valueRequired":true,"valueName":"search_term_string"}}],"inLanguage":"de-DE"},{"@type":"Person","@id":"https:\/\/www.ssyl.fi\/de\/#\/schema\/person\/2b96b83814fe1017549ecea7835ab645","name":"Sanne Tschirpke","image":{"@type":"ImageObject","inLanguage":"de-DE","@id":"https:\/\/secure.gravatar.com\/avatar\/4a2ea52953ac4c1367629a4bd7292c38deb562fa5b6d057ac08ea326024dc662?s=96&d=mm&r=g","url":"https:\/\/secure.gravatar.com\/avatar\/4a2ea52953ac4c1367629a4bd7292c38deb562fa5b6d057ac08ea326024dc662?s=96&d=mm&r=g","contentUrl":"https:\/\/secure.gravatar.com\/avatar\/4a2ea52953ac4c1367629a4bd7292c38deb562fa5b6d057ac08ea326024dc662?s=96&d=mm&r=g","caption":"Sanne Tschirpke"},"url":"https:\/\/www.ssyl.fi\/de\/author\/ssyl\/"}]}},"_links":{"self":[{"href":"https:\/\/www.ssyl.fi\/de\/wp-json\/wp\/v2\/posts\/10958","targetHints":{"allow":["GET"]}}],"collection":[{"href":"https:\/\/www.ssyl.fi\/de\/wp-json\/wp\/v2\/posts"}],"about":[{"href":"https:\/\/www.ssyl.fi\/de\/wp-json\/wp\/v2\/types\/post"}],"author":[{"embeddable":true,"href":"https:\/\/www.ssyl.fi\/de\/wp-json\/wp\/v2\/users\/2"}],"replies":[{"embeddable":true,"href":"https:\/\/www.ssyl.fi\/de\/wp-json\/wp\/v2\/comments?post=10958"}],"version-history":[{"count":4,"href":"https:\/\/www.ssyl.fi\/de\/wp-json\/wp\/v2\/posts\/10958\/revisions"}],"predecessor-version":[{"id":11009,"href":"https:\/\/www.ssyl.fi\/de\/wp-json\/wp\/v2\/posts\/10958\/revisions\/11009"}],"wp:attachment":[{"href":"https:\/\/www.ssyl.fi\/de\/wp-json\/wp\/v2\/media?parent=10958"}],"wp:term":[{"taxonomy":"category","embeddable":true,"href":"https:\/\/www.ssyl.fi\/de\/wp-json\/wp\/v2\/categories?post=10958"},{"taxonomy":"post_tag","embeddable":true,"href":"https:\/\/www.ssyl.fi\/de\/wp-json\/wp\/v2\/tags?post=10958"}],"curies":[{"name":"wp","href":"https:\/\/api.w.org\/{rel}","templated":true}]}}