{"id":11033,"date":"2024-06-28T09:37:12","date_gmt":"2024-06-28T06:37:12","guid":{"rendered":"https:\/\/www.ssyl.fi\/nachrichten\/haku-vaihto-oppilaaksi-saksaan-alkaa-1-10-2024\/"},"modified":"2024-06-28T09:41:47","modified_gmt":"2024-06-28T06:41:47","slug":"haku-vaihto-oppilaaksi-saksaan-vuodelle-2025-alkaa-1-10-2024","status":"publish","type":"post","link":"https:\/\/www.ssyl.fi\/de\/nachrichten\/haku-vaihto-oppilaaksi-saksaan-vuodelle-2025-alkaa-1-10-2024\/","title":{"rendered":"Haku vaihto-oppilaaksi Saksaan vuodelle 2025 alkaa 1.10.2024"},"content":{"rendered":"<p>Vaihto-oppilaspaikat vuodelle 2025 tulevat hakuun 1.10.2024. Hakuaika jatkuu tammikuun 2025 loppuun.<\/p>\n<ul>\n<li><a href=\"https:\/\/www.ssyl.fi\/de\/schueleraustausch\/\" target=\"_blank\" rel=\"noopener\">Lis\u00e4tietoja vaihdosta<\/a><\/li>\n<\/ul>\n<p>SSYL j\u00e4rjest\u00e4\u00e4 oppilasvaihtoa yhdess\u00e4 saksalaisen sisarj\u00e4rjest\u00f6ns\u00e4 Deutsch-Finnische Gesellschaftin (DFG) kanssa.<\/p>\n<p>Vuonna 2024 SSYL ja DFG j\u00e4rjestiv\u00e4t 54 vaihtopaikkaa suomalaisille yl\u00e4koululaisille ja lukiolaisille Saksasta sek\u00e4 20 vaihtopaikkaa Saksasta saapuville nuorille Suomesta.<\/p>\n","protected":false},"excerpt":{"rendered":"<p>Vaihto-oppilaspaikat vuodelle 2025 tulevat hakuun 1.10.2024. Hakuaika jatkuu tammikuun 2025 loppuun. Lis\u00e4tietoja vaihdosta SSYL j\u00e4rjest\u00e4\u00e4 oppilasvaihtoa yhdess\u00e4 saksalaisen sisarj\u00e4rjest\u00f6ns\u00e4 Deutsch-Finnische Gesellschaftin (DFG) kanssa. Vuonna 2024 SSYL ja DFG j\u00e4rjestiv\u00e4t 54 vaihtopaikkaa suomalaisille yl\u00e4koululaisille ja lukiolaisille Saksasta sek\u00e4 20 vaihtopaikkaa Saksasta saapuville nuorille Suomesta.<\/p>\n","protected":false},"author":2,"featured_media":0,"comment_status":"closed","ping_status":"closed","sticky":false,"template":"","format":"standard","meta":{"footnotes":""},"categories":[3],"tags":[],"class_list":["post-11033","post","type-post","status-publish","format-standard","hentry","category-nachrichten"],"yoast_head":"<!-- This site is optimized with the Yoast SEO plugin v27.3 - https:\/\/yoast.com\/product\/yoast-seo-wordpress\/ -->\n<title>Haku vaihto-oppilaaksi Saksaan vuodelle 2025 alkaa 1.10.2024 - Suomi-Saksa Yhdistysten Liitto ry<\/title>\n<meta name=\"robots\" content=\"index, follow, max-snippet:-1, max-image-preview:large, max-video-preview:-1\" \/>\n<link rel=\"canonical\" href=\"https:\/\/www.ssyl.fi\/de\/nachrichten\/haku-vaihto-oppilaaksi-saksaan-vuodelle-2025-alkaa-1-10-2024\/\" \/>\n<meta property=\"og:locale\" content=\"de_DE\" \/>\n<meta property=\"og:type\" content=\"article\" \/>\n<meta property=\"og:title\" content=\"Haku vaihto-oppilaaksi Saksaan vuodelle 2025 alkaa 1.10.2024 - Suomi-Saksa Yhdistysten Liitto ry\" \/>\n<meta property=\"og:description\" content=\"Vaihto-oppilaspaikat vuodelle 2025 tulevat hakuun 1.10.2024. Hakuaika jatkuu tammikuun 2025 loppuun. Lis\u00e4tietoja vaihdosta SSYL j\u00e4rjest\u00e4\u00e4 oppilasvaihtoa yhdess\u00e4 saksalaisen sisarj\u00e4rjest\u00f6ns\u00e4 Deutsch-Finnische Gesellschaftin (DFG) kanssa. Vuonna 2024 SSYL ja DFG j\u00e4rjestiv\u00e4t 54 vaihtopaikkaa suomalaisille yl\u00e4koululaisille ja lukiolaisille Saksasta sek\u00e4 20 vaihtopaikkaa Saksasta saapuville nuorille Suomesta.\" \/>\n<meta property=\"og:url\" content=\"https:\/\/www.ssyl.fi\/de\/nachrichten\/haku-vaihto-oppilaaksi-saksaan-vuodelle-2025-alkaa-1-10-2024\/\" \/>\n<meta property=\"og:site_name\" content=\"Suomi-Saksa Yhdistysten Liitto ry\" \/>\n<meta property=\"article:publisher\" content=\"http:\/\/www.facebook.com\/ssyl.fi\" \/>\n<meta property=\"article:published_time\" content=\"2024-06-28T06:37:12+00:00\" \/>\n<meta property=\"article:modified_time\" content=\"2024-06-28T06:41:47+00:00\" \/>\n<meta property=\"og:image\" content=\"https:\/\/www.ssyl.fi\/content\/uploads\/2019\/10\/some-jako_FB_1200x630px.jpg\" \/>\n\t<meta property=\"og:image:width\" content=\"1200\" \/>\n\t<meta property=\"og:image:height\" content=\"630\" \/>\n\t<meta property=\"og:image:type\" content=\"image\/jpeg\" \/>\n<meta name=\"author\" content=\"Sanne Tschirpke\" \/>\n<meta name=\"twitter:card\" content=\"summary_large_image\" \/>\n<meta name=\"twitter:label1\" content=\"Written by\" \/>\n\t<meta name=\"twitter:data1\" content=\"Sanne Tschirpke\" \/>\n\t<meta name=\"twitter:label2\" content=\"Est. reading time\" \/>\n\t<meta name=\"twitter:data2\" content=\"1 minute\" \/>\n<script type=\"application\/ld+json\" class=\"yoast-schema-graph\">{\"@context\":\"https:\\\/\\\/schema.org\",\"@graph\":[{\"@type\":\"Article\",\"@id\":\"https:\\\/\\\/www.ssyl.fi\\\/de\\\/nachrichten\\\/haku-vaihto-oppilaaksi-saksaan-vuodelle-2025-alkaa-1-10-2024\\\/#article\",\"isPartOf\":{\"@id\":\"https:\\\/\\\/www.ssyl.fi\\\/de\\\/nachrichten\\\/haku-vaihto-oppilaaksi-saksaan-vuodelle-2025-alkaa-1-10-2024\\\/\"},\"author\":{\"name\":\"Sanne Tschirpke\",\"@id\":\"https:\\\/\\\/www.ssyl.fi\\\/de\\\/#\\\/schema\\\/person\\\/2b96b83814fe1017549ecea7835ab645\"},\"headline\":\"Haku vaihto-oppilaaksi Saksaan vuodelle 2025 alkaa 1.10.2024\",\"datePublished\":\"2024-06-28T06:37:12+00:00\",\"dateModified\":\"2024-06-28T06:41:47+00:00\",\"mainEntityOfPage\":{\"@id\":\"https:\\\/\\\/www.ssyl.fi\\\/de\\\/nachrichten\\\/haku-vaihto-oppilaaksi-saksaan-vuodelle-2025-alkaa-1-10-2024\\\/\"},\"wordCount\":49,\"articleSection\":[\"Nachrichten\"],\"inLanguage\":\"de-DE\"},{\"@type\":\"WebPage\",\"@id\":\"https:\\\/\\\/www.ssyl.fi\\\/de\\\/nachrichten\\\/haku-vaihto-oppilaaksi-saksaan-vuodelle-2025-alkaa-1-10-2024\\\/\",\"url\":\"https:\\\/\\\/www.ssyl.fi\\\/de\\\/nachrichten\\\/haku-vaihto-oppilaaksi-saksaan-vuodelle-2025-alkaa-1-10-2024\\\/\",\"name\":\"Haku vaihto-oppilaaksi Saksaan vuodelle 2025 alkaa 1.10.2024 - Suomi-Saksa Yhdistysten Liitto ry\",\"isPartOf\":{\"@id\":\"https:\\\/\\\/www.ssyl.fi\\\/de\\\/#website\"},\"datePublished\":\"2024-06-28T06:37:12+00:00\",\"dateModified\":\"2024-06-28T06:41:47+00:00\",\"author\":{\"@id\":\"https:\\\/\\\/www.ssyl.fi\\\/de\\\/#\\\/schema\\\/person\\\/2b96b83814fe1017549ecea7835ab645\"},\"breadcrumb\":{\"@id\":\"https:\\\/\\\/www.ssyl.fi\\\/de\\\/nachrichten\\\/haku-vaihto-oppilaaksi-saksaan-vuodelle-2025-alkaa-1-10-2024\\\/#breadcrumb\"},\"inLanguage\":\"de-DE\",\"potentialAction\":[{\"@type\":\"ReadAction\",\"target\":[\"https:\\\/\\\/www.ssyl.fi\\\/de\\\/nachrichten\\\/haku-vaihto-oppilaaksi-saksaan-vuodelle-2025-alkaa-1-10-2024\\\/\"]}]},{\"@type\":\"BreadcrumbList\",\"@id\":\"https:\\\/\\\/www.ssyl.fi\\\/de\\\/nachrichten\\\/haku-vaihto-oppilaaksi-saksaan-vuodelle-2025-alkaa-1-10-2024\\\/#breadcrumb\",\"itemListElement\":[{\"@type\":\"ListItem\",\"position\":1,\"name\":\"Home\",\"item\":\"https:\\\/\\\/www.ssyl.fi\\\/de\\\/\"},{\"@type\":\"ListItem\",\"position\":2,\"name\":\"Haku vaihto-oppilaaksi Saksaan vuodelle 2025 alkaa 1.10.2024\"}]},{\"@type\":\"WebSite\",\"@id\":\"https:\\\/\\\/www.ssyl.fi\\\/de\\\/#website\",\"url\":\"https:\\\/\\\/www.ssyl.fi\\\/de\\\/\",\"name\":\"Suomi-Saksa Yhdistysten Liitto ry\",\"description\":\"\",\"potentialAction\":[{\"@type\":\"SearchAction\",\"target\":{\"@type\":\"EntryPoint\",\"urlTemplate\":\"https:\\\/\\\/www.ssyl.fi\\\/de\\\/?s={search_term_string}\"},\"query-input\":{\"@type\":\"PropertyValueSpecification\",\"valueRequired\":true,\"valueName\":\"search_term_string\"}}],\"inLanguage\":\"de-DE\"},{\"@type\":\"Person\",\"@id\":\"https:\\\/\\\/www.ssyl.fi\\\/de\\\/#\\\/schema\\\/person\\\/2b96b83814fe1017549ecea7835ab645\",\"name\":\"Sanne Tschirpke\",\"image\":{\"@type\":\"ImageObject\",\"inLanguage\":\"de-DE\",\"@id\":\"https:\\\/\\\/secure.gravatar.com\\\/avatar\\\/4a2ea52953ac4c1367629a4bd7292c38deb562fa5b6d057ac08ea326024dc662?s=96&d=mm&r=g\",\"url\":\"https:\\\/\\\/secure.gravatar.com\\\/avatar\\\/4a2ea52953ac4c1367629a4bd7292c38deb562fa5b6d057ac08ea326024dc662?s=96&d=mm&r=g\",\"contentUrl\":\"https:\\\/\\\/secure.gravatar.com\\\/avatar\\\/4a2ea52953ac4c1367629a4bd7292c38deb562fa5b6d057ac08ea326024dc662?s=96&d=mm&r=g\",\"caption\":\"Sanne Tschirpke\"},\"url\":\"https:\\\/\\\/www.ssyl.fi\\\/de\\\/author\\\/ssyl\\\/\"}]}<\/script>\n<!-- \/ Yoast SEO plugin. -->","yoast_head_json":{"title":"Haku vaihto-oppilaaksi Saksaan vuodelle 2025 alkaa 1.10.2024 - Suomi-Saksa Yhdistysten Liitto ry","robots":{"index":"index","follow":"follow","max-snippet":"max-snippet:-1","max-image-preview":"max-image-preview:large","max-video-preview":"max-video-preview:-1"},"canonical":"https:\/\/www.ssyl.fi\/de\/nachrichten\/haku-vaihto-oppilaaksi-saksaan-vuodelle-2025-alkaa-1-10-2024\/","og_locale":"de_DE","og_type":"article","og_title":"Haku vaihto-oppilaaksi Saksaan vuodelle 2025 alkaa 1.10.2024 - Suomi-Saksa Yhdistysten Liitto ry","og_description":"Vaihto-oppilaspaikat vuodelle 2025 tulevat hakuun 1.10.2024. Hakuaika jatkuu tammikuun 2025 loppuun. Lis\u00e4tietoja vaihdosta SSYL j\u00e4rjest\u00e4\u00e4 oppilasvaihtoa yhdess\u00e4 saksalaisen sisarj\u00e4rjest\u00f6ns\u00e4 Deutsch-Finnische Gesellschaftin (DFG) kanssa. Vuonna 2024 SSYL ja DFG j\u00e4rjestiv\u00e4t 54 vaihtopaikkaa suomalaisille yl\u00e4koululaisille ja lukiolaisille Saksasta sek\u00e4 20 vaihtopaikkaa Saksasta saapuville nuorille Suomesta.","og_url":"https:\/\/www.ssyl.fi\/de\/nachrichten\/haku-vaihto-oppilaaksi-saksaan-vuodelle-2025-alkaa-1-10-2024\/","og_site_name":"Suomi-Saksa Yhdistysten Liitto ry","article_publisher":"http:\/\/www.facebook.com\/ssyl.fi","article_published_time":"2024-06-28T06:37:12+00:00","article_modified_time":"2024-06-28T06:41:47+00:00","og_image":[{"width":1200,"height":630,"url":"https:\/\/www.ssyl.fi\/content\/uploads\/2019\/10\/some-jako_FB_1200x630px.jpg","type":"image\/jpeg"}],"author":"Sanne Tschirpke","twitter_card":"summary_large_image","twitter_misc":{"Written by":"Sanne Tschirpke","Est. reading time":"1 minute"},"schema":{"@context":"https:\/\/schema.org","@graph":[{"@type":"Article","@id":"https:\/\/www.ssyl.fi\/de\/nachrichten\/haku-vaihto-oppilaaksi-saksaan-vuodelle-2025-alkaa-1-10-2024\/#article","isPartOf":{"@id":"https:\/\/www.ssyl.fi\/de\/nachrichten\/haku-vaihto-oppilaaksi-saksaan-vuodelle-2025-alkaa-1-10-2024\/"},"author":{"name":"Sanne Tschirpke","@id":"https:\/\/www.ssyl.fi\/de\/#\/schema\/person\/2b96b83814fe1017549ecea7835ab645"},"headline":"Haku vaihto-oppilaaksi Saksaan vuodelle 2025 alkaa 1.10.2024","datePublished":"2024-06-28T06:37:12+00:00","dateModified":"2024-06-28T06:41:47+00:00","mainEntityOfPage":{"@id":"https:\/\/www.ssyl.fi\/de\/nachrichten\/haku-vaihto-oppilaaksi-saksaan-vuodelle-2025-alkaa-1-10-2024\/"},"wordCount":49,"articleSection":["Nachrichten"],"inLanguage":"de-DE"},{"@type":"WebPage","@id":"https:\/\/www.ssyl.fi\/de\/nachrichten\/haku-vaihto-oppilaaksi-saksaan-vuodelle-2025-alkaa-1-10-2024\/","url":"https:\/\/www.ssyl.fi\/de\/nachrichten\/haku-vaihto-oppilaaksi-saksaan-vuodelle-2025-alkaa-1-10-2024\/","name":"Haku vaihto-oppilaaksi Saksaan vuodelle 2025 alkaa 1.10.2024 - Suomi-Saksa Yhdistysten Liitto ry","isPartOf":{"@id":"https:\/\/www.ssyl.fi\/de\/#website"},"datePublished":"2024-06-28T06:37:12+00:00","dateModified":"2024-06-28T06:41:47+00:00","author":{"@id":"https:\/\/www.ssyl.fi\/de\/#\/schema\/person\/2b96b83814fe1017549ecea7835ab645"},"breadcrumb":{"@id":"https:\/\/www.ssyl.fi\/de\/nachrichten\/haku-vaihto-oppilaaksi-saksaan-vuodelle-2025-alkaa-1-10-2024\/#breadcrumb"},"inLanguage":"de-DE","potentialAction":[{"@type":"ReadAction","target":["https:\/\/www.ssyl.fi\/de\/nachrichten\/haku-vaihto-oppilaaksi-saksaan-vuodelle-2025-alkaa-1-10-2024\/"]}]},{"@type":"BreadcrumbList","@id":"https:\/\/www.ssyl.fi\/de\/nachrichten\/haku-vaihto-oppilaaksi-saksaan-vuodelle-2025-alkaa-1-10-2024\/#breadcrumb","itemListElement":[{"@type":"ListItem","position":1,"name":"Home","item":"https:\/\/www.ssyl.fi\/de\/"},{"@type":"ListItem","position":2,"name":"Haku vaihto-oppilaaksi Saksaan vuodelle 2025 alkaa 1.10.2024"}]},{"@type":"WebSite","@id":"https:\/\/www.ssyl.fi\/de\/#website","url":"https:\/\/www.ssyl.fi\/de\/","name":"Suomi-Saksa Yhdistysten Liitto ry","description":"","potentialAction":[{"@type":"SearchAction","target":{"@type":"EntryPoint","urlTemplate":"https:\/\/www.ssyl.fi\/de\/?s={search_term_string}"},"query-input":{"@type":"PropertyValueSpecification","valueRequired":true,"valueName":"search_term_string"}}],"inLanguage":"de-DE"},{"@type":"Person","@id":"https:\/\/www.ssyl.fi\/de\/#\/schema\/person\/2b96b83814fe1017549ecea7835ab645","name":"Sanne Tschirpke","image":{"@type":"ImageObject","inLanguage":"de-DE","@id":"https:\/\/secure.gravatar.com\/avatar\/4a2ea52953ac4c1367629a4bd7292c38deb562fa5b6d057ac08ea326024dc662?s=96&d=mm&r=g","url":"https:\/\/secure.gravatar.com\/avatar\/4a2ea52953ac4c1367629a4bd7292c38deb562fa5b6d057ac08ea326024dc662?s=96&d=mm&r=g","contentUrl":"https:\/\/secure.gravatar.com\/avatar\/4a2ea52953ac4c1367629a4bd7292c38deb562fa5b6d057ac08ea326024dc662?s=96&d=mm&r=g","caption":"Sanne Tschirpke"},"url":"https:\/\/www.ssyl.fi\/de\/author\/ssyl\/"}]}},"_links":{"self":[{"href":"https:\/\/www.ssyl.fi\/de\/wp-json\/wp\/v2\/posts\/11033","targetHints":{"allow":["GET"]}}],"collection":[{"href":"https:\/\/www.ssyl.fi\/de\/wp-json\/wp\/v2\/posts"}],"about":[{"href":"https:\/\/www.ssyl.fi\/de\/wp-json\/wp\/v2\/types\/post"}],"author":[{"embeddable":true,"href":"https:\/\/www.ssyl.fi\/de\/wp-json\/wp\/v2\/users\/2"}],"replies":[{"embeddable":true,"href":"https:\/\/www.ssyl.fi\/de\/wp-json\/wp\/v2\/comments?post=11033"}],"version-history":[{"count":3,"href":"https:\/\/www.ssyl.fi\/de\/wp-json\/wp\/v2\/posts\/11033\/revisions"}],"predecessor-version":[{"id":11038,"href":"https:\/\/www.ssyl.fi\/de\/wp-json\/wp\/v2\/posts\/11033\/revisions\/11038"}],"wp:attachment":[{"href":"https:\/\/www.ssyl.fi\/de\/wp-json\/wp\/v2\/media?parent=11033"}],"wp:term":[{"taxonomy":"category","embeddable":true,"href":"https:\/\/www.ssyl.fi\/de\/wp-json\/wp\/v2\/categories?post=11033"},{"taxonomy":"post_tag","embeddable":true,"href":"https:\/\/www.ssyl.fi\/de\/wp-json\/wp\/v2\/tags?post=11033"}],"curies":[{"name":"wp","href":"https:\/\/api.w.org\/{rel}","templated":true}]}}