{"id":11104,"date":"2024-08-23T07:35:36","date_gmt":"2024-08-23T04:35:36","guid":{"rendered":"https:\/\/www.ssyl.fi\/?p=11104"},"modified":"2024-10-07T15:50:39","modified_gmt":"2024-10-07T12:50:39","slug":"herbstversammlung-am-12-10-2024-und-deutsch-schweizerisches-helsinki","status":"publish","type":"post","link":"https:\/\/www.ssyl.fi\/de\/nachrichten\/herbstversammlung-am-12-10-2024-und-deutsch-schweizerisches-helsinki\/","title":{"rendered":"Herbstversammlung am 12.10.2024 und deutsch-schweizerisches Helsinki"},"content":{"rendered":"<p>Das Thema unserer diesj\u00e4hrigen Herbstversammlung ist die Schweiz. Mitglieder des SSYL sind herzlich willkommen an den Veranstaltungen teilzunehmen!<\/p>\n<p>Programm<\/p>\n<p>Fr, 11.10.2024<\/p>\n<ul>\n<li>15:30 &#8211; 17 Uhr Besuch in der schwezerischen Botschaft<\/li>\n<li>18:00 Oktoberfest im Restaurant Zinnkeller zusammen mit Freunden der Schweiz in Finnland, Finnland-\u00d6sterreich-Verein und dem FDV Helsinki<br \/>\nTeilnahmegeb\u00fcr 39 \u20ac (ink. Drei-G\u00e4nge-Menu ohne Getr\u00e4nke)<\/li>\n<\/ul>\n<p>Sa, 12.10.2024<\/p>\n<ul>\n<li>10:00 Uhr <span lang=\"fi-FI\">Deutschsprachiges Helsinki -Rundgang mit Dr. Uta Liertz, Dauer 1,5\u20132 h<br \/>\n<\/span><span lang=\"fi-FI\">Teilnehmer*in zahlt vor Ort, <\/span>was er\/sie f\u00fcr angemessen h\u00e4lt<br \/>\nTreffpunkt: Svenska Teatern (Pohjoisesplanadi 2), Seite Erottaja<\/li>\n<li>14:00 Uhr Herbsversammlung des SSYL mit einer Pr\u00e4sentation der Freunde der Schweiz in Finnland e.V.<br \/>\nOrt: Freunde der Scweiz in Finnland, Vuorimiehenpuistikko 4 D 32, Helsinki<\/li>\n<\/ul>\n<p lang=\"fi-FI\">Es gibt eine begrenzte Anzahl Pl\u00e4tze! Am 11.10. k\u00f6nnen 30 Mitglieder am Botschaftsbesuch teilnehmen und f\u00fcr den SSYL sind 20 Pl\u00e4tze zum Oktoberfest reserviert.<\/p>\n<p lang=\"fi-FI\">Unterkunft und Fahrten zu und zwischen den Veranstaltungen m\u00fcssen selbst organisiert werden.<\/p>\n<p lang=\"fi-FI\">Anmeldung beginnt am 9.9. um 10 Uhr per E-Mail an <a href=\"mailto:info@ssyl.fi\">info@ssyl.fi<\/a> und endet am 19.9. f\u00fcr das Programm am Freitag und am 29.9.2024 f\u00fcr das Programm am Samstag oder wenn alle Pl\u00e4tze reserviert sind. Wir schicken die Zahlungsinfos bzg. des Oktoberfestes zusammen mit der Anmeldebest\u00e4tigung.<\/p>\n","protected":false},"excerpt":{"rendered":"<p>Das Thema unserer diesj\u00e4hrigen Herbstversammlung ist die Schweiz. Mitglieder des SSYL sind herzlich willkommen an den Veranstaltungen teilzunehmen! Programm Fr, 11.10.2024 15:30 &#8211; 17 Uhr Besuch in der schwezerischen Botschaft 18:00 Oktoberfest im Restaurant Zinnkeller zusammen mit Freunden der Schweiz in Finnland, Finnland-\u00d6sterreich-Verein und dem FDV Helsinki Teilnahmegeb\u00fcr 39 \u20ac (ink. Drei-G\u00e4nge-Menu ohne Getr\u00e4nke) Sa, [&hellip;]<\/p>\n","protected":false},"author":2,"featured_media":0,"comment_status":"closed","ping_status":"closed","sticky":false,"template":"","format":"standard","meta":{"footnotes":""},"categories":[3],"tags":[],"class_list":["post-11104","post","type-post","status-publish","format-standard","hentry","category-nachrichten"],"yoast_head":"<!-- This site is optimized with the Yoast SEO plugin v27.3 - https:\/\/yoast.com\/product\/yoast-seo-wordpress\/ -->\n<title>Herbstversammlung am 12.10.2024 und deutsch-schweizerisches Helsinki - Suomi-Saksa Yhdistysten Liitto ry<\/title>\n<meta name=\"robots\" content=\"index, follow, max-snippet:-1, max-image-preview:large, max-video-preview:-1\" \/>\n<link rel=\"canonical\" href=\"https:\/\/www.ssyl.fi\/de\/nachrichten\/herbstversammlung-am-12-10-2024-und-deutsch-schweizerisches-helsinki\/\" \/>\n<meta property=\"og:locale\" content=\"de_DE\" \/>\n<meta property=\"og:type\" content=\"article\" \/>\n<meta property=\"og:title\" content=\"Herbstversammlung am 12.10.2024 und deutsch-schweizerisches Helsinki - Suomi-Saksa Yhdistysten Liitto ry\" \/>\n<meta property=\"og:description\" content=\"Das Thema unserer diesj\u00e4hrigen Herbstversammlung ist die Schweiz. Mitglieder des SSYL sind herzlich willkommen an den Veranstaltungen teilzunehmen! Programm Fr, 11.10.2024 15:30 &#8211; 17 Uhr Besuch in der schwezerischen Botschaft 18:00 Oktoberfest im Restaurant Zinnkeller zusammen mit Freunden der Schweiz in Finnland, Finnland-\u00d6sterreich-Verein und dem FDV Helsinki Teilnahmegeb\u00fcr 39 \u20ac (ink. Drei-G\u00e4nge-Menu ohne Getr\u00e4nke) Sa, [&hellip;]\" \/>\n<meta property=\"og:url\" content=\"https:\/\/www.ssyl.fi\/de\/nachrichten\/herbstversammlung-am-12-10-2024-und-deutsch-schweizerisches-helsinki\/\" \/>\n<meta property=\"og:site_name\" content=\"Suomi-Saksa Yhdistysten Liitto ry\" \/>\n<meta property=\"article:publisher\" content=\"http:\/\/www.facebook.com\/ssyl.fi\" \/>\n<meta property=\"article:published_time\" content=\"2024-08-23T04:35:36+00:00\" \/>\n<meta property=\"article:modified_time\" content=\"2024-10-07T12:50:39+00:00\" \/>\n<meta property=\"og:image\" content=\"https:\/\/www.ssyl.fi\/content\/uploads\/2019\/10\/some-jako_FB_1200x630px.jpg\" \/>\n\t<meta property=\"og:image:width\" content=\"1200\" \/>\n\t<meta property=\"og:image:height\" content=\"630\" \/>\n\t<meta property=\"og:image:type\" content=\"image\/jpeg\" \/>\n<meta name=\"author\" content=\"Sanne Tschirpke\" \/>\n<meta name=\"twitter:card\" content=\"summary_large_image\" \/>\n<meta name=\"twitter:label1\" content=\"Written by\" \/>\n\t<meta name=\"twitter:data1\" content=\"Sanne Tschirpke\" \/>\n\t<meta name=\"twitter:label2\" content=\"Est. reading time\" \/>\n\t<meta name=\"twitter:data2\" content=\"2 minutes\" \/>\n<script type=\"application\/ld+json\" class=\"yoast-schema-graph\">{\"@context\":\"https:\\\/\\\/schema.org\",\"@graph\":[{\"@type\":\"Article\",\"@id\":\"https:\\\/\\\/www.ssyl.fi\\\/de\\\/nachrichten\\\/herbstversammlung-am-12-10-2024-und-deutsch-schweizerisches-helsinki\\\/#article\",\"isPartOf\":{\"@id\":\"https:\\\/\\\/www.ssyl.fi\\\/de\\\/nachrichten\\\/herbstversammlung-am-12-10-2024-und-deutsch-schweizerisches-helsinki\\\/\"},\"author\":{\"name\":\"Sanne Tschirpke\",\"@id\":\"https:\\\/\\\/www.ssyl.fi\\\/de\\\/#\\\/schema\\\/person\\\/2b96b83814fe1017549ecea7835ab645\"},\"headline\":\"Herbstversammlung am 12.10.2024 und deutsch-schweizerisches Helsinki\",\"datePublished\":\"2024-08-23T04:35:36+00:00\",\"dateModified\":\"2024-10-07T12:50:39+00:00\",\"mainEntityOfPage\":{\"@id\":\"https:\\\/\\\/www.ssyl.fi\\\/de\\\/nachrichten\\\/herbstversammlung-am-12-10-2024-und-deutsch-schweizerisches-helsinki\\\/\"},\"wordCount\":198,\"articleSection\":[\"Nachrichten\"],\"inLanguage\":\"de-DE\"},{\"@type\":\"WebPage\",\"@id\":\"https:\\\/\\\/www.ssyl.fi\\\/de\\\/nachrichten\\\/herbstversammlung-am-12-10-2024-und-deutsch-schweizerisches-helsinki\\\/\",\"url\":\"https:\\\/\\\/www.ssyl.fi\\\/de\\\/nachrichten\\\/herbstversammlung-am-12-10-2024-und-deutsch-schweizerisches-helsinki\\\/\",\"name\":\"Herbstversammlung am 12.10.2024 und deutsch-schweizerisches Helsinki - Suomi-Saksa Yhdistysten Liitto ry\",\"isPartOf\":{\"@id\":\"https:\\\/\\\/www.ssyl.fi\\\/de\\\/#website\"},\"datePublished\":\"2024-08-23T04:35:36+00:00\",\"dateModified\":\"2024-10-07T12:50:39+00:00\",\"author\":{\"@id\":\"https:\\\/\\\/www.ssyl.fi\\\/de\\\/#\\\/schema\\\/person\\\/2b96b83814fe1017549ecea7835ab645\"},\"breadcrumb\":{\"@id\":\"https:\\\/\\\/www.ssyl.fi\\\/de\\\/nachrichten\\\/herbstversammlung-am-12-10-2024-und-deutsch-schweizerisches-helsinki\\\/#breadcrumb\"},\"inLanguage\":\"de-DE\",\"potentialAction\":[{\"@type\":\"ReadAction\",\"target\":[\"https:\\\/\\\/www.ssyl.fi\\\/de\\\/nachrichten\\\/herbstversammlung-am-12-10-2024-und-deutsch-schweizerisches-helsinki\\\/\"]}]},{\"@type\":\"BreadcrumbList\",\"@id\":\"https:\\\/\\\/www.ssyl.fi\\\/de\\\/nachrichten\\\/herbstversammlung-am-12-10-2024-und-deutsch-schweizerisches-helsinki\\\/#breadcrumb\",\"itemListElement\":[{\"@type\":\"ListItem\",\"position\":1,\"name\":\"Home\",\"item\":\"https:\\\/\\\/www.ssyl.fi\\\/de\\\/\"},{\"@type\":\"ListItem\",\"position\":2,\"name\":\"Herbstversammlung am 12.10.2024 und deutsch-schweizerisches Helsinki\"}]},{\"@type\":\"WebSite\",\"@id\":\"https:\\\/\\\/www.ssyl.fi\\\/de\\\/#website\",\"url\":\"https:\\\/\\\/www.ssyl.fi\\\/de\\\/\",\"name\":\"Suomi-Saksa Yhdistysten Liitto ry\",\"description\":\"\",\"potentialAction\":[{\"@type\":\"SearchAction\",\"target\":{\"@type\":\"EntryPoint\",\"urlTemplate\":\"https:\\\/\\\/www.ssyl.fi\\\/de\\\/?s={search_term_string}\"},\"query-input\":{\"@type\":\"PropertyValueSpecification\",\"valueRequired\":true,\"valueName\":\"search_term_string\"}}],\"inLanguage\":\"de-DE\"},{\"@type\":\"Person\",\"@id\":\"https:\\\/\\\/www.ssyl.fi\\\/de\\\/#\\\/schema\\\/person\\\/2b96b83814fe1017549ecea7835ab645\",\"name\":\"Sanne Tschirpke\",\"image\":{\"@type\":\"ImageObject\",\"inLanguage\":\"de-DE\",\"@id\":\"https:\\\/\\\/secure.gravatar.com\\\/avatar\\\/4a2ea52953ac4c1367629a4bd7292c38deb562fa5b6d057ac08ea326024dc662?s=96&d=mm&r=g\",\"url\":\"https:\\\/\\\/secure.gravatar.com\\\/avatar\\\/4a2ea52953ac4c1367629a4bd7292c38deb562fa5b6d057ac08ea326024dc662?s=96&d=mm&r=g\",\"contentUrl\":\"https:\\\/\\\/secure.gravatar.com\\\/avatar\\\/4a2ea52953ac4c1367629a4bd7292c38deb562fa5b6d057ac08ea326024dc662?s=96&d=mm&r=g\",\"caption\":\"Sanne Tschirpke\"},\"url\":\"https:\\\/\\\/www.ssyl.fi\\\/de\\\/author\\\/ssyl\\\/\"}]}<\/script>\n<!-- \/ Yoast SEO plugin. -->","yoast_head_json":{"title":"Herbstversammlung am 12.10.2024 und deutsch-schweizerisches Helsinki - Suomi-Saksa Yhdistysten Liitto ry","robots":{"index":"index","follow":"follow","max-snippet":"max-snippet:-1","max-image-preview":"max-image-preview:large","max-video-preview":"max-video-preview:-1"},"canonical":"https:\/\/www.ssyl.fi\/de\/nachrichten\/herbstversammlung-am-12-10-2024-und-deutsch-schweizerisches-helsinki\/","og_locale":"de_DE","og_type":"article","og_title":"Herbstversammlung am 12.10.2024 und deutsch-schweizerisches Helsinki - Suomi-Saksa Yhdistysten Liitto ry","og_description":"Das Thema unserer diesj\u00e4hrigen Herbstversammlung ist die Schweiz. Mitglieder des SSYL sind herzlich willkommen an den Veranstaltungen teilzunehmen! Programm Fr, 11.10.2024 15:30 &#8211; 17 Uhr Besuch in der schwezerischen Botschaft 18:00 Oktoberfest im Restaurant Zinnkeller zusammen mit Freunden der Schweiz in Finnland, Finnland-\u00d6sterreich-Verein und dem FDV Helsinki Teilnahmegeb\u00fcr 39 \u20ac (ink. Drei-G\u00e4nge-Menu ohne Getr\u00e4nke) Sa, [&hellip;]","og_url":"https:\/\/www.ssyl.fi\/de\/nachrichten\/herbstversammlung-am-12-10-2024-und-deutsch-schweizerisches-helsinki\/","og_site_name":"Suomi-Saksa Yhdistysten Liitto ry","article_publisher":"http:\/\/www.facebook.com\/ssyl.fi","article_published_time":"2024-08-23T04:35:36+00:00","article_modified_time":"2024-10-07T12:50:39+00:00","og_image":[{"width":1200,"height":630,"url":"https:\/\/www.ssyl.fi\/content\/uploads\/2019\/10\/some-jako_FB_1200x630px.jpg","type":"image\/jpeg"}],"author":"Sanne Tschirpke","twitter_card":"summary_large_image","twitter_misc":{"Written by":"Sanne Tschirpke","Est. reading time":"2 minutes"},"schema":{"@context":"https:\/\/schema.org","@graph":[{"@type":"Article","@id":"https:\/\/www.ssyl.fi\/de\/nachrichten\/herbstversammlung-am-12-10-2024-und-deutsch-schweizerisches-helsinki\/#article","isPartOf":{"@id":"https:\/\/www.ssyl.fi\/de\/nachrichten\/herbstversammlung-am-12-10-2024-und-deutsch-schweizerisches-helsinki\/"},"author":{"name":"Sanne Tschirpke","@id":"https:\/\/www.ssyl.fi\/de\/#\/schema\/person\/2b96b83814fe1017549ecea7835ab645"},"headline":"Herbstversammlung am 12.10.2024 und deutsch-schweizerisches Helsinki","datePublished":"2024-08-23T04:35:36+00:00","dateModified":"2024-10-07T12:50:39+00:00","mainEntityOfPage":{"@id":"https:\/\/www.ssyl.fi\/de\/nachrichten\/herbstversammlung-am-12-10-2024-und-deutsch-schweizerisches-helsinki\/"},"wordCount":198,"articleSection":["Nachrichten"],"inLanguage":"de-DE"},{"@type":"WebPage","@id":"https:\/\/www.ssyl.fi\/de\/nachrichten\/herbstversammlung-am-12-10-2024-und-deutsch-schweizerisches-helsinki\/","url":"https:\/\/www.ssyl.fi\/de\/nachrichten\/herbstversammlung-am-12-10-2024-und-deutsch-schweizerisches-helsinki\/","name":"Herbstversammlung am 12.10.2024 und deutsch-schweizerisches Helsinki - Suomi-Saksa Yhdistysten Liitto ry","isPartOf":{"@id":"https:\/\/www.ssyl.fi\/de\/#website"},"datePublished":"2024-08-23T04:35:36+00:00","dateModified":"2024-10-07T12:50:39+00:00","author":{"@id":"https:\/\/www.ssyl.fi\/de\/#\/schema\/person\/2b96b83814fe1017549ecea7835ab645"},"breadcrumb":{"@id":"https:\/\/www.ssyl.fi\/de\/nachrichten\/herbstversammlung-am-12-10-2024-und-deutsch-schweizerisches-helsinki\/#breadcrumb"},"inLanguage":"de-DE","potentialAction":[{"@type":"ReadAction","target":["https:\/\/www.ssyl.fi\/de\/nachrichten\/herbstversammlung-am-12-10-2024-und-deutsch-schweizerisches-helsinki\/"]}]},{"@type":"BreadcrumbList","@id":"https:\/\/www.ssyl.fi\/de\/nachrichten\/herbstversammlung-am-12-10-2024-und-deutsch-schweizerisches-helsinki\/#breadcrumb","itemListElement":[{"@type":"ListItem","position":1,"name":"Home","item":"https:\/\/www.ssyl.fi\/de\/"},{"@type":"ListItem","position":2,"name":"Herbstversammlung am 12.10.2024 und deutsch-schweizerisches Helsinki"}]},{"@type":"WebSite","@id":"https:\/\/www.ssyl.fi\/de\/#website","url":"https:\/\/www.ssyl.fi\/de\/","name":"Suomi-Saksa Yhdistysten Liitto ry","description":"","potentialAction":[{"@type":"SearchAction","target":{"@type":"EntryPoint","urlTemplate":"https:\/\/www.ssyl.fi\/de\/?s={search_term_string}"},"query-input":{"@type":"PropertyValueSpecification","valueRequired":true,"valueName":"search_term_string"}}],"inLanguage":"de-DE"},{"@type":"Person","@id":"https:\/\/www.ssyl.fi\/de\/#\/schema\/person\/2b96b83814fe1017549ecea7835ab645","name":"Sanne Tschirpke","image":{"@type":"ImageObject","inLanguage":"de-DE","@id":"https:\/\/secure.gravatar.com\/avatar\/4a2ea52953ac4c1367629a4bd7292c38deb562fa5b6d057ac08ea326024dc662?s=96&d=mm&r=g","url":"https:\/\/secure.gravatar.com\/avatar\/4a2ea52953ac4c1367629a4bd7292c38deb562fa5b6d057ac08ea326024dc662?s=96&d=mm&r=g","contentUrl":"https:\/\/secure.gravatar.com\/avatar\/4a2ea52953ac4c1367629a4bd7292c38deb562fa5b6d057ac08ea326024dc662?s=96&d=mm&r=g","caption":"Sanne Tschirpke"},"url":"https:\/\/www.ssyl.fi\/de\/author\/ssyl\/"}]}},"_links":{"self":[{"href":"https:\/\/www.ssyl.fi\/de\/wp-json\/wp\/v2\/posts\/11104","targetHints":{"allow":["GET"]}}],"collection":[{"href":"https:\/\/www.ssyl.fi\/de\/wp-json\/wp\/v2\/posts"}],"about":[{"href":"https:\/\/www.ssyl.fi\/de\/wp-json\/wp\/v2\/types\/post"}],"author":[{"embeddable":true,"href":"https:\/\/www.ssyl.fi\/de\/wp-json\/wp\/v2\/users\/2"}],"replies":[{"embeddable":true,"href":"https:\/\/www.ssyl.fi\/de\/wp-json\/wp\/v2\/comments?post=11104"}],"version-history":[{"count":2,"href":"https:\/\/www.ssyl.fi\/de\/wp-json\/wp\/v2\/posts\/11104\/revisions"}],"predecessor-version":[{"id":11112,"href":"https:\/\/www.ssyl.fi\/de\/wp-json\/wp\/v2\/posts\/11104\/revisions\/11112"}],"wp:attachment":[{"href":"https:\/\/www.ssyl.fi\/de\/wp-json\/wp\/v2\/media?parent=11104"}],"wp:term":[{"taxonomy":"category","embeddable":true,"href":"https:\/\/www.ssyl.fi\/de\/wp-json\/wp\/v2\/categories?post=11104"},{"taxonomy":"post_tag","embeddable":true,"href":"https:\/\/www.ssyl.fi\/de\/wp-json\/wp\/v2\/tags?post=11104"}],"curies":[{"name":"wp","href":"https:\/\/api.w.org\/{rel}","templated":true}]}}