{"id":11252,"date":"2024-09-30T09:02:42","date_gmt":"2024-09-30T06:02:42","guid":{"rendered":"https:\/\/www.ssyl.fi\/nachrichten\/ruckblick-auf-den-tag-der-deutschen-sprache-2024-in-helsinki\/"},"modified":"2024-09-30T15:14:34","modified_gmt":"2024-09-30T12:14:34","slug":"ruckblick-auf-den-tag-der-deutschen-sprache-2024-in-helsinki","status":"publish","type":"post","link":"https:\/\/www.ssyl.fi\/de\/nachrichten\/ruckblick-auf-den-tag-der-deutschen-sprache-2024-in-helsinki\/","title":{"rendered":"R\u00fcckblick auf den Tag der Deutschen Sprache 2024 in Helsinki"},"content":{"rendered":"<p>Am 28. September 2024 fand erneut der <em>Tag der Deutschen Sprache <\/em>statt, organisiert vom Verband der Finnisch-Deutschen Vereine (SSYL), dem Finnischen Deutschlehrerverband und der Aue-Stiftung, in Zusammenarbeit mit unseren vielen Partnerorganisationen. Dieser Tag stand wieder ganz im Zeichen der deutschen Sprache und bot ein abwechslungsreiches Programm voller spannender Vortr\u00e4ge, kultureller Beitr\u00e4ge und interaktiver Begegnungen. An der Hand von Moderatorin <strong>Dr. Luise Liefl\u00e4nder-Leskinen<\/strong>, Vorsitzende des SSYL, wurden wir routiniert durch das Programm gef\u00fchrt. [der Artikel geht nach der Bildcollage weiter]<\/p>\n<p><img loading=\"lazy\" decoding=\"async\" class=\"alignleft size-full wp-image-11245\" src=\"https:\/\/www.ssyl.fi\/content\/uploads\/2024\/09\/TDDS2024_collage.webp\" alt=\"\" width=\"1536\" height=\"1229\" srcset=\"https:\/\/www.ssyl.fi\/content\/uploads\/2024\/09\/TDDS2024_collage.webp 1536w, https:\/\/www.ssyl.fi\/content\/uploads\/2024\/09\/TDDS2024_collage-300x240.webp 300w, https:\/\/www.ssyl.fi\/content\/uploads\/2024\/09\/TDDS2024_collage-1024x819.webp 1024w, https:\/\/www.ssyl.fi\/content\/uploads\/2024\/09\/TDDS2024_collage-768x615.webp 768w, https:\/\/www.ssyl.fi\/content\/uploads\/2024\/09\/TDDS2024_collage-1000x800.webp 1000w\" sizes=\"auto, (max-width: 1536px) 100vw, 1536px\" \/><\/p>\n<p>&nbsp;<\/p>\n<p>Der Tag begann mit einem herzlichen Empfang bei Kaffee und bot den Teilnehmenden gleich zu Beginn die Gelegenheit, sich auszutauschen und auf die bevorstehenden Programmpunkte einzustimmen. Die neue Schulleiterin der Deutschen Schule, <strong>Saga Sj\u00f6lund<\/strong>, er\u00f6ffnete den Tag mit einem warmen Gru\u00dfwort und hob die Bedeutung der Veranstaltung hervor. Der Tag findet seit 2015 statt und seit 2017 in der Deutschen Schule Helsinki! Wir m\u00f6chten uns auch auf diesem Wege herzlich f\u00fcr die Gastfreundlichkeit bedanken.<\/p>\n<p>Im ersten Fachvortrag beleuchteten <strong>Prof. Sandra Reimann<\/strong> von der Universit\u00e4t Oulu und <strong>Mikaela Jaanti<\/strong> von der Deutsch-Finnischen Handelskammer die Rolle der interkulturellen Kommunikation in der Wirtschafts- und Werbebranche. Jaanti betonte, dass Deutschland nach wie vor der wichtigste Handelspartner Finnlands bleibt \u2013 das Exportvolumen nach Deutschland \u00fcbersteigt sogar das Finnlands nach Nord- und S\u00fcdamerika zusammen. Professorin Reimann hob die aktive Zusammenarbeit der Ouluer Germanistik mit lokalen Unternehmen hervor, in deren Rahmen Studierende zum Beispiel Webseiten \u00fcbersetzen und analysieren. Sprachkundige Mitarbeiter sind demnach ein entscheidender Faktor f\u00fcr den Unternehmenserfolg bei der Expansion in den deutschsprachigen Raum.<\/p>\n<p><strong>Dr. Lutz Kuntzsch<\/strong> von der Gesellschaft f\u00fcr deutsche Sprache lud uns ein auf eine faszinierende Reise durch die Welt der \u201cW\u00f6rter des Jahres\u201d und gab Anregungen diese W\u00f6rter didaktisch im Deutschunterricht zu nutzen. Dr. Kuntzsch zeigte sich beeindruckt von der Teilnahme dreier Botschafter*innen und einer Au\u00dfenministerin. Dies unterstreiche, so Kuntzsch, die Relevanz der deutschen Sprache in Finnland.<\/p>\n<div id=\"attachment_11247\" style=\"width: 310px\" class=\"wp-caption alignleft\"><img loading=\"lazy\" decoding=\"async\" aria-describedby=\"caption-attachment-11247\" class=\"size-medium wp-image-11247\" src=\"https:\/\/www.ssyl.fi\/content\/uploads\/2024\/09\/Q7kWjTQhRTWVYdRkTsjwCA_thumb_5e4b-300x200.webp\" alt=\"\" width=\"300\" height=\"200\" srcset=\"https:\/\/www.ssyl.fi\/content\/uploads\/2024\/09\/Q7kWjTQhRTWVYdRkTsjwCA_thumb_5e4b-300x200.webp 300w, https:\/\/www.ssyl.fi\/content\/uploads\/2024\/09\/Q7kWjTQhRTWVYdRkTsjwCA_thumb_5e4b-768x512.webp 768w, https:\/\/www.ssyl.fi\/content\/uploads\/2024\/09\/Q7kWjTQhRTWVYdRkTsjwCA_thumb_5e4b.webp 847w\" sizes=\"auto, (max-width: 300px) 100vw, 300px\" \/><p id=\"caption-attachment-11247\" class=\"wp-caption-text\">von links: Botschafter Stephan Auer (D), Dr. Luise Liefl\u00e4nder-Leskinen, Botschafterin Sabrina Dallafior Matter (CH), Au\u00dfenministerin Elina Valtonen, Botschafter Dr. Herbert Pichler (A)<\/p><\/div>\n<p>Ein besonderer Moment war das Gru\u00dfwort von Au\u00dfenministerin <strong>Elina Valtonen<\/strong>, die trotz ihres vollen Terminkalenders \u2013 sie war gerade erst von der Generalversammlung der Vereinten Nationen in New York zur\u00fcckgekehrt \u2013 die Veranstaltung mit ihrer Anwesenheit bereicherte. Ihre Ansprache \u2013 nat\u00fcrlich in akzentfreiem Deutsch auf Muttersprachniveau \u2013 zeigte ihre hohe Wertsch\u00e4tzung f\u00fcr die Beziehungen zwischen Finnland und den deutschsprachigen L\u00e4ndern und nicht zuletzt f\u00fcr die Arbeit der Deutschlehrer*innen. Valtonen sorgte f\u00fcr einiges Schmunzeln, als sie verriet bereits als Kind in Bonn ihrer besten Freundin ins Freundebuch geschrieben zu haben eines Tages Pr\u00e4sidentin von Finnland werden zu wollen. Ob das als eine sehr fr\u00fche Ank\u00fcndigung einer Kandidatur zu verstehen ist, wird sich zeigen! \ud83d\ude09<\/p>\n<p>Auf der Deutschmesse stellten sich wieder zahlreiche deutschsprachige Institutionen und Verlage vor, und beim D-A-CH-Imbiss konnten die Teilnehmenden kulinarische Spezialit\u00e4ten aus Deutschland, \u00d6sterreich und der Schweiz genie\u00dfen. Es gab k\u00f6stliche Brezeln, Salate, Schweizer K\u00e4se, Apfelschorle, Wein und Sachertorte. Unser herzlicher Dank gilt den Botschaften!<\/p>\n<p>Ein weiterer H\u00f6hepunkt des Tages war die Verleihung des Silta-Br\u00fccke-Preises von SSYL an Verbandsmitglied <strong>Jaana Parviainen<\/strong>, eine herausragende Deutschlehrerin aus Savonlinna. Ihr Engagement f\u00fcr die deutsche Sprache verdient diese besondere Anerkennung \u2013 herzlichen Gl\u00fcckwunsch!<\/p>\n<h3>Aktuelles aus den deutschsprachigen L\u00e4ndern<\/h3>\n<p>In den anschlie\u00dfenden Reden gaben die Botschafter der deutschsprachigen L\u00e4nder spannende Einblicke in ihre Heimatl\u00e4nder. <strong>Stephan Auer<\/strong>, der neue deutsche Botschafter, hielt seine erste \u00f6ffentliche Rede seit Amtsantritt in Finnland und betonte die Chancen, die im Kampf gegen den Klimawandel liegen. Klimaschutz und Wirtschaftswachstum schlie\u00dfen sich nicht gegenseitig aus!<\/p>\n<p>Die Schweizer Botschafterin <strong>Sabrina Dallafior Matter<\/strong> erhellte das Publikum mit einem humorvollen Einstieg, bevor sie \u00fcber die multikulturelle Schweiz im Herzen Europas sprach. Sie betonte, dass die Kooperation der Schweiz mit der EU \u00fcber bilaterale Gespr\u00e4che und Abkommen und nicht zuletzt durch die Teilnahme der Schweiz am Schengener Abkommen, f\u00fcr eine N\u00e4he zur Union sorge, die einer Mitgliedschaft recht \u00e4hnlich sei. In aktuellen Gespr\u00e4chen strebt die Schweiz au\u00dferdem an, sich wieder am Erasmus Programm, an Creative Europe und diversen Forschungsprojekten zu beteiligen.<\/p>\n<p>Botschafter <strong>Dr. Herbert Pichler<\/strong> gab uns Einblicke in die \u00f6sterreichische Kulturpolitik. Auch wenn \u00d6sterreich ein innovativer Wirtschaftsstandort mit Investitionsm\u00f6glichkeiten ist, sei das Land doch vor allem f\u00fcr seine Kultur bekannt. \u00d6sterreichische Kulturveranstaltungen im Ausland werden aktiv gef\u00f6rdert. So hat es 2023 insgesamt 5000 kulturelle Veranstaltungen, von 8000 Kulturschaffenden und K\u00fcnstler*innen, an 2000 verschiedenen Standorten weltweit gegeben. Beeindruckend! Eine solche Wertsch\u00e4tzung von Kunst und Kultur w\u00fcnscht man sich auch in Finnland! Pichler erl\u00e4uterte, dass heute ein erweiterter Kulturbegriff gilt, der neben Literatur, Musik und Kunst auch Themen wie \u00d6kologie, Umwelt, Digitalisierung, Gleichberechtigung und den interkulturellen Dialog beinhaltet.<\/p>\n<h3>F\u00f6rderung der deutschen Sprache in Finnland<\/h3>\n<p>Auch die Kurzvortr\u00e4ge am Nachmittag boten reichlich Stoff f\u00fcr Diskussionen. <strong>Dr. Annamari Arrakoski-Engardt<\/strong> von der Aue-Stiftung sprach \u00fcber die F\u00f6rderung der deutschen Sprache durch die Stiftung. Besonders die Diskussion \u00fcber die Nutzung von Handys im Unterricht und in der Schule generell f\u00fchrte zu angeregten Gespr\u00e4chen.<\/p>\n<p><strong>Dejana Kero\u0161evi\u0107 Isosalo<\/strong> stellte die vielf\u00e4ltigen Aktivit\u00e4ten des Goethe-Instituts Finnland zur F\u00f6rderung der deutschen Sprache vor. Das Goethe-Institut unterst\u00fctzt Lehrkr\u00e4fte in Finnland mit zahlreichen Fortbildungsangeboten, Unterrichtsmaterialien und kulturellen Veranstaltungen, um den Deutschunterricht noch attraktiver und zeitgem\u00e4\u00dfer zu gestalten.\u00a0 Kero\u0161evi\u0107 Isosalo pr\u00e4sentierte konkrete Initiativen vor. Dazu geh\u00f6ren beispielsweise: die <a href=\"https:\/\/www.goethe.de\/ins\/fi\/de\/spr\/eng\/cre.html\">Karrieretage<\/a>, die in diesem Jahr in Helsinki und Turku stattfinden werden; die <a href=\"https:\/\/www.goethe.de\/prj\/dlp\/de?wt_ca=22tds2407\">digitale Plattform Deutschstunde<\/a> mit kostenlosen Unterrichtsmaterialien und -ideen; der biennal in einer anderen deutschen Stadt stattfindende, weltweit gr\u00f6\u00dfte Deutschwettbewerb IDO (Internationale Deutscholympiade), der f\u00fcr die teilnehmenden Sch\u00fcler*innen immer ein gro\u00dfes Erlebnis ist. Dar\u00fcber hinaus k\u00f6nnen sich Deutschlehrende um <a href=\"https:\/\/www.goethe.de\/ins\/fi\/de\/spr\/unt\/for\/deu.html\">Stipendien<\/a> bewerben.<\/p>\n<p>Vorstandsmitglied und Deutschlehrerin <strong>P\u00e4ivi M\u00e4kinen<\/strong> gab zum Abschluss des Tages wertvolle Anregungen, wie man beispielsweise durch sogenannte Sprachduschen die Sprachwahl von Vorsch\u00fclern beeinflussen kann. Ihre Erfolge in Hyvink\u00e4\u00e4 zeigen, dass es m\u00f6glich ist, Alternativen zu Englisch als erste Fremdsprache attraktiver zu machen.<\/p>\n<p>Ein gro\u00dfer Dank geht an alle Partnerorganisationen, Mithelfer*innen, Aussteller, Redner*innen und nat\u00fcrlich an die zahlreichen Besucher*innen, die diesen Tag zu einem unvergesslichen Erlebnis gemacht haben. Wir freuen uns schon auf das n\u00e4chste Mal!<\/p>\n<p><em>Text &amp; Fotos: Nicole Myyryl\u00e4inen, Finnischer Deutschlehrerverband<\/em><\/p>\n","protected":false},"excerpt":{"rendered":"<p>Am 28. September 2024 fand erneut der Tag der Deutschen Sprache statt, organisiert vom Verband der Finnisch-Deutschen Vereine (SSYL), dem Finnischen Deutschlehrerverband und der Aue-Stiftung, in Zusammenarbeit mit unseren vielen Partnerorganisationen. Dieser Tag stand wieder ganz im Zeichen der deutschen Sprache und bot ein abwechslungsreiches Programm voller spannender Vortr\u00e4ge, kultureller Beitr\u00e4ge und interaktiver Begegnungen. An [&hellip;]<\/p>\n","protected":false},"author":2,"featured_media":0,"comment_status":"closed","ping_status":"closed","sticky":false,"template":"","format":"standard","meta":{"footnotes":""},"categories":[3],"tags":[],"class_list":["post-11252","post","type-post","status-publish","format-standard","hentry","category-nachrichten"],"yoast_head":"<!-- This site is optimized with the Yoast SEO plugin v27.3 - https:\/\/yoast.com\/product\/yoast-seo-wordpress\/ -->\n<title>R\u00fcckblick auf den Tag der Deutschen Sprache 2024 in Helsinki - Suomi-Saksa Yhdistysten Liitto ry<\/title>\n<meta name=\"robots\" content=\"index, follow, max-snippet:-1, max-image-preview:large, max-video-preview:-1\" \/>\n<link rel=\"canonical\" href=\"https:\/\/www.ssyl.fi\/de\/nachrichten\/ruckblick-auf-den-tag-der-deutschen-sprache-2024-in-helsinki\/\" \/>\n<meta property=\"og:locale\" content=\"de_DE\" \/>\n<meta property=\"og:type\" content=\"article\" \/>\n<meta property=\"og:title\" content=\"R\u00fcckblick auf den Tag der Deutschen Sprache 2024 in Helsinki - Suomi-Saksa Yhdistysten Liitto ry\" \/>\n<meta property=\"og:description\" content=\"Am 28. September 2024 fand erneut der Tag der Deutschen Sprache statt, organisiert vom Verband der Finnisch-Deutschen Vereine (SSYL), dem Finnischen Deutschlehrerverband und der Aue-Stiftung, in Zusammenarbeit mit unseren vielen Partnerorganisationen. Dieser Tag stand wieder ganz im Zeichen der deutschen Sprache und bot ein abwechslungsreiches Programm voller spannender Vortr\u00e4ge, kultureller Beitr\u00e4ge und interaktiver Begegnungen. An [&hellip;]\" \/>\n<meta property=\"og:url\" content=\"https:\/\/www.ssyl.fi\/de\/nachrichten\/ruckblick-auf-den-tag-der-deutschen-sprache-2024-in-helsinki\/\" \/>\n<meta property=\"og:site_name\" content=\"Suomi-Saksa Yhdistysten Liitto ry\" \/>\n<meta property=\"article:publisher\" content=\"http:\/\/www.facebook.com\/ssyl.fi\" \/>\n<meta property=\"article:published_time\" content=\"2024-09-30T06:02:42+00:00\" \/>\n<meta property=\"article:modified_time\" content=\"2024-09-30T12:14:34+00:00\" \/>\n<meta property=\"og:image\" content=\"https:\/\/www.ssyl.fi\/content\/uploads\/2024\/09\/TDDS2024_collage.webp\" \/>\n<meta name=\"author\" content=\"Sanne Tschirpke\" \/>\n<meta name=\"twitter:card\" content=\"summary_large_image\" \/>\n<meta name=\"twitter:label1\" content=\"Written by\" \/>\n\t<meta name=\"twitter:data1\" content=\"Sanne Tschirpke\" \/>\n\t<meta name=\"twitter:label2\" content=\"Est. reading time\" \/>\n\t<meta name=\"twitter:data2\" content=\"6 minutes\" \/>\n<script type=\"application\/ld+json\" class=\"yoast-schema-graph\">{\"@context\":\"https:\\\/\\\/schema.org\",\"@graph\":[{\"@type\":\"Article\",\"@id\":\"https:\\\/\\\/www.ssyl.fi\\\/de\\\/nachrichten\\\/ruckblick-auf-den-tag-der-deutschen-sprache-2024-in-helsinki\\\/#article\",\"isPartOf\":{\"@id\":\"https:\\\/\\\/www.ssyl.fi\\\/de\\\/nachrichten\\\/ruckblick-auf-den-tag-der-deutschen-sprache-2024-in-helsinki\\\/\"},\"author\":{\"name\":\"Sanne Tschirpke\",\"@id\":\"https:\\\/\\\/www.ssyl.fi\\\/de\\\/#\\\/schema\\\/person\\\/2b96b83814fe1017549ecea7835ab645\"},\"headline\":\"R\u00fcckblick auf den Tag der Deutschen Sprache 2024 in Helsinki\",\"datePublished\":\"2024-09-30T06:02:42+00:00\",\"dateModified\":\"2024-09-30T12:14:34+00:00\",\"mainEntityOfPage\":{\"@id\":\"https:\\\/\\\/www.ssyl.fi\\\/de\\\/nachrichten\\\/ruckblick-auf-den-tag-der-deutschen-sprache-2024-in-helsinki\\\/\"},\"wordCount\":1077,\"image\":{\"@id\":\"https:\\\/\\\/www.ssyl.fi\\\/de\\\/nachrichten\\\/ruckblick-auf-den-tag-der-deutschen-sprache-2024-in-helsinki\\\/#primaryimage\"},\"thumbnailUrl\":\"https:\\\/\\\/www.ssyl.fi\\\/content\\\/uploads\\\/2024\\\/09\\\/TDDS2024_collage.webp\",\"articleSection\":[\"Nachrichten\"],\"inLanguage\":\"de-DE\"},{\"@type\":\"WebPage\",\"@id\":\"https:\\\/\\\/www.ssyl.fi\\\/de\\\/nachrichten\\\/ruckblick-auf-den-tag-der-deutschen-sprache-2024-in-helsinki\\\/\",\"url\":\"https:\\\/\\\/www.ssyl.fi\\\/de\\\/nachrichten\\\/ruckblick-auf-den-tag-der-deutschen-sprache-2024-in-helsinki\\\/\",\"name\":\"R\u00fcckblick auf den Tag der Deutschen Sprache 2024 in Helsinki - Suomi-Saksa Yhdistysten Liitto ry\",\"isPartOf\":{\"@id\":\"https:\\\/\\\/www.ssyl.fi\\\/de\\\/#website\"},\"primaryImageOfPage\":{\"@id\":\"https:\\\/\\\/www.ssyl.fi\\\/de\\\/nachrichten\\\/ruckblick-auf-den-tag-der-deutschen-sprache-2024-in-helsinki\\\/#primaryimage\"},\"image\":{\"@id\":\"https:\\\/\\\/www.ssyl.fi\\\/de\\\/nachrichten\\\/ruckblick-auf-den-tag-der-deutschen-sprache-2024-in-helsinki\\\/#primaryimage\"},\"thumbnailUrl\":\"https:\\\/\\\/www.ssyl.fi\\\/content\\\/uploads\\\/2024\\\/09\\\/TDDS2024_collage.webp\",\"datePublished\":\"2024-09-30T06:02:42+00:00\",\"dateModified\":\"2024-09-30T12:14:34+00:00\",\"author\":{\"@id\":\"https:\\\/\\\/www.ssyl.fi\\\/de\\\/#\\\/schema\\\/person\\\/2b96b83814fe1017549ecea7835ab645\"},\"breadcrumb\":{\"@id\":\"https:\\\/\\\/www.ssyl.fi\\\/de\\\/nachrichten\\\/ruckblick-auf-den-tag-der-deutschen-sprache-2024-in-helsinki\\\/#breadcrumb\"},\"inLanguage\":\"de-DE\",\"potentialAction\":[{\"@type\":\"ReadAction\",\"target\":[\"https:\\\/\\\/www.ssyl.fi\\\/de\\\/nachrichten\\\/ruckblick-auf-den-tag-der-deutschen-sprache-2024-in-helsinki\\\/\"]}]},{\"@type\":\"ImageObject\",\"inLanguage\":\"de-DE\",\"@id\":\"https:\\\/\\\/www.ssyl.fi\\\/de\\\/nachrichten\\\/ruckblick-auf-den-tag-der-deutschen-sprache-2024-in-helsinki\\\/#primaryimage\",\"url\":\"https:\\\/\\\/www.ssyl.fi\\\/content\\\/uploads\\\/2024\\\/09\\\/TDDS2024_collage.webp\",\"contentUrl\":\"https:\\\/\\\/www.ssyl.fi\\\/content\\\/uploads\\\/2024\\\/09\\\/TDDS2024_collage.webp\"},{\"@type\":\"BreadcrumbList\",\"@id\":\"https:\\\/\\\/www.ssyl.fi\\\/de\\\/nachrichten\\\/ruckblick-auf-den-tag-der-deutschen-sprache-2024-in-helsinki\\\/#breadcrumb\",\"itemListElement\":[{\"@type\":\"ListItem\",\"position\":1,\"name\":\"Home\",\"item\":\"https:\\\/\\\/www.ssyl.fi\\\/de\\\/\"},{\"@type\":\"ListItem\",\"position\":2,\"name\":\"R\u00fcckblick auf den Tag der Deutschen Sprache 2024 in Helsinki\"}]},{\"@type\":\"WebSite\",\"@id\":\"https:\\\/\\\/www.ssyl.fi\\\/de\\\/#website\",\"url\":\"https:\\\/\\\/www.ssyl.fi\\\/de\\\/\",\"name\":\"Suomi-Saksa Yhdistysten Liitto ry\",\"description\":\"\",\"potentialAction\":[{\"@type\":\"SearchAction\",\"target\":{\"@type\":\"EntryPoint\",\"urlTemplate\":\"https:\\\/\\\/www.ssyl.fi\\\/de\\\/?s={search_term_string}\"},\"query-input\":{\"@type\":\"PropertyValueSpecification\",\"valueRequired\":true,\"valueName\":\"search_term_string\"}}],\"inLanguage\":\"de-DE\"},{\"@type\":\"Person\",\"@id\":\"https:\\\/\\\/www.ssyl.fi\\\/de\\\/#\\\/schema\\\/person\\\/2b96b83814fe1017549ecea7835ab645\",\"name\":\"Sanne Tschirpke\",\"image\":{\"@type\":\"ImageObject\",\"inLanguage\":\"de-DE\",\"@id\":\"https:\\\/\\\/secure.gravatar.com\\\/avatar\\\/4a2ea52953ac4c1367629a4bd7292c38deb562fa5b6d057ac08ea326024dc662?s=96&d=mm&r=g\",\"url\":\"https:\\\/\\\/secure.gravatar.com\\\/avatar\\\/4a2ea52953ac4c1367629a4bd7292c38deb562fa5b6d057ac08ea326024dc662?s=96&d=mm&r=g\",\"contentUrl\":\"https:\\\/\\\/secure.gravatar.com\\\/avatar\\\/4a2ea52953ac4c1367629a4bd7292c38deb562fa5b6d057ac08ea326024dc662?s=96&d=mm&r=g\",\"caption\":\"Sanne Tschirpke\"},\"url\":\"https:\\\/\\\/www.ssyl.fi\\\/de\\\/author\\\/ssyl\\\/\"}]}<\/script>\n<!-- \/ Yoast SEO plugin. -->","yoast_head_json":{"title":"R\u00fcckblick auf den Tag der Deutschen Sprache 2024 in Helsinki - Suomi-Saksa Yhdistysten Liitto ry","robots":{"index":"index","follow":"follow","max-snippet":"max-snippet:-1","max-image-preview":"max-image-preview:large","max-video-preview":"max-video-preview:-1"},"canonical":"https:\/\/www.ssyl.fi\/de\/nachrichten\/ruckblick-auf-den-tag-der-deutschen-sprache-2024-in-helsinki\/","og_locale":"de_DE","og_type":"article","og_title":"R\u00fcckblick auf den Tag der Deutschen Sprache 2024 in Helsinki - Suomi-Saksa Yhdistysten Liitto ry","og_description":"Am 28. September 2024 fand erneut der Tag der Deutschen Sprache statt, organisiert vom Verband der Finnisch-Deutschen Vereine (SSYL), dem Finnischen Deutschlehrerverband und der Aue-Stiftung, in Zusammenarbeit mit unseren vielen Partnerorganisationen. Dieser Tag stand wieder ganz im Zeichen der deutschen Sprache und bot ein abwechslungsreiches Programm voller spannender Vortr\u00e4ge, kultureller Beitr\u00e4ge und interaktiver Begegnungen. An [&hellip;]","og_url":"https:\/\/www.ssyl.fi\/de\/nachrichten\/ruckblick-auf-den-tag-der-deutschen-sprache-2024-in-helsinki\/","og_site_name":"Suomi-Saksa Yhdistysten Liitto ry","article_publisher":"http:\/\/www.facebook.com\/ssyl.fi","article_published_time":"2024-09-30T06:02:42+00:00","article_modified_time":"2024-09-30T12:14:34+00:00","og_image":[{"url":"https:\/\/www.ssyl.fi\/content\/uploads\/2024\/09\/TDDS2024_collage.webp","type":"","width":"","height":""}],"author":"Sanne Tschirpke","twitter_card":"summary_large_image","twitter_misc":{"Written by":"Sanne Tschirpke","Est. reading time":"6 minutes"},"schema":{"@context":"https:\/\/schema.org","@graph":[{"@type":"Article","@id":"https:\/\/www.ssyl.fi\/de\/nachrichten\/ruckblick-auf-den-tag-der-deutschen-sprache-2024-in-helsinki\/#article","isPartOf":{"@id":"https:\/\/www.ssyl.fi\/de\/nachrichten\/ruckblick-auf-den-tag-der-deutschen-sprache-2024-in-helsinki\/"},"author":{"name":"Sanne Tschirpke","@id":"https:\/\/www.ssyl.fi\/de\/#\/schema\/person\/2b96b83814fe1017549ecea7835ab645"},"headline":"R\u00fcckblick auf den Tag der Deutschen Sprache 2024 in Helsinki","datePublished":"2024-09-30T06:02:42+00:00","dateModified":"2024-09-30T12:14:34+00:00","mainEntityOfPage":{"@id":"https:\/\/www.ssyl.fi\/de\/nachrichten\/ruckblick-auf-den-tag-der-deutschen-sprache-2024-in-helsinki\/"},"wordCount":1077,"image":{"@id":"https:\/\/www.ssyl.fi\/de\/nachrichten\/ruckblick-auf-den-tag-der-deutschen-sprache-2024-in-helsinki\/#primaryimage"},"thumbnailUrl":"https:\/\/www.ssyl.fi\/content\/uploads\/2024\/09\/TDDS2024_collage.webp","articleSection":["Nachrichten"],"inLanguage":"de-DE"},{"@type":"WebPage","@id":"https:\/\/www.ssyl.fi\/de\/nachrichten\/ruckblick-auf-den-tag-der-deutschen-sprache-2024-in-helsinki\/","url":"https:\/\/www.ssyl.fi\/de\/nachrichten\/ruckblick-auf-den-tag-der-deutschen-sprache-2024-in-helsinki\/","name":"R\u00fcckblick auf den Tag der Deutschen Sprache 2024 in Helsinki - Suomi-Saksa Yhdistysten Liitto ry","isPartOf":{"@id":"https:\/\/www.ssyl.fi\/de\/#website"},"primaryImageOfPage":{"@id":"https:\/\/www.ssyl.fi\/de\/nachrichten\/ruckblick-auf-den-tag-der-deutschen-sprache-2024-in-helsinki\/#primaryimage"},"image":{"@id":"https:\/\/www.ssyl.fi\/de\/nachrichten\/ruckblick-auf-den-tag-der-deutschen-sprache-2024-in-helsinki\/#primaryimage"},"thumbnailUrl":"https:\/\/www.ssyl.fi\/content\/uploads\/2024\/09\/TDDS2024_collage.webp","datePublished":"2024-09-30T06:02:42+00:00","dateModified":"2024-09-30T12:14:34+00:00","author":{"@id":"https:\/\/www.ssyl.fi\/de\/#\/schema\/person\/2b96b83814fe1017549ecea7835ab645"},"breadcrumb":{"@id":"https:\/\/www.ssyl.fi\/de\/nachrichten\/ruckblick-auf-den-tag-der-deutschen-sprache-2024-in-helsinki\/#breadcrumb"},"inLanguage":"de-DE","potentialAction":[{"@type":"ReadAction","target":["https:\/\/www.ssyl.fi\/de\/nachrichten\/ruckblick-auf-den-tag-der-deutschen-sprache-2024-in-helsinki\/"]}]},{"@type":"ImageObject","inLanguage":"de-DE","@id":"https:\/\/www.ssyl.fi\/de\/nachrichten\/ruckblick-auf-den-tag-der-deutschen-sprache-2024-in-helsinki\/#primaryimage","url":"https:\/\/www.ssyl.fi\/content\/uploads\/2024\/09\/TDDS2024_collage.webp","contentUrl":"https:\/\/www.ssyl.fi\/content\/uploads\/2024\/09\/TDDS2024_collage.webp"},{"@type":"BreadcrumbList","@id":"https:\/\/www.ssyl.fi\/de\/nachrichten\/ruckblick-auf-den-tag-der-deutschen-sprache-2024-in-helsinki\/#breadcrumb","itemListElement":[{"@type":"ListItem","position":1,"name":"Home","item":"https:\/\/www.ssyl.fi\/de\/"},{"@type":"ListItem","position":2,"name":"R\u00fcckblick auf den Tag der Deutschen Sprache 2024 in Helsinki"}]},{"@type":"WebSite","@id":"https:\/\/www.ssyl.fi\/de\/#website","url":"https:\/\/www.ssyl.fi\/de\/","name":"Suomi-Saksa Yhdistysten Liitto ry","description":"","potentialAction":[{"@type":"SearchAction","target":{"@type":"EntryPoint","urlTemplate":"https:\/\/www.ssyl.fi\/de\/?s={search_term_string}"},"query-input":{"@type":"PropertyValueSpecification","valueRequired":true,"valueName":"search_term_string"}}],"inLanguage":"de-DE"},{"@type":"Person","@id":"https:\/\/www.ssyl.fi\/de\/#\/schema\/person\/2b96b83814fe1017549ecea7835ab645","name":"Sanne Tschirpke","image":{"@type":"ImageObject","inLanguage":"de-DE","@id":"https:\/\/secure.gravatar.com\/avatar\/4a2ea52953ac4c1367629a4bd7292c38deb562fa5b6d057ac08ea326024dc662?s=96&d=mm&r=g","url":"https:\/\/secure.gravatar.com\/avatar\/4a2ea52953ac4c1367629a4bd7292c38deb562fa5b6d057ac08ea326024dc662?s=96&d=mm&r=g","contentUrl":"https:\/\/secure.gravatar.com\/avatar\/4a2ea52953ac4c1367629a4bd7292c38deb562fa5b6d057ac08ea326024dc662?s=96&d=mm&r=g","caption":"Sanne Tschirpke"},"url":"https:\/\/www.ssyl.fi\/de\/author\/ssyl\/"}]}},"_links":{"self":[{"href":"https:\/\/www.ssyl.fi\/de\/wp-json\/wp\/v2\/posts\/11252","targetHints":{"allow":["GET"]}}],"collection":[{"href":"https:\/\/www.ssyl.fi\/de\/wp-json\/wp\/v2\/posts"}],"about":[{"href":"https:\/\/www.ssyl.fi\/de\/wp-json\/wp\/v2\/types\/post"}],"author":[{"embeddable":true,"href":"https:\/\/www.ssyl.fi\/de\/wp-json\/wp\/v2\/users\/2"}],"replies":[{"embeddable":true,"href":"https:\/\/www.ssyl.fi\/de\/wp-json\/wp\/v2\/comments?post=11252"}],"version-history":[{"count":3,"href":"https:\/\/www.ssyl.fi\/de\/wp-json\/wp\/v2\/posts\/11252\/revisions"}],"predecessor-version":[{"id":11276,"href":"https:\/\/www.ssyl.fi\/de\/wp-json\/wp\/v2\/posts\/11252\/revisions\/11276"}],"wp:attachment":[{"href":"https:\/\/www.ssyl.fi\/de\/wp-json\/wp\/v2\/media?parent=11252"}],"wp:term":[{"taxonomy":"category","embeddable":true,"href":"https:\/\/www.ssyl.fi\/de\/wp-json\/wp\/v2\/categories?post=11252"},{"taxonomy":"post_tag","embeddable":true,"href":"https:\/\/www.ssyl.fi\/de\/wp-json\/wp\/v2\/tags?post=11252"}],"curies":[{"name":"wp","href":"https:\/\/api.w.org\/{rel}","templated":true}]}}