{"id":11261,"date":"2025-01-08T09:25:46","date_gmt":"2025-01-08T07:25:46","guid":{"rendered":"https:\/\/www.ssyl.fi\/?p=11261"},"modified":"2025-01-09T11:58:07","modified_gmt":"2025-01-09T09:58:07","slug":"hae-vaihto-oppilaaksi-saksaan-hakuaika-kaynnissa-31-1-2025-asti","status":"publish","type":"post","link":"https:\/\/www.ssyl.fi\/de\/nachrichten\/hae-vaihto-oppilaaksi-saksaan-hakuaika-kaynnissa-31-1-2025-asti\/","title":{"rendered":"Haku oppilasvaihtoon p\u00e4\u00e4ttyy 31.1. &#8211; hae nyt!"},"content":{"rendered":"<section class=\"article-body\"><img loading=\"lazy\" decoding=\"async\" class=\"alignleft size-medium wp-image-7440\" src=\"https:\/\/www.ssyl.fi\/content\/uploads\/2019\/10\/shutterstock_1160109793-300x78.jpg\" alt=\"\" width=\"300\" height=\"78\" srcset=\"https:\/\/www.ssyl.fi\/content\/uploads\/2019\/10\/shutterstock_1160109793-300x78.jpg 300w, https:\/\/www.ssyl.fi\/content\/uploads\/2019\/10\/shutterstock_1160109793-768x200.jpg 768w, https:\/\/www.ssyl.fi\/content\/uploads\/2019\/10\/shutterstock_1160109793-1024x266.jpg 1024w, https:\/\/www.ssyl.fi\/content\/uploads\/2019\/10\/shutterstock_1160109793.jpg 2000w\" sizes=\"auto, (max-width: 300px) 100vw, 300px\" \/>Haku oppilasvaihtoon Saksaan ensi vuodelle on k\u00e4yniss\u00e4. Vaihto-oppilaspaikat vuodelle 2025 ovat haettavissa 31.1.2025 asti.\u00a0<\/section>\n<section><\/section>\n<section class=\"article-body\">Vaihto-oppilaana asut paikallisessa perheess\u00e4 ja k\u00e4yt paikallista koulua. N\u00e4in kielitaito karttuu k\u00e4yt\u00e4nn\u00f6ss\u00e4!<\/section>\n<section><\/section>\n<section><\/section>\n<section><\/section>\n<section class=\"article-body\">SSYL v\u00e4litt\u00e4\u00e4 vaihto-oppilaspaikkoja yhdess\u00e4 saksalaisen sisarj\u00e4rjest\u00f6ns\u00e4 Deutsch-Finnische Gesellschaftin (DFG) kanssa, ja haettavana on paikkoja<\/section>\n<section><\/section>\n<section><\/section>\n<section>\n<ul>\n<li>kuukauden kes\u00e4vaihtoon (toteutuu kes\u00e4 &#8211; hein\u00e4kuussa 2025),<\/li>\n<li>kolmen kuukauden vaihtoon syksyll\u00e4 2025 ja<\/li>\n<li>lukuvuosivaihtoon lukuvuodelle 2025\/2026.<\/li>\n<\/ul>\n<p>Tartu tilaisuuteen ja hae sin\u00e4kin!<\/p>\n<p><a href=\"https:\/\/www.ssyl.fi\/de\/schueleraustausch\/\" target=\"_blank\" rel=\"noopener\">Lis\u00e4tietoja vaihdosta<\/a><\/p>\n<\/section>\n","protected":false},"excerpt":{"rendered":"<p>Haku oppilasvaihtoon Saksaan ensi vuodelle on k\u00e4yniss\u00e4. Vaihto-oppilaspaikat vuodelle 2025 ovat haettavissa 31.1.2025 asti.\u00a0 Vaihto-oppilaana asut paikallisessa perheess\u00e4 ja k\u00e4yt paikallista koulua. N\u00e4in kielitaito karttuu k\u00e4yt\u00e4nn\u00f6ss\u00e4! SSYL v\u00e4litt\u00e4\u00e4 vaihto-oppilaspaikkoja yhdess\u00e4 saksalaisen sisarj\u00e4rjest\u00f6ns\u00e4 Deutsch-Finnische Gesellschaftin (DFG) kanssa, ja haettavana on paikkoja kuukauden kes\u00e4vaihtoon (toteutuu kes\u00e4 &#8211; hein\u00e4kuussa 2025), kolmen kuukauden vaihtoon syksyll\u00e4 2025 ja lukuvuosivaihtoon lukuvuodelle [&hellip;]<\/p>\n","protected":false},"author":2,"featured_media":0,"comment_status":"closed","ping_status":"closed","sticky":false,"template":"","format":"standard","meta":{"footnotes":""},"categories":[3],"tags":[],"class_list":["post-11261","post","type-post","status-publish","format-standard","hentry","category-nachrichten"],"yoast_head":"<!-- This site is optimized with the Yoast SEO plugin v27.3 - https:\/\/yoast.com\/product\/yoast-seo-wordpress\/ -->\n<title>Haku oppilasvaihtoon p\u00e4\u00e4ttyy 31.1. - hae nyt! - Suomi-Saksa Yhdistysten Liitto ry<\/title>\n<meta name=\"robots\" content=\"index, follow, max-snippet:-1, max-image-preview:large, max-video-preview:-1\" \/>\n<link rel=\"canonical\" href=\"https:\/\/www.ssyl.fi\/de\/nachrichten\/hae-vaihto-oppilaaksi-saksaan-hakuaika-kaynnissa-31-1-2025-asti\/\" \/>\n<meta property=\"og:locale\" content=\"de_DE\" \/>\n<meta property=\"og:type\" content=\"article\" \/>\n<meta property=\"og:title\" content=\"Haku oppilasvaihtoon p\u00e4\u00e4ttyy 31.1. - hae nyt! - Suomi-Saksa Yhdistysten Liitto ry\" \/>\n<meta property=\"og:description\" content=\"Haku oppilasvaihtoon Saksaan ensi vuodelle on k\u00e4yniss\u00e4. Vaihto-oppilaspaikat vuodelle 2025 ovat haettavissa 31.1.2025 asti.\u00a0 Vaihto-oppilaana asut paikallisessa perheess\u00e4 ja k\u00e4yt paikallista koulua. N\u00e4in kielitaito karttuu k\u00e4yt\u00e4nn\u00f6ss\u00e4! SSYL v\u00e4litt\u00e4\u00e4 vaihto-oppilaspaikkoja yhdess\u00e4 saksalaisen sisarj\u00e4rjest\u00f6ns\u00e4 Deutsch-Finnische Gesellschaftin (DFG) kanssa, ja haettavana on paikkoja kuukauden kes\u00e4vaihtoon (toteutuu kes\u00e4 &#8211; hein\u00e4kuussa 2025), kolmen kuukauden vaihtoon syksyll\u00e4 2025 ja lukuvuosivaihtoon lukuvuodelle [&hellip;]\" \/>\n<meta property=\"og:url\" content=\"https:\/\/www.ssyl.fi\/de\/nachrichten\/hae-vaihto-oppilaaksi-saksaan-hakuaika-kaynnissa-31-1-2025-asti\/\" \/>\n<meta property=\"og:site_name\" content=\"Suomi-Saksa Yhdistysten Liitto ry\" \/>\n<meta property=\"article:publisher\" content=\"http:\/\/www.facebook.com\/ssyl.fi\" \/>\n<meta property=\"article:published_time\" content=\"2025-01-08T07:25:46+00:00\" \/>\n<meta property=\"article:modified_time\" content=\"2025-01-09T09:58:07+00:00\" \/>\n<meta property=\"og:image\" content=\"https:\/\/www.ssyl.fi\/content\/uploads\/2019\/10\/shutterstock_1160109793.jpg\" \/>\n\t<meta property=\"og:image:width\" content=\"2000\" \/>\n\t<meta property=\"og:image:height\" content=\"520\" \/>\n\t<meta property=\"og:image:type\" content=\"image\/jpeg\" \/>\n<meta name=\"author\" content=\"Sanne Tschirpke\" \/>\n<meta name=\"twitter:card\" content=\"summary_large_image\" \/>\n<meta name=\"twitter:label1\" content=\"Written by\" \/>\n\t<meta name=\"twitter:data1\" content=\"Sanne Tschirpke\" \/>\n\t<meta name=\"twitter:label2\" content=\"Est. reading time\" \/>\n\t<meta name=\"twitter:data2\" content=\"1 minute\" \/>\n<script type=\"application\/ld+json\" class=\"yoast-schema-graph\">{\"@context\":\"https:\\\/\\\/schema.org\",\"@graph\":[{\"@type\":\"Article\",\"@id\":\"https:\\\/\\\/www.ssyl.fi\\\/de\\\/nachrichten\\\/hae-vaihto-oppilaaksi-saksaan-hakuaika-kaynnissa-31-1-2025-asti\\\/#article\",\"isPartOf\":{\"@id\":\"https:\\\/\\\/www.ssyl.fi\\\/de\\\/nachrichten\\\/hae-vaihto-oppilaaksi-saksaan-hakuaika-kaynnissa-31-1-2025-asti\\\/\"},\"author\":{\"name\":\"Sanne Tschirpke\",\"@id\":\"https:\\\/\\\/www.ssyl.fi\\\/de\\\/#\\\/schema\\\/person\\\/2b96b83814fe1017549ecea7835ab645\"},\"headline\":\"Haku oppilasvaihtoon p\u00e4\u00e4ttyy 31.1. &#8211; hae nyt!\",\"datePublished\":\"2025-01-08T07:25:46+00:00\",\"dateModified\":\"2025-01-09T09:58:07+00:00\",\"mainEntityOfPage\":{\"@id\":\"https:\\\/\\\/www.ssyl.fi\\\/de\\\/nachrichten\\\/hae-vaihto-oppilaaksi-saksaan-hakuaika-kaynnissa-31-1-2025-asti\\\/\"},\"wordCount\":78,\"image\":{\"@id\":\"https:\\\/\\\/www.ssyl.fi\\\/de\\\/nachrichten\\\/hae-vaihto-oppilaaksi-saksaan-hakuaika-kaynnissa-31-1-2025-asti\\\/#primaryimage\"},\"thumbnailUrl\":\"https:\\\/\\\/www.ssyl.fi\\\/content\\\/uploads\\\/2019\\\/10\\\/shutterstock_1160109793-300x78.jpg\",\"articleSection\":[\"Nachrichten\"],\"inLanguage\":\"de-DE\"},{\"@type\":\"WebPage\",\"@id\":\"https:\\\/\\\/www.ssyl.fi\\\/de\\\/nachrichten\\\/hae-vaihto-oppilaaksi-saksaan-hakuaika-kaynnissa-31-1-2025-asti\\\/\",\"url\":\"https:\\\/\\\/www.ssyl.fi\\\/de\\\/nachrichten\\\/hae-vaihto-oppilaaksi-saksaan-hakuaika-kaynnissa-31-1-2025-asti\\\/\",\"name\":\"Haku oppilasvaihtoon p\u00e4\u00e4ttyy 31.1. - hae nyt! - Suomi-Saksa Yhdistysten Liitto ry\",\"isPartOf\":{\"@id\":\"https:\\\/\\\/www.ssyl.fi\\\/de\\\/#website\"},\"primaryImageOfPage\":{\"@id\":\"https:\\\/\\\/www.ssyl.fi\\\/de\\\/nachrichten\\\/hae-vaihto-oppilaaksi-saksaan-hakuaika-kaynnissa-31-1-2025-asti\\\/#primaryimage\"},\"image\":{\"@id\":\"https:\\\/\\\/www.ssyl.fi\\\/de\\\/nachrichten\\\/hae-vaihto-oppilaaksi-saksaan-hakuaika-kaynnissa-31-1-2025-asti\\\/#primaryimage\"},\"thumbnailUrl\":\"https:\\\/\\\/www.ssyl.fi\\\/content\\\/uploads\\\/2019\\\/10\\\/shutterstock_1160109793-300x78.jpg\",\"datePublished\":\"2025-01-08T07:25:46+00:00\",\"dateModified\":\"2025-01-09T09:58:07+00:00\",\"author\":{\"@id\":\"https:\\\/\\\/www.ssyl.fi\\\/de\\\/#\\\/schema\\\/person\\\/2b96b83814fe1017549ecea7835ab645\"},\"breadcrumb\":{\"@id\":\"https:\\\/\\\/www.ssyl.fi\\\/de\\\/nachrichten\\\/hae-vaihto-oppilaaksi-saksaan-hakuaika-kaynnissa-31-1-2025-asti\\\/#breadcrumb\"},\"inLanguage\":\"de-DE\",\"potentialAction\":[{\"@type\":\"ReadAction\",\"target\":[\"https:\\\/\\\/www.ssyl.fi\\\/de\\\/nachrichten\\\/hae-vaihto-oppilaaksi-saksaan-hakuaika-kaynnissa-31-1-2025-asti\\\/\"]}]},{\"@type\":\"ImageObject\",\"inLanguage\":\"de-DE\",\"@id\":\"https:\\\/\\\/www.ssyl.fi\\\/de\\\/nachrichten\\\/hae-vaihto-oppilaaksi-saksaan-hakuaika-kaynnissa-31-1-2025-asti\\\/#primaryimage\",\"url\":\"https:\\\/\\\/www.ssyl.fi\\\/content\\\/uploads\\\/2019\\\/10\\\/shutterstock_1160109793-300x78.jpg\",\"contentUrl\":\"https:\\\/\\\/www.ssyl.fi\\\/content\\\/uploads\\\/2019\\\/10\\\/shutterstock_1160109793-300x78.jpg\"},{\"@type\":\"BreadcrumbList\",\"@id\":\"https:\\\/\\\/www.ssyl.fi\\\/de\\\/nachrichten\\\/hae-vaihto-oppilaaksi-saksaan-hakuaika-kaynnissa-31-1-2025-asti\\\/#breadcrumb\",\"itemListElement\":[{\"@type\":\"ListItem\",\"position\":1,\"name\":\"Home\",\"item\":\"https:\\\/\\\/www.ssyl.fi\\\/de\\\/\"},{\"@type\":\"ListItem\",\"position\":2,\"name\":\"Haku oppilasvaihtoon p\u00e4\u00e4ttyy 31.1. &#8211; hae nyt!\"}]},{\"@type\":\"WebSite\",\"@id\":\"https:\\\/\\\/www.ssyl.fi\\\/de\\\/#website\",\"url\":\"https:\\\/\\\/www.ssyl.fi\\\/de\\\/\",\"name\":\"Suomi-Saksa Yhdistysten Liitto ry\",\"description\":\"\",\"potentialAction\":[{\"@type\":\"SearchAction\",\"target\":{\"@type\":\"EntryPoint\",\"urlTemplate\":\"https:\\\/\\\/www.ssyl.fi\\\/de\\\/?s={search_term_string}\"},\"query-input\":{\"@type\":\"PropertyValueSpecification\",\"valueRequired\":true,\"valueName\":\"search_term_string\"}}],\"inLanguage\":\"de-DE\"},{\"@type\":\"Person\",\"@id\":\"https:\\\/\\\/www.ssyl.fi\\\/de\\\/#\\\/schema\\\/person\\\/2b96b83814fe1017549ecea7835ab645\",\"name\":\"Sanne Tschirpke\",\"image\":{\"@type\":\"ImageObject\",\"inLanguage\":\"de-DE\",\"@id\":\"https:\\\/\\\/secure.gravatar.com\\\/avatar\\\/4a2ea52953ac4c1367629a4bd7292c38deb562fa5b6d057ac08ea326024dc662?s=96&d=mm&r=g\",\"url\":\"https:\\\/\\\/secure.gravatar.com\\\/avatar\\\/4a2ea52953ac4c1367629a4bd7292c38deb562fa5b6d057ac08ea326024dc662?s=96&d=mm&r=g\",\"contentUrl\":\"https:\\\/\\\/secure.gravatar.com\\\/avatar\\\/4a2ea52953ac4c1367629a4bd7292c38deb562fa5b6d057ac08ea326024dc662?s=96&d=mm&r=g\",\"caption\":\"Sanne Tschirpke\"},\"url\":\"https:\\\/\\\/www.ssyl.fi\\\/de\\\/author\\\/ssyl\\\/\"}]}<\/script>\n<!-- \/ Yoast SEO plugin. -->","yoast_head_json":{"title":"Haku oppilasvaihtoon p\u00e4\u00e4ttyy 31.1. - hae nyt! - Suomi-Saksa Yhdistysten Liitto ry","robots":{"index":"index","follow":"follow","max-snippet":"max-snippet:-1","max-image-preview":"max-image-preview:large","max-video-preview":"max-video-preview:-1"},"canonical":"https:\/\/www.ssyl.fi\/de\/nachrichten\/hae-vaihto-oppilaaksi-saksaan-hakuaika-kaynnissa-31-1-2025-asti\/","og_locale":"de_DE","og_type":"article","og_title":"Haku oppilasvaihtoon p\u00e4\u00e4ttyy 31.1. - hae nyt! - Suomi-Saksa Yhdistysten Liitto ry","og_description":"Haku oppilasvaihtoon Saksaan ensi vuodelle on k\u00e4yniss\u00e4. Vaihto-oppilaspaikat vuodelle 2025 ovat haettavissa 31.1.2025 asti.\u00a0 Vaihto-oppilaana asut paikallisessa perheess\u00e4 ja k\u00e4yt paikallista koulua. N\u00e4in kielitaito karttuu k\u00e4yt\u00e4nn\u00f6ss\u00e4! SSYL v\u00e4litt\u00e4\u00e4 vaihto-oppilaspaikkoja yhdess\u00e4 saksalaisen sisarj\u00e4rjest\u00f6ns\u00e4 Deutsch-Finnische Gesellschaftin (DFG) kanssa, ja haettavana on paikkoja kuukauden kes\u00e4vaihtoon (toteutuu kes\u00e4 &#8211; hein\u00e4kuussa 2025), kolmen kuukauden vaihtoon syksyll\u00e4 2025 ja lukuvuosivaihtoon lukuvuodelle [&hellip;]","og_url":"https:\/\/www.ssyl.fi\/de\/nachrichten\/hae-vaihto-oppilaaksi-saksaan-hakuaika-kaynnissa-31-1-2025-asti\/","og_site_name":"Suomi-Saksa Yhdistysten Liitto ry","article_publisher":"http:\/\/www.facebook.com\/ssyl.fi","article_published_time":"2025-01-08T07:25:46+00:00","article_modified_time":"2025-01-09T09:58:07+00:00","og_image":[{"width":2000,"height":520,"url":"https:\/\/www.ssyl.fi\/content\/uploads\/2019\/10\/shutterstock_1160109793.jpg","type":"image\/jpeg"}],"author":"Sanne Tschirpke","twitter_card":"summary_large_image","twitter_misc":{"Written by":"Sanne Tschirpke","Est. reading time":"1 minute"},"schema":{"@context":"https:\/\/schema.org","@graph":[{"@type":"Article","@id":"https:\/\/www.ssyl.fi\/de\/nachrichten\/hae-vaihto-oppilaaksi-saksaan-hakuaika-kaynnissa-31-1-2025-asti\/#article","isPartOf":{"@id":"https:\/\/www.ssyl.fi\/de\/nachrichten\/hae-vaihto-oppilaaksi-saksaan-hakuaika-kaynnissa-31-1-2025-asti\/"},"author":{"name":"Sanne Tschirpke","@id":"https:\/\/www.ssyl.fi\/de\/#\/schema\/person\/2b96b83814fe1017549ecea7835ab645"},"headline":"Haku oppilasvaihtoon p\u00e4\u00e4ttyy 31.1. &#8211; hae nyt!","datePublished":"2025-01-08T07:25:46+00:00","dateModified":"2025-01-09T09:58:07+00:00","mainEntityOfPage":{"@id":"https:\/\/www.ssyl.fi\/de\/nachrichten\/hae-vaihto-oppilaaksi-saksaan-hakuaika-kaynnissa-31-1-2025-asti\/"},"wordCount":78,"image":{"@id":"https:\/\/www.ssyl.fi\/de\/nachrichten\/hae-vaihto-oppilaaksi-saksaan-hakuaika-kaynnissa-31-1-2025-asti\/#primaryimage"},"thumbnailUrl":"https:\/\/www.ssyl.fi\/content\/uploads\/2019\/10\/shutterstock_1160109793-300x78.jpg","articleSection":["Nachrichten"],"inLanguage":"de-DE"},{"@type":"WebPage","@id":"https:\/\/www.ssyl.fi\/de\/nachrichten\/hae-vaihto-oppilaaksi-saksaan-hakuaika-kaynnissa-31-1-2025-asti\/","url":"https:\/\/www.ssyl.fi\/de\/nachrichten\/hae-vaihto-oppilaaksi-saksaan-hakuaika-kaynnissa-31-1-2025-asti\/","name":"Haku oppilasvaihtoon p\u00e4\u00e4ttyy 31.1. - hae nyt! - Suomi-Saksa Yhdistysten Liitto ry","isPartOf":{"@id":"https:\/\/www.ssyl.fi\/de\/#website"},"primaryImageOfPage":{"@id":"https:\/\/www.ssyl.fi\/de\/nachrichten\/hae-vaihto-oppilaaksi-saksaan-hakuaika-kaynnissa-31-1-2025-asti\/#primaryimage"},"image":{"@id":"https:\/\/www.ssyl.fi\/de\/nachrichten\/hae-vaihto-oppilaaksi-saksaan-hakuaika-kaynnissa-31-1-2025-asti\/#primaryimage"},"thumbnailUrl":"https:\/\/www.ssyl.fi\/content\/uploads\/2019\/10\/shutterstock_1160109793-300x78.jpg","datePublished":"2025-01-08T07:25:46+00:00","dateModified":"2025-01-09T09:58:07+00:00","author":{"@id":"https:\/\/www.ssyl.fi\/de\/#\/schema\/person\/2b96b83814fe1017549ecea7835ab645"},"breadcrumb":{"@id":"https:\/\/www.ssyl.fi\/de\/nachrichten\/hae-vaihto-oppilaaksi-saksaan-hakuaika-kaynnissa-31-1-2025-asti\/#breadcrumb"},"inLanguage":"de-DE","potentialAction":[{"@type":"ReadAction","target":["https:\/\/www.ssyl.fi\/de\/nachrichten\/hae-vaihto-oppilaaksi-saksaan-hakuaika-kaynnissa-31-1-2025-asti\/"]}]},{"@type":"ImageObject","inLanguage":"de-DE","@id":"https:\/\/www.ssyl.fi\/de\/nachrichten\/hae-vaihto-oppilaaksi-saksaan-hakuaika-kaynnissa-31-1-2025-asti\/#primaryimage","url":"https:\/\/www.ssyl.fi\/content\/uploads\/2019\/10\/shutterstock_1160109793-300x78.jpg","contentUrl":"https:\/\/www.ssyl.fi\/content\/uploads\/2019\/10\/shutterstock_1160109793-300x78.jpg"},{"@type":"BreadcrumbList","@id":"https:\/\/www.ssyl.fi\/de\/nachrichten\/hae-vaihto-oppilaaksi-saksaan-hakuaika-kaynnissa-31-1-2025-asti\/#breadcrumb","itemListElement":[{"@type":"ListItem","position":1,"name":"Home","item":"https:\/\/www.ssyl.fi\/de\/"},{"@type":"ListItem","position":2,"name":"Haku oppilasvaihtoon p\u00e4\u00e4ttyy 31.1. &#8211; hae nyt!"}]},{"@type":"WebSite","@id":"https:\/\/www.ssyl.fi\/de\/#website","url":"https:\/\/www.ssyl.fi\/de\/","name":"Suomi-Saksa Yhdistysten Liitto ry","description":"","potentialAction":[{"@type":"SearchAction","target":{"@type":"EntryPoint","urlTemplate":"https:\/\/www.ssyl.fi\/de\/?s={search_term_string}"},"query-input":{"@type":"PropertyValueSpecification","valueRequired":true,"valueName":"search_term_string"}}],"inLanguage":"de-DE"},{"@type":"Person","@id":"https:\/\/www.ssyl.fi\/de\/#\/schema\/person\/2b96b83814fe1017549ecea7835ab645","name":"Sanne Tschirpke","image":{"@type":"ImageObject","inLanguage":"de-DE","@id":"https:\/\/secure.gravatar.com\/avatar\/4a2ea52953ac4c1367629a4bd7292c38deb562fa5b6d057ac08ea326024dc662?s=96&d=mm&r=g","url":"https:\/\/secure.gravatar.com\/avatar\/4a2ea52953ac4c1367629a4bd7292c38deb562fa5b6d057ac08ea326024dc662?s=96&d=mm&r=g","contentUrl":"https:\/\/secure.gravatar.com\/avatar\/4a2ea52953ac4c1367629a4bd7292c38deb562fa5b6d057ac08ea326024dc662?s=96&d=mm&r=g","caption":"Sanne Tschirpke"},"url":"https:\/\/www.ssyl.fi\/de\/author\/ssyl\/"}]}},"_links":{"self":[{"href":"https:\/\/www.ssyl.fi\/de\/wp-json\/wp\/v2\/posts\/11261","targetHints":{"allow":["GET"]}}],"collection":[{"href":"https:\/\/www.ssyl.fi\/de\/wp-json\/wp\/v2\/posts"}],"about":[{"href":"https:\/\/www.ssyl.fi\/de\/wp-json\/wp\/v2\/types\/post"}],"author":[{"embeddable":true,"href":"https:\/\/www.ssyl.fi\/de\/wp-json\/wp\/v2\/users\/2"}],"replies":[{"embeddable":true,"href":"https:\/\/www.ssyl.fi\/de\/wp-json\/wp\/v2\/comments?post=11261"}],"version-history":[{"count":5,"href":"https:\/\/www.ssyl.fi\/de\/wp-json\/wp\/v2\/posts\/11261\/revisions"}],"predecessor-version":[{"id":11390,"href":"https:\/\/www.ssyl.fi\/de\/wp-json\/wp\/v2\/posts\/11261\/revisions\/11390"}],"wp:attachment":[{"href":"https:\/\/www.ssyl.fi\/de\/wp-json\/wp\/v2\/media?parent=11261"}],"wp:term":[{"taxonomy":"category","embeddable":true,"href":"https:\/\/www.ssyl.fi\/de\/wp-json\/wp\/v2\/categories?post=11261"},{"taxonomy":"post_tag","embeddable":true,"href":"https:\/\/www.ssyl.fi\/de\/wp-json\/wp\/v2\/tags?post=11261"}],"curies":[{"name":"wp","href":"https:\/\/api.w.org\/{rel}","templated":true}]}}