{"id":11808,"date":"2025-10-23T13:51:56","date_gmt":"2025-10-23T10:51:56","guid":{"rendered":"https:\/\/www.ssyl.fi\/?p=11808"},"modified":"2025-10-23T13:59:12","modified_gmt":"2025-10-23T10:59:12","slug":"vortrag-am-30-10","status":"publish","type":"post","link":"https:\/\/www.ssyl.fi\/de\/nachrichten\/vortrag-am-30-10\/","title":{"rendered":"Vortrag am 30.10."},"content":{"rendered":"<p style=\"font-weight: 400;\">Herzlich willkommen am<br \/>\n<strong>30.10.2025 um 18 Uhr<\/strong><\/p>\n<p style=\"font-weight: 400;\">sowohl in der Deutschen Bibliothek Helsinki, Pojoinen Makasiinikuja 7 A 2, 00130 Helsinki<\/p>\n<p style=\"font-weight: 400;\">als auch \u00fcber Zoom<\/p>\n<p style=\"font-weight: 400;\">zum Vortrag mit<\/p>\n<p style=\"font-weight: 400;\">\n<p style=\"font-weight: 400;\"><strong>Oberstleutnant i.G. Bernd Schroeder<\/strong><\/p>\n<p style=\"font-weight: 400;\"><strong>Leiter des Milit\u00e4rattach\u00e9stabs an der Deutschen Botschaft Helsinki<br \/>\n(auf Deutsch\/saksaksi)<\/strong><\/p>\n<p style=\"font-weight: 400;\"><strong>und<\/strong><\/p>\n<p style=\"font-weight: 400;\"><strong>\u00a0<\/strong><strong>Oberstleutnant Christian Perheentupa<br \/>\nHead of Strategy and Security<\/strong><\/p>\n<p style=\"font-weight: 400;\"><strong>an der finnischen Verteidungsakademie<br \/>\n(auf Finnisch\/suomeksi)<\/p>\n<p><\/strong><\/p>\n<p style=\"font-weight: 400;\">\n<p style=\"font-weight: 400;\"><em>Quo Vadis? <\/em><\/p>\n<p style=\"font-weight: 400;\"><em>DEU-FIN Vortrag \u00fcber Besonderheiten, Gemeinsamkeiten und Unterschiede der Puolustusvoimat und der Bundeswehr.\u00a0<\/em><\/p>\n<p style=\"font-weight: 400;\"><em>\u00a0<\/em><\/p>\n<p style=\"font-weight: 400;\">Die Bundeswehr feiert am 12.11.2025 ihren 70.Geburtstag. Die Bundeswehr war von Anfang an in der Nato integriert. Nach der Wiedervereinigung vor 35 Jahren nahm die Zusammenarbeit zwischen den beiden Verteidigungsstreitkr\u00e4ften schnell an Fahrt auf. Vor allem personeller Austausch zwischen der Verteidigungsakademie und den Hochschulen der Bundeswehr ist ein wichtiger Bestandteil der Zusammenarbeit.<\/p>\n<p style=\"font-weight: 400;\">Finnland setzt auf die Wehrpflicht, was in Deutschland zur Zeit ein heisses Thema ist. Die 1340 km lange Grnze zu Russland verlangt in Finnland andere Priorit\u00e4ten als in Deutschland.<\/p>\n<p style=\"font-weight: 400;\">Unter anderem \u00fcber diese Themen sprechen unsere beiden Experten und laden die Zuh\u00f6rerinnen und Zurh\u00f6rer zu einer regen Diskussion ein.<\/p>\n<p style=\"font-weight: 400;\">\n<p style=\"font-weight: 400;\">Bitte registrieren Sie sich f\u00fcr die Teilnehme unter der Anschrift:<br \/>\n<a href=\"mailto:Vortrag.SSYL@elisanet.fi\">Vortrag.SSYL@elisanet.fi<\/a><\/p>\n<p style=\"font-weight: 400;\">Sie erhalten dann rechtzeitig vor der Veranstaltung am 30.10. einen Link an die von Ihnen gew\u00fcnschte Mailanschrift.<\/p>\n<p style=\"font-weight: 400;\">\n","protected":false},"excerpt":{"rendered":"<p>Herzlich willkommen am 30.10.2025 um 18 Uhr sowohl in der Deutschen Bibliothek Helsinki, Pojoinen Makasiinikuja 7 A 2, 00130 Helsinki als auch \u00fcber Zoom zum Vortrag mit Oberstleutnant i.G. Bernd Schroeder Leiter des Milit\u00e4rattach\u00e9stabs an der Deutschen Botschaft Helsinki (auf Deutsch\/saksaksi) und \u00a0Oberstleutnant Christian Perheentupa Head of Strategy and Security an der finnischen Verteidungsakademie (auf [&hellip;]<\/p>\n","protected":false},"author":3,"featured_media":0,"comment_status":"closed","ping_status":"closed","sticky":false,"template":"","format":"standard","meta":{"footnotes":""},"categories":[3],"tags":[],"class_list":["post-11808","post","type-post","status-publish","format-standard","hentry","category-nachrichten"],"yoast_head":"<!-- This site is optimized with the Yoast SEO plugin v27.3 - https:\/\/yoast.com\/product\/yoast-seo-wordpress\/ -->\n<title>Vortrag am 30.10. - Suomi-Saksa Yhdistysten Liitto ry<\/title>\n<meta name=\"robots\" content=\"index, follow, max-snippet:-1, max-image-preview:large, max-video-preview:-1\" \/>\n<link rel=\"canonical\" href=\"https:\/\/www.ssyl.fi\/de\/nachrichten\/vortrag-am-30-10\/\" \/>\n<meta property=\"og:locale\" content=\"de_DE\" \/>\n<meta property=\"og:type\" content=\"article\" \/>\n<meta property=\"og:title\" content=\"Vortrag am 30.10. - Suomi-Saksa Yhdistysten Liitto ry\" \/>\n<meta property=\"og:description\" content=\"Herzlich willkommen am 30.10.2025 um 18 Uhr sowohl in der Deutschen Bibliothek Helsinki, Pojoinen Makasiinikuja 7 A 2, 00130 Helsinki als auch \u00fcber Zoom zum Vortrag mit Oberstleutnant i.G. Bernd Schroeder Leiter des Milit\u00e4rattach\u00e9stabs an der Deutschen Botschaft Helsinki (auf Deutsch\/saksaksi) und \u00a0Oberstleutnant Christian Perheentupa Head of Strategy and Security an der finnischen Verteidungsakademie (auf [&hellip;]\" \/>\n<meta property=\"og:url\" content=\"https:\/\/www.ssyl.fi\/de\/nachrichten\/vortrag-am-30-10\/\" \/>\n<meta property=\"og:site_name\" content=\"Suomi-Saksa Yhdistysten Liitto ry\" \/>\n<meta property=\"article:publisher\" content=\"http:\/\/www.facebook.com\/ssyl.fi\" \/>\n<meta property=\"article:published_time\" content=\"2025-10-23T10:51:56+00:00\" \/>\n<meta property=\"article:modified_time\" content=\"2025-10-23T10:59:12+00:00\" \/>\n<meta property=\"og:image\" content=\"https:\/\/www.ssyl.fi\/content\/uploads\/2019\/10\/some-jako_FB_1200x630px.jpg\" \/>\n\t<meta property=\"og:image:width\" content=\"1200\" \/>\n\t<meta property=\"og:image:height\" content=\"630\" \/>\n\t<meta property=\"og:image:type\" content=\"image\/jpeg\" \/>\n<meta name=\"author\" content=\"Joachim Bussian\" \/>\n<meta name=\"twitter:card\" content=\"summary_large_image\" \/>\n<meta name=\"twitter:label1\" content=\"Written by\" \/>\n\t<meta name=\"twitter:data1\" content=\"Joachim Bussian\" \/>\n\t<meta name=\"twitter:label2\" content=\"Est. reading time\" \/>\n\t<meta name=\"twitter:data2\" content=\"2 minutes\" \/>\n<script type=\"application\/ld+json\" class=\"yoast-schema-graph\">{\"@context\":\"https:\\\/\\\/schema.org\",\"@graph\":[{\"@type\":\"Article\",\"@id\":\"https:\\\/\\\/www.ssyl.fi\\\/de\\\/nachrichten\\\/vortrag-am-30-10\\\/#article\",\"isPartOf\":{\"@id\":\"https:\\\/\\\/www.ssyl.fi\\\/de\\\/nachrichten\\\/vortrag-am-30-10\\\/\"},\"author\":{\"name\":\"Joachim Bussian\",\"@id\":\"https:\\\/\\\/www.ssyl.fi\\\/de\\\/#\\\/schema\\\/person\\\/e557ac5e15d2480821cbf6ec57c3323e\"},\"headline\":\"Vortrag am 30.10.\",\"datePublished\":\"2025-10-23T10:51:56+00:00\",\"dateModified\":\"2025-10-23T10:59:12+00:00\",\"mainEntityOfPage\":{\"@id\":\"https:\\\/\\\/www.ssyl.fi\\\/de\\\/nachrichten\\\/vortrag-am-30-10\\\/\"},\"wordCount\":206,\"articleSection\":[\"Nachrichten\"],\"inLanguage\":\"de-DE\"},{\"@type\":\"WebPage\",\"@id\":\"https:\\\/\\\/www.ssyl.fi\\\/de\\\/nachrichten\\\/vortrag-am-30-10\\\/\",\"url\":\"https:\\\/\\\/www.ssyl.fi\\\/de\\\/nachrichten\\\/vortrag-am-30-10\\\/\",\"name\":\"Vortrag am 30.10. - Suomi-Saksa Yhdistysten Liitto ry\",\"isPartOf\":{\"@id\":\"https:\\\/\\\/www.ssyl.fi\\\/de\\\/#website\"},\"datePublished\":\"2025-10-23T10:51:56+00:00\",\"dateModified\":\"2025-10-23T10:59:12+00:00\",\"author\":{\"@id\":\"https:\\\/\\\/www.ssyl.fi\\\/de\\\/#\\\/schema\\\/person\\\/e557ac5e15d2480821cbf6ec57c3323e\"},\"breadcrumb\":{\"@id\":\"https:\\\/\\\/www.ssyl.fi\\\/de\\\/nachrichten\\\/vortrag-am-30-10\\\/#breadcrumb\"},\"inLanguage\":\"de-DE\",\"potentialAction\":[{\"@type\":\"ReadAction\",\"target\":[\"https:\\\/\\\/www.ssyl.fi\\\/de\\\/nachrichten\\\/vortrag-am-30-10\\\/\"]}]},{\"@type\":\"BreadcrumbList\",\"@id\":\"https:\\\/\\\/www.ssyl.fi\\\/de\\\/nachrichten\\\/vortrag-am-30-10\\\/#breadcrumb\",\"itemListElement\":[{\"@type\":\"ListItem\",\"position\":1,\"name\":\"Home\",\"item\":\"https:\\\/\\\/www.ssyl.fi\\\/de\\\/\"},{\"@type\":\"ListItem\",\"position\":2,\"name\":\"Vortrag am 30.10.\"}]},{\"@type\":\"WebSite\",\"@id\":\"https:\\\/\\\/www.ssyl.fi\\\/de\\\/#website\",\"url\":\"https:\\\/\\\/www.ssyl.fi\\\/de\\\/\",\"name\":\"Suomi-Saksa Yhdistysten Liitto ry\",\"description\":\"\",\"potentialAction\":[{\"@type\":\"SearchAction\",\"target\":{\"@type\":\"EntryPoint\",\"urlTemplate\":\"https:\\\/\\\/www.ssyl.fi\\\/de\\\/?s={search_term_string}\"},\"query-input\":{\"@type\":\"PropertyValueSpecification\",\"valueRequired\":true,\"valueName\":\"search_term_string\"}}],\"inLanguage\":\"de-DE\"},{\"@type\":\"Person\",\"@id\":\"https:\\\/\\\/www.ssyl.fi\\\/de\\\/#\\\/schema\\\/person\\\/e557ac5e15d2480821cbf6ec57c3323e\",\"name\":\"Joachim Bussian\",\"image\":{\"@type\":\"ImageObject\",\"inLanguage\":\"de-DE\",\"@id\":\"https:\\\/\\\/secure.gravatar.com\\\/avatar\\\/21c249c4c3f80081df83522d0154cdca1d5be77ba7268cf2818e61b2e3e66b1f?s=96&d=mm&r=g\",\"url\":\"https:\\\/\\\/secure.gravatar.com\\\/avatar\\\/21c249c4c3f80081df83522d0154cdca1d5be77ba7268cf2818e61b2e3e66b1f?s=96&d=mm&r=g\",\"contentUrl\":\"https:\\\/\\\/secure.gravatar.com\\\/avatar\\\/21c249c4c3f80081df83522d0154cdca1d5be77ba7268cf2818e61b2e3e66b1f?s=96&d=mm&r=g\",\"caption\":\"Joachim Bussian\"},\"url\":\"https:\\\/\\\/www.ssyl.fi\\\/de\\\/author\\\/jkad\\\/\"}]}<\/script>\n<!-- \/ Yoast SEO plugin. -->","yoast_head_json":{"title":"Vortrag am 30.10. - Suomi-Saksa Yhdistysten Liitto ry","robots":{"index":"index","follow":"follow","max-snippet":"max-snippet:-1","max-image-preview":"max-image-preview:large","max-video-preview":"max-video-preview:-1"},"canonical":"https:\/\/www.ssyl.fi\/de\/nachrichten\/vortrag-am-30-10\/","og_locale":"de_DE","og_type":"article","og_title":"Vortrag am 30.10. - Suomi-Saksa Yhdistysten Liitto ry","og_description":"Herzlich willkommen am 30.10.2025 um 18 Uhr sowohl in der Deutschen Bibliothek Helsinki, Pojoinen Makasiinikuja 7 A 2, 00130 Helsinki als auch \u00fcber Zoom zum Vortrag mit Oberstleutnant i.G. Bernd Schroeder Leiter des Milit\u00e4rattach\u00e9stabs an der Deutschen Botschaft Helsinki (auf Deutsch\/saksaksi) und \u00a0Oberstleutnant Christian Perheentupa Head of Strategy and Security an der finnischen Verteidungsakademie (auf [&hellip;]","og_url":"https:\/\/www.ssyl.fi\/de\/nachrichten\/vortrag-am-30-10\/","og_site_name":"Suomi-Saksa Yhdistysten Liitto ry","article_publisher":"http:\/\/www.facebook.com\/ssyl.fi","article_published_time":"2025-10-23T10:51:56+00:00","article_modified_time":"2025-10-23T10:59:12+00:00","og_image":[{"width":1200,"height":630,"url":"https:\/\/www.ssyl.fi\/content\/uploads\/2019\/10\/some-jako_FB_1200x630px.jpg","type":"image\/jpeg"}],"author":"Joachim Bussian","twitter_card":"summary_large_image","twitter_misc":{"Written by":"Joachim Bussian","Est. reading time":"2 minutes"},"schema":{"@context":"https:\/\/schema.org","@graph":[{"@type":"Article","@id":"https:\/\/www.ssyl.fi\/de\/nachrichten\/vortrag-am-30-10\/#article","isPartOf":{"@id":"https:\/\/www.ssyl.fi\/de\/nachrichten\/vortrag-am-30-10\/"},"author":{"name":"Joachim Bussian","@id":"https:\/\/www.ssyl.fi\/de\/#\/schema\/person\/e557ac5e15d2480821cbf6ec57c3323e"},"headline":"Vortrag am 30.10.","datePublished":"2025-10-23T10:51:56+00:00","dateModified":"2025-10-23T10:59:12+00:00","mainEntityOfPage":{"@id":"https:\/\/www.ssyl.fi\/de\/nachrichten\/vortrag-am-30-10\/"},"wordCount":206,"articleSection":["Nachrichten"],"inLanguage":"de-DE"},{"@type":"WebPage","@id":"https:\/\/www.ssyl.fi\/de\/nachrichten\/vortrag-am-30-10\/","url":"https:\/\/www.ssyl.fi\/de\/nachrichten\/vortrag-am-30-10\/","name":"Vortrag am 30.10. - Suomi-Saksa Yhdistysten Liitto ry","isPartOf":{"@id":"https:\/\/www.ssyl.fi\/de\/#website"},"datePublished":"2025-10-23T10:51:56+00:00","dateModified":"2025-10-23T10:59:12+00:00","author":{"@id":"https:\/\/www.ssyl.fi\/de\/#\/schema\/person\/e557ac5e15d2480821cbf6ec57c3323e"},"breadcrumb":{"@id":"https:\/\/www.ssyl.fi\/de\/nachrichten\/vortrag-am-30-10\/#breadcrumb"},"inLanguage":"de-DE","potentialAction":[{"@type":"ReadAction","target":["https:\/\/www.ssyl.fi\/de\/nachrichten\/vortrag-am-30-10\/"]}]},{"@type":"BreadcrumbList","@id":"https:\/\/www.ssyl.fi\/de\/nachrichten\/vortrag-am-30-10\/#breadcrumb","itemListElement":[{"@type":"ListItem","position":1,"name":"Home","item":"https:\/\/www.ssyl.fi\/de\/"},{"@type":"ListItem","position":2,"name":"Vortrag am 30.10."}]},{"@type":"WebSite","@id":"https:\/\/www.ssyl.fi\/de\/#website","url":"https:\/\/www.ssyl.fi\/de\/","name":"Suomi-Saksa Yhdistysten Liitto ry","description":"","potentialAction":[{"@type":"SearchAction","target":{"@type":"EntryPoint","urlTemplate":"https:\/\/www.ssyl.fi\/de\/?s={search_term_string}"},"query-input":{"@type":"PropertyValueSpecification","valueRequired":true,"valueName":"search_term_string"}}],"inLanguage":"de-DE"},{"@type":"Person","@id":"https:\/\/www.ssyl.fi\/de\/#\/schema\/person\/e557ac5e15d2480821cbf6ec57c3323e","name":"Joachim Bussian","image":{"@type":"ImageObject","inLanguage":"de-DE","@id":"https:\/\/secure.gravatar.com\/avatar\/21c249c4c3f80081df83522d0154cdca1d5be77ba7268cf2818e61b2e3e66b1f?s=96&d=mm&r=g","url":"https:\/\/secure.gravatar.com\/avatar\/21c249c4c3f80081df83522d0154cdca1d5be77ba7268cf2818e61b2e3e66b1f?s=96&d=mm&r=g","contentUrl":"https:\/\/secure.gravatar.com\/avatar\/21c249c4c3f80081df83522d0154cdca1d5be77ba7268cf2818e61b2e3e66b1f?s=96&d=mm&r=g","caption":"Joachim Bussian"},"url":"https:\/\/www.ssyl.fi\/de\/author\/jkad\/"}]}},"_links":{"self":[{"href":"https:\/\/www.ssyl.fi\/de\/wp-json\/wp\/v2\/posts\/11808","targetHints":{"allow":["GET"]}}],"collection":[{"href":"https:\/\/www.ssyl.fi\/de\/wp-json\/wp\/v2\/posts"}],"about":[{"href":"https:\/\/www.ssyl.fi\/de\/wp-json\/wp\/v2\/types\/post"}],"author":[{"embeddable":true,"href":"https:\/\/www.ssyl.fi\/de\/wp-json\/wp\/v2\/users\/3"}],"replies":[{"embeddable":true,"href":"https:\/\/www.ssyl.fi\/de\/wp-json\/wp\/v2\/comments?post=11808"}],"version-history":[{"count":2,"href":"https:\/\/www.ssyl.fi\/de\/wp-json\/wp\/v2\/posts\/11808\/revisions"}],"predecessor-version":[{"id":11810,"href":"https:\/\/www.ssyl.fi\/de\/wp-json\/wp\/v2\/posts\/11808\/revisions\/11810"}],"wp:attachment":[{"href":"https:\/\/www.ssyl.fi\/de\/wp-json\/wp\/v2\/media?parent=11808"}],"wp:term":[{"taxonomy":"category","embeddable":true,"href":"https:\/\/www.ssyl.fi\/de\/wp-json\/wp\/v2\/categories?post=11808"},{"taxonomy":"post_tag","embeddable":true,"href":"https:\/\/www.ssyl.fi\/de\/wp-json\/wp\/v2\/tags?post=11808"}],"curies":[{"name":"wp","href":"https:\/\/api.w.org\/{rel}","templated":true}]}}