{"id":12081,"date":"2026-01-29T11:36:39","date_gmt":"2026-01-29T09:36:39","guid":{"rendered":"https:\/\/www.ssyl.fi\/?p=12081"},"modified":"2026-02-01T09:23:33","modified_gmt":"2026-02-01T07:23:33","slug":"die-bewerbung-fuer-einen-schueleraustausch-nach-nach-deutschland-bewerbungsfrist-fuer-einen-vierwoechigen-sommeraufenthalt-bis-zum-15-februar-verlaengert","status":"publish","type":"post","link":"https:\/\/www.ssyl.fi\/de\/nachrichten\/die-bewerbung-fuer-einen-schueleraustausch-nach-nach-deutschland-bewerbungsfrist-fuer-einen-vierwoechigen-sommeraufenthalt-bis-zum-15-februar-verlaengert\/","title":{"rendered":"Die Bewerbung f\u00fcr einen Sch\u00fcleraustausch nach Deutschland. Bewerbungsfrist f\u00fcr einen vierw\u00f6chigen Sommeraufenthalt bis zum 15. Februar verl\u00e4ngert."},"content":{"rendered":"<p data-start=\"47\" data-end=\"322\"><img loading=\"lazy\" decoding=\"async\" class=\"alignleft size-medium wp-image-12018\" src=\"https:\/\/www.ssyl.fi\/content\/uploads\/2026\/01\/shutterstock_1160109793-2000x500-c-default-300x75.jpg\" alt=\"\" width=\"300\" height=\"75\" srcset=\"https:\/\/www.ssyl.fi\/content\/uploads\/2026\/01\/shutterstock_1160109793-2000x500-c-default-300x75.jpg 300w, https:\/\/www.ssyl.fi\/content\/uploads\/2026\/01\/shutterstock_1160109793-2000x500-c-default-1024x256.jpg 1024w, https:\/\/www.ssyl.fi\/content\/uploads\/2026\/01\/shutterstock_1160109793-2000x500-c-default-768x192.jpg 768w, https:\/\/www.ssyl.fi\/content\/uploads\/2026\/01\/shutterstock_1160109793-2000x500-c-default-1536x384.jpg 1536w, https:\/\/www.ssyl.fi\/content\/uploads\/2026\/01\/shutterstock_1160109793-2000x500-c-default.jpg 2000w\" sizes=\"auto, (max-width: 300px) 100vw, 300px\" \/>Die Bewerbung f\u00fcr den Sch\u00fcleraustausch nach Deutschland f\u00fcr 2026 \/ 2027 l\u00e4uft! Die Bewerbung f\u00fcr einen vierw\u00f6chigen Sommeraufenthalt im Juni \/ Juli 2026 wurde bis zum 15. Februar verl\u00e4ngert. Andere Austauschpl\u00e4tze f\u00fcr das Jahr 2026 k\u00f6nnen bis zum 31. Januar 2026 beantragt werden.<\/p>\n<p data-start=\"324\" data-end=\"478\">Als Austauschsch\u00fcler\/in wohnst du in einer Gastfamilie vor Ort und besuchst eine lokale Schule. So verbessert sich deine Sprachf\u00e4higkeit ganz praktisch!<\/p>\n<p data-start=\"480\" data-end=\"640\">SSYL vermittelt Austauschpl\u00e4tze zusammen mit seiner deutschen Partnerorganisation, der Deutsch-Finnischen Gesellschaft (DFG). Zur Verf\u00fcgung stehen Pl\u00e4tze f\u00fcr:<\/p>\n<ul data-start=\"641\" data-end=\"826\">\n<li data-start=\"641\" data-end=\"713\">\n<p data-start=\"643\" data-end=\"713\">einen einmonatigen Sommeraustausch (findet im Juni\u2013Juli 2026 statt),<\/p>\n<\/li>\n<li data-start=\"714\" data-end=\"766\">\n<p data-start=\"716\" data-end=\"766\">einen dreimonatigen Austausch im Herbst 2026 und<\/p>\n<\/li>\n<li data-start=\"767\" data-end=\"826\">\n<p data-start=\"769\" data-end=\"826\">einen Schuljahresaustausch f\u00fcr das Schuljahr 2026\/2027.<\/p>\n<\/li>\n<\/ul>\n<p data-start=\"828\" data-end=\"873\">Nutze die Gelegenheit und bewirb dich auch!<\/p>\n<p data-start=\"828\" data-end=\"873\">Mehr Informationen auf der finnischensprachigen Seite.<\/p>\n<p data-start=\"828\" data-end=\"873\">und zum (deutschsprachigen) Anmeldeformular:\u00a0<a href=\"https:\/\/schueler.finngast.de\/\">Deutschsprachiges Bewerbungsformular<\/a><\/p>\n","protected":false},"excerpt":{"rendered":"<p>Die Bewerbung f\u00fcr den Sch\u00fcleraustausch nach Deutschland f\u00fcr 2026 \/ 2027 l\u00e4uft! Die Bewerbung f\u00fcr einen vierw\u00f6chigen Sommeraufenthalt im Juni \/ Juli 2026 wurde bis zum 15. Februar verl\u00e4ngert. Andere Austauschpl\u00e4tze f\u00fcr das Jahr 2026 k\u00f6nnen bis zum 31. Januar 2026 beantragt werden. Als Austauschsch\u00fcler\/in wohnst du in einer Gastfamilie vor Ort und besuchst eine [&hellip;]<\/p>\n","protected":false},"author":2,"featured_media":0,"comment_status":"closed","ping_status":"closed","sticky":false,"template":"","format":"standard","meta":{"footnotes":""},"categories":[3],"tags":[],"class_list":["post-12081","post","type-post","status-publish","format-standard","hentry","category-nachrichten"],"yoast_head":"<!-- This site is optimized with the Yoast SEO plugin v27.3 - https:\/\/yoast.com\/product\/yoast-seo-wordpress\/ -->\n<title>Die Bewerbung f\u00fcr einen Sch\u00fcleraustausch nach Deutschland. Bewerbungsfrist f\u00fcr einen vierw\u00f6chigen Sommeraufenthalt bis zum 15. Februar verl\u00e4ngert. - Suomi-Saksa Yhdistysten Liitto ry<\/title>\n<meta name=\"robots\" content=\"index, follow, max-snippet:-1, max-image-preview:large, max-video-preview:-1\" \/>\n<link rel=\"canonical\" href=\"https:\/\/www.ssyl.fi\/de\/nachrichten\/die-bewerbung-fuer-einen-schueleraustausch-nach-nach-deutschland-bewerbungsfrist-fuer-einen-vierwoechigen-sommeraufenthalt-bis-zum-15-februar-verlaengert\/\" \/>\n<meta property=\"og:locale\" content=\"de_DE\" \/>\n<meta property=\"og:type\" content=\"article\" \/>\n<meta property=\"og:title\" content=\"Die Bewerbung f\u00fcr einen Sch\u00fcleraustausch nach Deutschland. Bewerbungsfrist f\u00fcr einen vierw\u00f6chigen Sommeraufenthalt bis zum 15. Februar verl\u00e4ngert. - Suomi-Saksa Yhdistysten Liitto ry\" \/>\n<meta property=\"og:description\" content=\"Die Bewerbung f\u00fcr den Sch\u00fcleraustausch nach Deutschland f\u00fcr 2026 \/ 2027 l\u00e4uft! Die Bewerbung f\u00fcr einen vierw\u00f6chigen Sommeraufenthalt im Juni \/ Juli 2026 wurde bis zum 15. Februar verl\u00e4ngert. Andere Austauschpl\u00e4tze f\u00fcr das Jahr 2026 k\u00f6nnen bis zum 31. Januar 2026 beantragt werden. Als Austauschsch\u00fcler\/in wohnst du in einer Gastfamilie vor Ort und besuchst eine [&hellip;]\" \/>\n<meta property=\"og:url\" content=\"https:\/\/www.ssyl.fi\/de\/nachrichten\/die-bewerbung-fuer-einen-schueleraustausch-nach-nach-deutschland-bewerbungsfrist-fuer-einen-vierwoechigen-sommeraufenthalt-bis-zum-15-februar-verlaengert\/\" \/>\n<meta property=\"og:site_name\" content=\"Suomi-Saksa Yhdistysten Liitto ry\" \/>\n<meta property=\"article:publisher\" content=\"http:\/\/www.facebook.com\/ssyl.fi\" \/>\n<meta property=\"article:published_time\" content=\"2026-01-29T09:36:39+00:00\" \/>\n<meta property=\"article:modified_time\" content=\"2026-02-01T07:23:33+00:00\" \/>\n<meta property=\"og:image\" content=\"https:\/\/www.ssyl.fi\/content\/uploads\/2026\/01\/shutterstock_1160109793-2000x500-c-default.jpg\" \/>\n\t<meta property=\"og:image:width\" content=\"2000\" \/>\n\t<meta property=\"og:image:height\" content=\"500\" \/>\n\t<meta property=\"og:image:type\" content=\"image\/jpeg\" \/>\n<meta name=\"author\" content=\"Sanne Tschirpke\" \/>\n<meta name=\"twitter:card\" content=\"summary_large_image\" \/>\n<meta name=\"twitter:label1\" content=\"Written by\" \/>\n\t<meta name=\"twitter:data1\" content=\"Sanne Tschirpke\" \/>\n\t<meta name=\"twitter:label2\" content=\"Est. reading time\" \/>\n\t<meta name=\"twitter:data2\" content=\"1 minute\" \/>\n<script type=\"application\/ld+json\" class=\"yoast-schema-graph\">{\"@context\":\"https:\\\/\\\/schema.org\",\"@graph\":[{\"@type\":\"Article\",\"@id\":\"https:\\\/\\\/www.ssyl.fi\\\/de\\\/nachrichten\\\/die-bewerbung-fuer-einen-schueleraustausch-nach-nach-deutschland-bewerbungsfrist-fuer-einen-vierwoechigen-sommeraufenthalt-bis-zum-15-februar-verlaengert\\\/#article\",\"isPartOf\":{\"@id\":\"https:\\\/\\\/www.ssyl.fi\\\/de\\\/nachrichten\\\/die-bewerbung-fuer-einen-schueleraustausch-nach-nach-deutschland-bewerbungsfrist-fuer-einen-vierwoechigen-sommeraufenthalt-bis-zum-15-februar-verlaengert\\\/\"},\"author\":{\"name\":\"Sanne Tschirpke\",\"@id\":\"https:\\\/\\\/www.ssyl.fi\\\/de\\\/#\\\/schema\\\/person\\\/2b96b83814fe1017549ecea7835ab645\"},\"headline\":\"Die Bewerbung f\u00fcr einen Sch\u00fcleraustausch nach Deutschland. Bewerbungsfrist f\u00fcr einen vierw\u00f6chigen Sommeraufenthalt bis zum 15. Februar verl\u00e4ngert.\",\"datePublished\":\"2026-01-29T09:36:39+00:00\",\"dateModified\":\"2026-02-01T07:23:33+00:00\",\"mainEntityOfPage\":{\"@id\":\"https:\\\/\\\/www.ssyl.fi\\\/de\\\/nachrichten\\\/die-bewerbung-fuer-einen-schueleraustausch-nach-nach-deutschland-bewerbungsfrist-fuer-einen-vierwoechigen-sommeraufenthalt-bis-zum-15-februar-verlaengert\\\/\"},\"wordCount\":149,\"image\":{\"@id\":\"https:\\\/\\\/www.ssyl.fi\\\/de\\\/nachrichten\\\/die-bewerbung-fuer-einen-schueleraustausch-nach-nach-deutschland-bewerbungsfrist-fuer-einen-vierwoechigen-sommeraufenthalt-bis-zum-15-februar-verlaengert\\\/#primaryimage\"},\"thumbnailUrl\":\"https:\\\/\\\/www.ssyl.fi\\\/content\\\/uploads\\\/2026\\\/01\\\/shutterstock_1160109793-2000x500-c-default-300x75.jpg\",\"articleSection\":[\"Nachrichten\"],\"inLanguage\":\"de-DE\"},{\"@type\":\"WebPage\",\"@id\":\"https:\\\/\\\/www.ssyl.fi\\\/de\\\/nachrichten\\\/die-bewerbung-fuer-einen-schueleraustausch-nach-nach-deutschland-bewerbungsfrist-fuer-einen-vierwoechigen-sommeraufenthalt-bis-zum-15-februar-verlaengert\\\/\",\"url\":\"https:\\\/\\\/www.ssyl.fi\\\/de\\\/nachrichten\\\/die-bewerbung-fuer-einen-schueleraustausch-nach-nach-deutschland-bewerbungsfrist-fuer-einen-vierwoechigen-sommeraufenthalt-bis-zum-15-februar-verlaengert\\\/\",\"name\":\"Die Bewerbung f\u00fcr einen Sch\u00fcleraustausch nach Deutschland. Bewerbungsfrist f\u00fcr einen vierw\u00f6chigen Sommeraufenthalt bis zum 15. Februar verl\u00e4ngert. - Suomi-Saksa Yhdistysten Liitto ry\",\"isPartOf\":{\"@id\":\"https:\\\/\\\/www.ssyl.fi\\\/de\\\/#website\"},\"primaryImageOfPage\":{\"@id\":\"https:\\\/\\\/www.ssyl.fi\\\/de\\\/nachrichten\\\/die-bewerbung-fuer-einen-schueleraustausch-nach-nach-deutschland-bewerbungsfrist-fuer-einen-vierwoechigen-sommeraufenthalt-bis-zum-15-februar-verlaengert\\\/#primaryimage\"},\"image\":{\"@id\":\"https:\\\/\\\/www.ssyl.fi\\\/de\\\/nachrichten\\\/die-bewerbung-fuer-einen-schueleraustausch-nach-nach-deutschland-bewerbungsfrist-fuer-einen-vierwoechigen-sommeraufenthalt-bis-zum-15-februar-verlaengert\\\/#primaryimage\"},\"thumbnailUrl\":\"https:\\\/\\\/www.ssyl.fi\\\/content\\\/uploads\\\/2026\\\/01\\\/shutterstock_1160109793-2000x500-c-default-300x75.jpg\",\"datePublished\":\"2026-01-29T09:36:39+00:00\",\"dateModified\":\"2026-02-01T07:23:33+00:00\",\"author\":{\"@id\":\"https:\\\/\\\/www.ssyl.fi\\\/de\\\/#\\\/schema\\\/person\\\/2b96b83814fe1017549ecea7835ab645\"},\"breadcrumb\":{\"@id\":\"https:\\\/\\\/www.ssyl.fi\\\/de\\\/nachrichten\\\/die-bewerbung-fuer-einen-schueleraustausch-nach-nach-deutschland-bewerbungsfrist-fuer-einen-vierwoechigen-sommeraufenthalt-bis-zum-15-februar-verlaengert\\\/#breadcrumb\"},\"inLanguage\":\"de-DE\",\"potentialAction\":[{\"@type\":\"ReadAction\",\"target\":[\"https:\\\/\\\/www.ssyl.fi\\\/de\\\/nachrichten\\\/die-bewerbung-fuer-einen-schueleraustausch-nach-nach-deutschland-bewerbungsfrist-fuer-einen-vierwoechigen-sommeraufenthalt-bis-zum-15-februar-verlaengert\\\/\"]}]},{\"@type\":\"ImageObject\",\"inLanguage\":\"de-DE\",\"@id\":\"https:\\\/\\\/www.ssyl.fi\\\/de\\\/nachrichten\\\/die-bewerbung-fuer-einen-schueleraustausch-nach-nach-deutschland-bewerbungsfrist-fuer-einen-vierwoechigen-sommeraufenthalt-bis-zum-15-februar-verlaengert\\\/#primaryimage\",\"url\":\"https:\\\/\\\/www.ssyl.fi\\\/content\\\/uploads\\\/2026\\\/01\\\/shutterstock_1160109793-2000x500-c-default-300x75.jpg\",\"contentUrl\":\"https:\\\/\\\/www.ssyl.fi\\\/content\\\/uploads\\\/2026\\\/01\\\/shutterstock_1160109793-2000x500-c-default-300x75.jpg\"},{\"@type\":\"BreadcrumbList\",\"@id\":\"https:\\\/\\\/www.ssyl.fi\\\/de\\\/nachrichten\\\/die-bewerbung-fuer-einen-schueleraustausch-nach-nach-deutschland-bewerbungsfrist-fuer-einen-vierwoechigen-sommeraufenthalt-bis-zum-15-februar-verlaengert\\\/#breadcrumb\",\"itemListElement\":[{\"@type\":\"ListItem\",\"position\":1,\"name\":\"Home\",\"item\":\"https:\\\/\\\/www.ssyl.fi\\\/de\\\/\"},{\"@type\":\"ListItem\",\"position\":2,\"name\":\"Die Bewerbung f\u00fcr einen Sch\u00fcleraustausch nach Deutschland. Bewerbungsfrist f\u00fcr einen vierw\u00f6chigen Sommeraufenthalt bis zum 15. Februar verl\u00e4ngert.\"}]},{\"@type\":\"WebSite\",\"@id\":\"https:\\\/\\\/www.ssyl.fi\\\/de\\\/#website\",\"url\":\"https:\\\/\\\/www.ssyl.fi\\\/de\\\/\",\"name\":\"Suomi-Saksa Yhdistysten Liitto ry\",\"description\":\"\",\"potentialAction\":[{\"@type\":\"SearchAction\",\"target\":{\"@type\":\"EntryPoint\",\"urlTemplate\":\"https:\\\/\\\/www.ssyl.fi\\\/de\\\/?s={search_term_string}\"},\"query-input\":{\"@type\":\"PropertyValueSpecification\",\"valueRequired\":true,\"valueName\":\"search_term_string\"}}],\"inLanguage\":\"de-DE\"},{\"@type\":\"Person\",\"@id\":\"https:\\\/\\\/www.ssyl.fi\\\/de\\\/#\\\/schema\\\/person\\\/2b96b83814fe1017549ecea7835ab645\",\"name\":\"Sanne Tschirpke\",\"image\":{\"@type\":\"ImageObject\",\"inLanguage\":\"de-DE\",\"@id\":\"https:\\\/\\\/secure.gravatar.com\\\/avatar\\\/4a2ea52953ac4c1367629a4bd7292c38deb562fa5b6d057ac08ea326024dc662?s=96&d=mm&r=g\",\"url\":\"https:\\\/\\\/secure.gravatar.com\\\/avatar\\\/4a2ea52953ac4c1367629a4bd7292c38deb562fa5b6d057ac08ea326024dc662?s=96&d=mm&r=g\",\"contentUrl\":\"https:\\\/\\\/secure.gravatar.com\\\/avatar\\\/4a2ea52953ac4c1367629a4bd7292c38deb562fa5b6d057ac08ea326024dc662?s=96&d=mm&r=g\",\"caption\":\"Sanne Tschirpke\"},\"url\":\"https:\\\/\\\/www.ssyl.fi\\\/de\\\/author\\\/ssyl\\\/\"}]}<\/script>\n<!-- \/ Yoast SEO plugin. -->","yoast_head_json":{"title":"Die Bewerbung f\u00fcr einen Sch\u00fcleraustausch nach Deutschland. Bewerbungsfrist f\u00fcr einen vierw\u00f6chigen Sommeraufenthalt bis zum 15. Februar verl\u00e4ngert. - Suomi-Saksa Yhdistysten Liitto ry","robots":{"index":"index","follow":"follow","max-snippet":"max-snippet:-1","max-image-preview":"max-image-preview:large","max-video-preview":"max-video-preview:-1"},"canonical":"https:\/\/www.ssyl.fi\/de\/nachrichten\/die-bewerbung-fuer-einen-schueleraustausch-nach-nach-deutschland-bewerbungsfrist-fuer-einen-vierwoechigen-sommeraufenthalt-bis-zum-15-februar-verlaengert\/","og_locale":"de_DE","og_type":"article","og_title":"Die Bewerbung f\u00fcr einen Sch\u00fcleraustausch nach Deutschland. Bewerbungsfrist f\u00fcr einen vierw\u00f6chigen Sommeraufenthalt bis zum 15. Februar verl\u00e4ngert. - Suomi-Saksa Yhdistysten Liitto ry","og_description":"Die Bewerbung f\u00fcr den Sch\u00fcleraustausch nach Deutschland f\u00fcr 2026 \/ 2027 l\u00e4uft! Die Bewerbung f\u00fcr einen vierw\u00f6chigen Sommeraufenthalt im Juni \/ Juli 2026 wurde bis zum 15. Februar verl\u00e4ngert. Andere Austauschpl\u00e4tze f\u00fcr das Jahr 2026 k\u00f6nnen bis zum 31. Januar 2026 beantragt werden. Als Austauschsch\u00fcler\/in wohnst du in einer Gastfamilie vor Ort und besuchst eine [&hellip;]","og_url":"https:\/\/www.ssyl.fi\/de\/nachrichten\/die-bewerbung-fuer-einen-schueleraustausch-nach-nach-deutschland-bewerbungsfrist-fuer-einen-vierwoechigen-sommeraufenthalt-bis-zum-15-februar-verlaengert\/","og_site_name":"Suomi-Saksa Yhdistysten Liitto ry","article_publisher":"http:\/\/www.facebook.com\/ssyl.fi","article_published_time":"2026-01-29T09:36:39+00:00","article_modified_time":"2026-02-01T07:23:33+00:00","og_image":[{"width":2000,"height":500,"url":"https:\/\/www.ssyl.fi\/content\/uploads\/2026\/01\/shutterstock_1160109793-2000x500-c-default.jpg","type":"image\/jpeg"}],"author":"Sanne Tschirpke","twitter_card":"summary_large_image","twitter_misc":{"Written by":"Sanne Tschirpke","Est. reading time":"1 minute"},"schema":{"@context":"https:\/\/schema.org","@graph":[{"@type":"Article","@id":"https:\/\/www.ssyl.fi\/de\/nachrichten\/die-bewerbung-fuer-einen-schueleraustausch-nach-nach-deutschland-bewerbungsfrist-fuer-einen-vierwoechigen-sommeraufenthalt-bis-zum-15-februar-verlaengert\/#article","isPartOf":{"@id":"https:\/\/www.ssyl.fi\/de\/nachrichten\/die-bewerbung-fuer-einen-schueleraustausch-nach-nach-deutschland-bewerbungsfrist-fuer-einen-vierwoechigen-sommeraufenthalt-bis-zum-15-februar-verlaengert\/"},"author":{"name":"Sanne Tschirpke","@id":"https:\/\/www.ssyl.fi\/de\/#\/schema\/person\/2b96b83814fe1017549ecea7835ab645"},"headline":"Die Bewerbung f\u00fcr einen Sch\u00fcleraustausch nach Deutschland. Bewerbungsfrist f\u00fcr einen vierw\u00f6chigen Sommeraufenthalt bis zum 15. Februar verl\u00e4ngert.","datePublished":"2026-01-29T09:36:39+00:00","dateModified":"2026-02-01T07:23:33+00:00","mainEntityOfPage":{"@id":"https:\/\/www.ssyl.fi\/de\/nachrichten\/die-bewerbung-fuer-einen-schueleraustausch-nach-nach-deutschland-bewerbungsfrist-fuer-einen-vierwoechigen-sommeraufenthalt-bis-zum-15-februar-verlaengert\/"},"wordCount":149,"image":{"@id":"https:\/\/www.ssyl.fi\/de\/nachrichten\/die-bewerbung-fuer-einen-schueleraustausch-nach-nach-deutschland-bewerbungsfrist-fuer-einen-vierwoechigen-sommeraufenthalt-bis-zum-15-februar-verlaengert\/#primaryimage"},"thumbnailUrl":"https:\/\/www.ssyl.fi\/content\/uploads\/2026\/01\/shutterstock_1160109793-2000x500-c-default-300x75.jpg","articleSection":["Nachrichten"],"inLanguage":"de-DE"},{"@type":"WebPage","@id":"https:\/\/www.ssyl.fi\/de\/nachrichten\/die-bewerbung-fuer-einen-schueleraustausch-nach-nach-deutschland-bewerbungsfrist-fuer-einen-vierwoechigen-sommeraufenthalt-bis-zum-15-februar-verlaengert\/","url":"https:\/\/www.ssyl.fi\/de\/nachrichten\/die-bewerbung-fuer-einen-schueleraustausch-nach-nach-deutschland-bewerbungsfrist-fuer-einen-vierwoechigen-sommeraufenthalt-bis-zum-15-februar-verlaengert\/","name":"Die Bewerbung f\u00fcr einen Sch\u00fcleraustausch nach Deutschland. Bewerbungsfrist f\u00fcr einen vierw\u00f6chigen Sommeraufenthalt bis zum 15. Februar verl\u00e4ngert. - Suomi-Saksa Yhdistysten Liitto ry","isPartOf":{"@id":"https:\/\/www.ssyl.fi\/de\/#website"},"primaryImageOfPage":{"@id":"https:\/\/www.ssyl.fi\/de\/nachrichten\/die-bewerbung-fuer-einen-schueleraustausch-nach-nach-deutschland-bewerbungsfrist-fuer-einen-vierwoechigen-sommeraufenthalt-bis-zum-15-februar-verlaengert\/#primaryimage"},"image":{"@id":"https:\/\/www.ssyl.fi\/de\/nachrichten\/die-bewerbung-fuer-einen-schueleraustausch-nach-nach-deutschland-bewerbungsfrist-fuer-einen-vierwoechigen-sommeraufenthalt-bis-zum-15-februar-verlaengert\/#primaryimage"},"thumbnailUrl":"https:\/\/www.ssyl.fi\/content\/uploads\/2026\/01\/shutterstock_1160109793-2000x500-c-default-300x75.jpg","datePublished":"2026-01-29T09:36:39+00:00","dateModified":"2026-02-01T07:23:33+00:00","author":{"@id":"https:\/\/www.ssyl.fi\/de\/#\/schema\/person\/2b96b83814fe1017549ecea7835ab645"},"breadcrumb":{"@id":"https:\/\/www.ssyl.fi\/de\/nachrichten\/die-bewerbung-fuer-einen-schueleraustausch-nach-nach-deutschland-bewerbungsfrist-fuer-einen-vierwoechigen-sommeraufenthalt-bis-zum-15-februar-verlaengert\/#breadcrumb"},"inLanguage":"de-DE","potentialAction":[{"@type":"ReadAction","target":["https:\/\/www.ssyl.fi\/de\/nachrichten\/die-bewerbung-fuer-einen-schueleraustausch-nach-nach-deutschland-bewerbungsfrist-fuer-einen-vierwoechigen-sommeraufenthalt-bis-zum-15-februar-verlaengert\/"]}]},{"@type":"ImageObject","inLanguage":"de-DE","@id":"https:\/\/www.ssyl.fi\/de\/nachrichten\/die-bewerbung-fuer-einen-schueleraustausch-nach-nach-deutschland-bewerbungsfrist-fuer-einen-vierwoechigen-sommeraufenthalt-bis-zum-15-februar-verlaengert\/#primaryimage","url":"https:\/\/www.ssyl.fi\/content\/uploads\/2026\/01\/shutterstock_1160109793-2000x500-c-default-300x75.jpg","contentUrl":"https:\/\/www.ssyl.fi\/content\/uploads\/2026\/01\/shutterstock_1160109793-2000x500-c-default-300x75.jpg"},{"@type":"BreadcrumbList","@id":"https:\/\/www.ssyl.fi\/de\/nachrichten\/die-bewerbung-fuer-einen-schueleraustausch-nach-nach-deutschland-bewerbungsfrist-fuer-einen-vierwoechigen-sommeraufenthalt-bis-zum-15-februar-verlaengert\/#breadcrumb","itemListElement":[{"@type":"ListItem","position":1,"name":"Home","item":"https:\/\/www.ssyl.fi\/de\/"},{"@type":"ListItem","position":2,"name":"Die Bewerbung f\u00fcr einen Sch\u00fcleraustausch nach Deutschland. Bewerbungsfrist f\u00fcr einen vierw\u00f6chigen Sommeraufenthalt bis zum 15. Februar verl\u00e4ngert."}]},{"@type":"WebSite","@id":"https:\/\/www.ssyl.fi\/de\/#website","url":"https:\/\/www.ssyl.fi\/de\/","name":"Suomi-Saksa Yhdistysten Liitto ry","description":"","potentialAction":[{"@type":"SearchAction","target":{"@type":"EntryPoint","urlTemplate":"https:\/\/www.ssyl.fi\/de\/?s={search_term_string}"},"query-input":{"@type":"PropertyValueSpecification","valueRequired":true,"valueName":"search_term_string"}}],"inLanguage":"de-DE"},{"@type":"Person","@id":"https:\/\/www.ssyl.fi\/de\/#\/schema\/person\/2b96b83814fe1017549ecea7835ab645","name":"Sanne Tschirpke","image":{"@type":"ImageObject","inLanguage":"de-DE","@id":"https:\/\/secure.gravatar.com\/avatar\/4a2ea52953ac4c1367629a4bd7292c38deb562fa5b6d057ac08ea326024dc662?s=96&d=mm&r=g","url":"https:\/\/secure.gravatar.com\/avatar\/4a2ea52953ac4c1367629a4bd7292c38deb562fa5b6d057ac08ea326024dc662?s=96&d=mm&r=g","contentUrl":"https:\/\/secure.gravatar.com\/avatar\/4a2ea52953ac4c1367629a4bd7292c38deb562fa5b6d057ac08ea326024dc662?s=96&d=mm&r=g","caption":"Sanne Tschirpke"},"url":"https:\/\/www.ssyl.fi\/de\/author\/ssyl\/"}]}},"_links":{"self":[{"href":"https:\/\/www.ssyl.fi\/de\/wp-json\/wp\/v2\/posts\/12081","targetHints":{"allow":["GET"]}}],"collection":[{"href":"https:\/\/www.ssyl.fi\/de\/wp-json\/wp\/v2\/posts"}],"about":[{"href":"https:\/\/www.ssyl.fi\/de\/wp-json\/wp\/v2\/types\/post"}],"author":[{"embeddable":true,"href":"https:\/\/www.ssyl.fi\/de\/wp-json\/wp\/v2\/users\/2"}],"replies":[{"embeddable":true,"href":"https:\/\/www.ssyl.fi\/de\/wp-json\/wp\/v2\/comments?post=12081"}],"version-history":[{"count":5,"href":"https:\/\/www.ssyl.fi\/de\/wp-json\/wp\/v2\/posts\/12081\/revisions"}],"predecessor-version":[{"id":12183,"href":"https:\/\/www.ssyl.fi\/de\/wp-json\/wp\/v2\/posts\/12081\/revisions\/12183"}],"wp:attachment":[{"href":"https:\/\/www.ssyl.fi\/de\/wp-json\/wp\/v2\/media?parent=12081"}],"wp:term":[{"taxonomy":"category","embeddable":true,"href":"https:\/\/www.ssyl.fi\/de\/wp-json\/wp\/v2\/categories?post=12081"},{"taxonomy":"post_tag","embeddable":true,"href":"https:\/\/www.ssyl.fi\/de\/wp-json\/wp\/v2\/tags?post=12081"}],"curies":[{"name":"wp","href":"https:\/\/api.w.org\/{rel}","templated":true}]}}