{"id":12226,"date":"2026-02-20T14:01:51","date_gmt":"2026-02-20T12:01:51","guid":{"rendered":"https:\/\/www.ssyl.fi\/?p=12226"},"modified":"2026-02-20T14:01:51","modified_gmt":"2026-02-20T12:01:51","slug":"oeffnet-als-gastfamilie-deutschen-austauschschuelerinnen-und-schuelern-euer-zuhause-fuer-vier-wochen-oder-fuer-das-herbsthalbjahr-bis-weihnachten","status":"publish","type":"post","link":"https:\/\/www.ssyl.fi\/de\/nachrichten\/oeffnet-als-gastfamilie-deutschen-austauschschuelerinnen-und-schuelern-euer-zuhause-fuer-vier-wochen-oder-fuer-das-herbsthalbjahr-bis-weihnachten\/","title":{"rendered":"\u00d6ffnet als Gastfamilie deutschen Austauschsch\u00fclerinnen und -sch\u00fclern euer Zuhause f\u00fcr vier Wochen oder f\u00fcr das Herbsthalbjahr bis Weihnachten"},"content":{"rendered":"<div class=\"flex max-w-full flex-col grow\">\n<div class=\"min-h-8 text-message relative flex w-full flex-col items-end gap-2 text-start break-words whitespace-normal [.text-message+&amp;]:mt-1\" dir=\"auto\" data-message-author-role=\"assistant\" data-message-id=\"7a6cdc88-1131-44ca-923a-fc9dfe455671\" data-message-model-slug=\"gpt-5-2\">\n<div class=\"flex w-full flex-col gap-1 empty:hidden first:pt-[1px]\">\n<div class=\"markdown prose dark:prose-invert w-full wrap-break-word light markdown-new-styling\">\n<p data-start=\"0\" data-end=\"161\"><img loading=\"lazy\" decoding=\"async\" class=\"alignleft size-medium wp-image-12221\" src=\"https:\/\/www.ssyl.fi\/content\/uploads\/2026\/02\/isantaperheeksi-300x191.jpeg\" alt=\"\" width=\"300\" height=\"191\" srcset=\"https:\/\/www.ssyl.fi\/content\/uploads\/2026\/02\/isantaperheeksi-300x191.jpeg 300w, https:\/\/www.ssyl.fi\/content\/uploads\/2026\/02\/isantaperheeksi-768x489.jpeg 768w, https:\/\/www.ssyl.fi\/content\/uploads\/2026\/02\/isantaperheeksi.jpeg 915w\" sizes=\"auto, (max-width: 300px) 100vw, 300px\" \/>Der SSYL sucht ab August 2026 f\u00fcr zahlreiche an Finnland interessierte deutsche Austauschsch\u00fclerinnen und -sch\u00fcler aus Finnland Gastfamilien. Die Jugendlichen werden vier Wochen oder ca. vier Monate in Finnland verbringen. Sie sind zwischen 14 und 18 Jahre alt. In Finnland besuchen sie eine \u00f6rtliche Schule und leben in einer Gastfamilie, an deren Alltag und Freizeit sie teilnehmen.<\/p>\n<p data-start=\"398\" data-end=\"696\" data-is-last-node=\"\" data-is-only-node=\"\"><a href=\"https:\/\/www.ssyl.fi\/de\/gastfamilie\/\">N\u00e4here Informationen und Bewerbunslink auf unserer finnischsprachigen Seite<\/a><\/p>\n<\/div>\n<\/div>\n<\/div>\n<\/div>\n<div class=\"z-0 flex min-h-[46px] justify-start\"><\/div>\n","protected":false},"excerpt":{"rendered":"<p>Der SSYL sucht ab August 2026 f\u00fcr zahlreiche an Finnland interessierte deutsche Austauschsch\u00fclerinnen und -sch\u00fcler aus Finnland Gastfamilien. Die Jugendlichen werden vier Wochen oder ca. vier Monate in Finnland verbringen. Sie sind zwischen 14 und 18 Jahre alt. In Finnland besuchen sie eine \u00f6rtliche Schule und leben in einer Gastfamilie, an deren Alltag und Freizeit [&hellip;]<\/p>\n","protected":false},"author":2,"featured_media":0,"comment_status":"closed","ping_status":"closed","sticky":false,"template":"","format":"standard","meta":{"footnotes":""},"categories":[3],"tags":[],"class_list":["post-12226","post","type-post","status-publish","format-standard","hentry","category-nachrichten"],"yoast_head":"<!-- This site is optimized with the Yoast SEO plugin v27.3 - https:\/\/yoast.com\/product\/yoast-seo-wordpress\/ -->\n<title>\u00d6ffnet als Gastfamilie deutschen Austauschsch\u00fclerinnen und -sch\u00fclern euer Zuhause f\u00fcr vier Wochen oder f\u00fcr das Herbsthalbjahr bis Weihnachten - Suomi-Saksa Yhdistysten Liitto ry<\/title>\n<meta name=\"robots\" content=\"index, follow, max-snippet:-1, max-image-preview:large, max-video-preview:-1\" \/>\n<link rel=\"canonical\" href=\"https:\/\/www.ssyl.fi\/de\/nachrichten\/oeffnet-als-gastfamilie-deutschen-austauschschuelerinnen-und-schuelern-euer-zuhause-fuer-vier-wochen-oder-fuer-das-herbsthalbjahr-bis-weihnachten\/\" \/>\n<meta property=\"og:locale\" content=\"de_DE\" \/>\n<meta property=\"og:type\" content=\"article\" \/>\n<meta property=\"og:title\" content=\"\u00d6ffnet als Gastfamilie deutschen Austauschsch\u00fclerinnen und -sch\u00fclern euer Zuhause f\u00fcr vier Wochen oder f\u00fcr das Herbsthalbjahr bis Weihnachten - Suomi-Saksa Yhdistysten Liitto ry\" \/>\n<meta property=\"og:description\" content=\"Der SSYL sucht ab August 2026 f\u00fcr zahlreiche an Finnland interessierte deutsche Austauschsch\u00fclerinnen und -sch\u00fcler aus Finnland Gastfamilien. Die Jugendlichen werden vier Wochen oder ca. vier Monate in Finnland verbringen. Sie sind zwischen 14 und 18 Jahre alt. In Finnland besuchen sie eine \u00f6rtliche Schule und leben in einer Gastfamilie, an deren Alltag und Freizeit [&hellip;]\" \/>\n<meta property=\"og:url\" content=\"https:\/\/www.ssyl.fi\/de\/nachrichten\/oeffnet-als-gastfamilie-deutschen-austauschschuelerinnen-und-schuelern-euer-zuhause-fuer-vier-wochen-oder-fuer-das-herbsthalbjahr-bis-weihnachten\/\" \/>\n<meta property=\"og:site_name\" content=\"Suomi-Saksa Yhdistysten Liitto ry\" \/>\n<meta property=\"article:publisher\" content=\"http:\/\/www.facebook.com\/ssyl.fi\" \/>\n<meta property=\"article:published_time\" content=\"2026-02-20T12:01:51+00:00\" \/>\n<meta property=\"og:image\" content=\"https:\/\/www.ssyl.fi\/content\/uploads\/2026\/02\/isantaperheeksi.jpeg\" \/>\n\t<meta property=\"og:image:width\" content=\"915\" \/>\n\t<meta property=\"og:image:height\" content=\"583\" \/>\n\t<meta property=\"og:image:type\" content=\"image\/jpeg\" \/>\n<meta name=\"author\" content=\"Sanne Tschirpke\" \/>\n<meta name=\"twitter:card\" content=\"summary_large_image\" \/>\n<meta name=\"twitter:label1\" content=\"Written by\" \/>\n\t<meta name=\"twitter:data1\" content=\"Sanne Tschirpke\" \/>\n\t<meta name=\"twitter:label2\" content=\"Est. reading time\" \/>\n\t<meta name=\"twitter:data2\" content=\"1 minute\" \/>\n<script type=\"application\/ld+json\" class=\"yoast-schema-graph\">{\"@context\":\"https:\\\/\\\/schema.org\",\"@graph\":[{\"@type\":\"Article\",\"@id\":\"https:\\\/\\\/www.ssyl.fi\\\/de\\\/nachrichten\\\/oeffnet-als-gastfamilie-deutschen-austauschschuelerinnen-und-schuelern-euer-zuhause-fuer-vier-wochen-oder-fuer-das-herbsthalbjahr-bis-weihnachten\\\/#article\",\"isPartOf\":{\"@id\":\"https:\\\/\\\/www.ssyl.fi\\\/de\\\/nachrichten\\\/oeffnet-als-gastfamilie-deutschen-austauschschuelerinnen-und-schuelern-euer-zuhause-fuer-vier-wochen-oder-fuer-das-herbsthalbjahr-bis-weihnachten\\\/\"},\"author\":{\"name\":\"Sanne Tschirpke\",\"@id\":\"https:\\\/\\\/www.ssyl.fi\\\/de\\\/#\\\/schema\\\/person\\\/2b96b83814fe1017549ecea7835ab645\"},\"headline\":\"\u00d6ffnet als Gastfamilie deutschen Austauschsch\u00fclerinnen und -sch\u00fclern euer Zuhause f\u00fcr vier Wochen oder f\u00fcr das Herbsthalbjahr bis Weihnachten\",\"datePublished\":\"2026-02-20T12:01:51+00:00\",\"mainEntityOfPage\":{\"@id\":\"https:\\\/\\\/www.ssyl.fi\\\/de\\\/nachrichten\\\/oeffnet-als-gastfamilie-deutschen-austauschschuelerinnen-und-schuelern-euer-zuhause-fuer-vier-wochen-oder-fuer-das-herbsthalbjahr-bis-weihnachten\\\/\"},\"wordCount\":88,\"image\":{\"@id\":\"https:\\\/\\\/www.ssyl.fi\\\/de\\\/nachrichten\\\/oeffnet-als-gastfamilie-deutschen-austauschschuelerinnen-und-schuelern-euer-zuhause-fuer-vier-wochen-oder-fuer-das-herbsthalbjahr-bis-weihnachten\\\/#primaryimage\"},\"thumbnailUrl\":\"https:\\\/\\\/www.ssyl.fi\\\/content\\\/uploads\\\/2026\\\/02\\\/isantaperheeksi-300x191.jpeg\",\"articleSection\":[\"Nachrichten\"],\"inLanguage\":\"de-DE\"},{\"@type\":\"WebPage\",\"@id\":\"https:\\\/\\\/www.ssyl.fi\\\/de\\\/nachrichten\\\/oeffnet-als-gastfamilie-deutschen-austauschschuelerinnen-und-schuelern-euer-zuhause-fuer-vier-wochen-oder-fuer-das-herbsthalbjahr-bis-weihnachten\\\/\",\"url\":\"https:\\\/\\\/www.ssyl.fi\\\/de\\\/nachrichten\\\/oeffnet-als-gastfamilie-deutschen-austauschschuelerinnen-und-schuelern-euer-zuhause-fuer-vier-wochen-oder-fuer-das-herbsthalbjahr-bis-weihnachten\\\/\",\"name\":\"\u00d6ffnet als Gastfamilie deutschen Austauschsch\u00fclerinnen und -sch\u00fclern euer Zuhause f\u00fcr vier Wochen oder f\u00fcr das Herbsthalbjahr bis Weihnachten - Suomi-Saksa Yhdistysten Liitto ry\",\"isPartOf\":{\"@id\":\"https:\\\/\\\/www.ssyl.fi\\\/de\\\/#website\"},\"primaryImageOfPage\":{\"@id\":\"https:\\\/\\\/www.ssyl.fi\\\/de\\\/nachrichten\\\/oeffnet-als-gastfamilie-deutschen-austauschschuelerinnen-und-schuelern-euer-zuhause-fuer-vier-wochen-oder-fuer-das-herbsthalbjahr-bis-weihnachten\\\/#primaryimage\"},\"image\":{\"@id\":\"https:\\\/\\\/www.ssyl.fi\\\/de\\\/nachrichten\\\/oeffnet-als-gastfamilie-deutschen-austauschschuelerinnen-und-schuelern-euer-zuhause-fuer-vier-wochen-oder-fuer-das-herbsthalbjahr-bis-weihnachten\\\/#primaryimage\"},\"thumbnailUrl\":\"https:\\\/\\\/www.ssyl.fi\\\/content\\\/uploads\\\/2026\\\/02\\\/isantaperheeksi-300x191.jpeg\",\"datePublished\":\"2026-02-20T12:01:51+00:00\",\"author\":{\"@id\":\"https:\\\/\\\/www.ssyl.fi\\\/de\\\/#\\\/schema\\\/person\\\/2b96b83814fe1017549ecea7835ab645\"},\"breadcrumb\":{\"@id\":\"https:\\\/\\\/www.ssyl.fi\\\/de\\\/nachrichten\\\/oeffnet-als-gastfamilie-deutschen-austauschschuelerinnen-und-schuelern-euer-zuhause-fuer-vier-wochen-oder-fuer-das-herbsthalbjahr-bis-weihnachten\\\/#breadcrumb\"},\"inLanguage\":\"de-DE\",\"potentialAction\":[{\"@type\":\"ReadAction\",\"target\":[\"https:\\\/\\\/www.ssyl.fi\\\/de\\\/nachrichten\\\/oeffnet-als-gastfamilie-deutschen-austauschschuelerinnen-und-schuelern-euer-zuhause-fuer-vier-wochen-oder-fuer-das-herbsthalbjahr-bis-weihnachten\\\/\"]}]},{\"@type\":\"ImageObject\",\"inLanguage\":\"de-DE\",\"@id\":\"https:\\\/\\\/www.ssyl.fi\\\/de\\\/nachrichten\\\/oeffnet-als-gastfamilie-deutschen-austauschschuelerinnen-und-schuelern-euer-zuhause-fuer-vier-wochen-oder-fuer-das-herbsthalbjahr-bis-weihnachten\\\/#primaryimage\",\"url\":\"https:\\\/\\\/www.ssyl.fi\\\/content\\\/uploads\\\/2026\\\/02\\\/isantaperheeksi-300x191.jpeg\",\"contentUrl\":\"https:\\\/\\\/www.ssyl.fi\\\/content\\\/uploads\\\/2026\\\/02\\\/isantaperheeksi-300x191.jpeg\"},{\"@type\":\"BreadcrumbList\",\"@id\":\"https:\\\/\\\/www.ssyl.fi\\\/de\\\/nachrichten\\\/oeffnet-als-gastfamilie-deutschen-austauschschuelerinnen-und-schuelern-euer-zuhause-fuer-vier-wochen-oder-fuer-das-herbsthalbjahr-bis-weihnachten\\\/#breadcrumb\",\"itemListElement\":[{\"@type\":\"ListItem\",\"position\":1,\"name\":\"Home\",\"item\":\"https:\\\/\\\/www.ssyl.fi\\\/de\\\/\"},{\"@type\":\"ListItem\",\"position\":2,\"name\":\"\u00d6ffnet als Gastfamilie deutschen Austauschsch\u00fclerinnen und -sch\u00fclern euer Zuhause f\u00fcr vier Wochen oder f\u00fcr das Herbsthalbjahr bis Weihnachten\"}]},{\"@type\":\"WebSite\",\"@id\":\"https:\\\/\\\/www.ssyl.fi\\\/de\\\/#website\",\"url\":\"https:\\\/\\\/www.ssyl.fi\\\/de\\\/\",\"name\":\"Suomi-Saksa Yhdistysten Liitto ry\",\"description\":\"\",\"potentialAction\":[{\"@type\":\"SearchAction\",\"target\":{\"@type\":\"EntryPoint\",\"urlTemplate\":\"https:\\\/\\\/www.ssyl.fi\\\/de\\\/?s={search_term_string}\"},\"query-input\":{\"@type\":\"PropertyValueSpecification\",\"valueRequired\":true,\"valueName\":\"search_term_string\"}}],\"inLanguage\":\"de-DE\"},{\"@type\":\"Person\",\"@id\":\"https:\\\/\\\/www.ssyl.fi\\\/de\\\/#\\\/schema\\\/person\\\/2b96b83814fe1017549ecea7835ab645\",\"name\":\"Sanne Tschirpke\",\"image\":{\"@type\":\"ImageObject\",\"inLanguage\":\"de-DE\",\"@id\":\"https:\\\/\\\/secure.gravatar.com\\\/avatar\\\/4a2ea52953ac4c1367629a4bd7292c38deb562fa5b6d057ac08ea326024dc662?s=96&d=mm&r=g\",\"url\":\"https:\\\/\\\/secure.gravatar.com\\\/avatar\\\/4a2ea52953ac4c1367629a4bd7292c38deb562fa5b6d057ac08ea326024dc662?s=96&d=mm&r=g\",\"contentUrl\":\"https:\\\/\\\/secure.gravatar.com\\\/avatar\\\/4a2ea52953ac4c1367629a4bd7292c38deb562fa5b6d057ac08ea326024dc662?s=96&d=mm&r=g\",\"caption\":\"Sanne Tschirpke\"},\"url\":\"https:\\\/\\\/www.ssyl.fi\\\/de\\\/author\\\/ssyl\\\/\"}]}<\/script>\n<!-- \/ Yoast SEO plugin. -->","yoast_head_json":{"title":"\u00d6ffnet als Gastfamilie deutschen Austauschsch\u00fclerinnen und -sch\u00fclern euer Zuhause f\u00fcr vier Wochen oder f\u00fcr das Herbsthalbjahr bis Weihnachten - Suomi-Saksa Yhdistysten Liitto ry","robots":{"index":"index","follow":"follow","max-snippet":"max-snippet:-1","max-image-preview":"max-image-preview:large","max-video-preview":"max-video-preview:-1"},"canonical":"https:\/\/www.ssyl.fi\/de\/nachrichten\/oeffnet-als-gastfamilie-deutschen-austauschschuelerinnen-und-schuelern-euer-zuhause-fuer-vier-wochen-oder-fuer-das-herbsthalbjahr-bis-weihnachten\/","og_locale":"de_DE","og_type":"article","og_title":"\u00d6ffnet als Gastfamilie deutschen Austauschsch\u00fclerinnen und -sch\u00fclern euer Zuhause f\u00fcr vier Wochen oder f\u00fcr das Herbsthalbjahr bis Weihnachten - Suomi-Saksa Yhdistysten Liitto ry","og_description":"Der SSYL sucht ab August 2026 f\u00fcr zahlreiche an Finnland interessierte deutsche Austauschsch\u00fclerinnen und -sch\u00fcler aus Finnland Gastfamilien. Die Jugendlichen werden vier Wochen oder ca. vier Monate in Finnland verbringen. Sie sind zwischen 14 und 18 Jahre alt. In Finnland besuchen sie eine \u00f6rtliche Schule und leben in einer Gastfamilie, an deren Alltag und Freizeit [&hellip;]","og_url":"https:\/\/www.ssyl.fi\/de\/nachrichten\/oeffnet-als-gastfamilie-deutschen-austauschschuelerinnen-und-schuelern-euer-zuhause-fuer-vier-wochen-oder-fuer-das-herbsthalbjahr-bis-weihnachten\/","og_site_name":"Suomi-Saksa Yhdistysten Liitto ry","article_publisher":"http:\/\/www.facebook.com\/ssyl.fi","article_published_time":"2026-02-20T12:01:51+00:00","og_image":[{"width":915,"height":583,"url":"https:\/\/www.ssyl.fi\/content\/uploads\/2026\/02\/isantaperheeksi.jpeg","type":"image\/jpeg"}],"author":"Sanne Tschirpke","twitter_card":"summary_large_image","twitter_misc":{"Written by":"Sanne Tschirpke","Est. reading time":"1 minute"},"schema":{"@context":"https:\/\/schema.org","@graph":[{"@type":"Article","@id":"https:\/\/www.ssyl.fi\/de\/nachrichten\/oeffnet-als-gastfamilie-deutschen-austauschschuelerinnen-und-schuelern-euer-zuhause-fuer-vier-wochen-oder-fuer-das-herbsthalbjahr-bis-weihnachten\/#article","isPartOf":{"@id":"https:\/\/www.ssyl.fi\/de\/nachrichten\/oeffnet-als-gastfamilie-deutschen-austauschschuelerinnen-und-schuelern-euer-zuhause-fuer-vier-wochen-oder-fuer-das-herbsthalbjahr-bis-weihnachten\/"},"author":{"name":"Sanne Tschirpke","@id":"https:\/\/www.ssyl.fi\/de\/#\/schema\/person\/2b96b83814fe1017549ecea7835ab645"},"headline":"\u00d6ffnet als Gastfamilie deutschen Austauschsch\u00fclerinnen und -sch\u00fclern euer Zuhause f\u00fcr vier Wochen oder f\u00fcr das Herbsthalbjahr bis Weihnachten","datePublished":"2026-02-20T12:01:51+00:00","mainEntityOfPage":{"@id":"https:\/\/www.ssyl.fi\/de\/nachrichten\/oeffnet-als-gastfamilie-deutschen-austauschschuelerinnen-und-schuelern-euer-zuhause-fuer-vier-wochen-oder-fuer-das-herbsthalbjahr-bis-weihnachten\/"},"wordCount":88,"image":{"@id":"https:\/\/www.ssyl.fi\/de\/nachrichten\/oeffnet-als-gastfamilie-deutschen-austauschschuelerinnen-und-schuelern-euer-zuhause-fuer-vier-wochen-oder-fuer-das-herbsthalbjahr-bis-weihnachten\/#primaryimage"},"thumbnailUrl":"https:\/\/www.ssyl.fi\/content\/uploads\/2026\/02\/isantaperheeksi-300x191.jpeg","articleSection":["Nachrichten"],"inLanguage":"de-DE"},{"@type":"WebPage","@id":"https:\/\/www.ssyl.fi\/de\/nachrichten\/oeffnet-als-gastfamilie-deutschen-austauschschuelerinnen-und-schuelern-euer-zuhause-fuer-vier-wochen-oder-fuer-das-herbsthalbjahr-bis-weihnachten\/","url":"https:\/\/www.ssyl.fi\/de\/nachrichten\/oeffnet-als-gastfamilie-deutschen-austauschschuelerinnen-und-schuelern-euer-zuhause-fuer-vier-wochen-oder-fuer-das-herbsthalbjahr-bis-weihnachten\/","name":"\u00d6ffnet als Gastfamilie deutschen Austauschsch\u00fclerinnen und -sch\u00fclern euer Zuhause f\u00fcr vier Wochen oder f\u00fcr das Herbsthalbjahr bis Weihnachten - Suomi-Saksa Yhdistysten Liitto ry","isPartOf":{"@id":"https:\/\/www.ssyl.fi\/de\/#website"},"primaryImageOfPage":{"@id":"https:\/\/www.ssyl.fi\/de\/nachrichten\/oeffnet-als-gastfamilie-deutschen-austauschschuelerinnen-und-schuelern-euer-zuhause-fuer-vier-wochen-oder-fuer-das-herbsthalbjahr-bis-weihnachten\/#primaryimage"},"image":{"@id":"https:\/\/www.ssyl.fi\/de\/nachrichten\/oeffnet-als-gastfamilie-deutschen-austauschschuelerinnen-und-schuelern-euer-zuhause-fuer-vier-wochen-oder-fuer-das-herbsthalbjahr-bis-weihnachten\/#primaryimage"},"thumbnailUrl":"https:\/\/www.ssyl.fi\/content\/uploads\/2026\/02\/isantaperheeksi-300x191.jpeg","datePublished":"2026-02-20T12:01:51+00:00","author":{"@id":"https:\/\/www.ssyl.fi\/de\/#\/schema\/person\/2b96b83814fe1017549ecea7835ab645"},"breadcrumb":{"@id":"https:\/\/www.ssyl.fi\/de\/nachrichten\/oeffnet-als-gastfamilie-deutschen-austauschschuelerinnen-und-schuelern-euer-zuhause-fuer-vier-wochen-oder-fuer-das-herbsthalbjahr-bis-weihnachten\/#breadcrumb"},"inLanguage":"de-DE","potentialAction":[{"@type":"ReadAction","target":["https:\/\/www.ssyl.fi\/de\/nachrichten\/oeffnet-als-gastfamilie-deutschen-austauschschuelerinnen-und-schuelern-euer-zuhause-fuer-vier-wochen-oder-fuer-das-herbsthalbjahr-bis-weihnachten\/"]}]},{"@type":"ImageObject","inLanguage":"de-DE","@id":"https:\/\/www.ssyl.fi\/de\/nachrichten\/oeffnet-als-gastfamilie-deutschen-austauschschuelerinnen-und-schuelern-euer-zuhause-fuer-vier-wochen-oder-fuer-das-herbsthalbjahr-bis-weihnachten\/#primaryimage","url":"https:\/\/www.ssyl.fi\/content\/uploads\/2026\/02\/isantaperheeksi-300x191.jpeg","contentUrl":"https:\/\/www.ssyl.fi\/content\/uploads\/2026\/02\/isantaperheeksi-300x191.jpeg"},{"@type":"BreadcrumbList","@id":"https:\/\/www.ssyl.fi\/de\/nachrichten\/oeffnet-als-gastfamilie-deutschen-austauschschuelerinnen-und-schuelern-euer-zuhause-fuer-vier-wochen-oder-fuer-das-herbsthalbjahr-bis-weihnachten\/#breadcrumb","itemListElement":[{"@type":"ListItem","position":1,"name":"Home","item":"https:\/\/www.ssyl.fi\/de\/"},{"@type":"ListItem","position":2,"name":"\u00d6ffnet als Gastfamilie deutschen Austauschsch\u00fclerinnen und -sch\u00fclern euer Zuhause f\u00fcr vier Wochen oder f\u00fcr das Herbsthalbjahr bis Weihnachten"}]},{"@type":"WebSite","@id":"https:\/\/www.ssyl.fi\/de\/#website","url":"https:\/\/www.ssyl.fi\/de\/","name":"Suomi-Saksa Yhdistysten Liitto ry","description":"","potentialAction":[{"@type":"SearchAction","target":{"@type":"EntryPoint","urlTemplate":"https:\/\/www.ssyl.fi\/de\/?s={search_term_string}"},"query-input":{"@type":"PropertyValueSpecification","valueRequired":true,"valueName":"search_term_string"}}],"inLanguage":"de-DE"},{"@type":"Person","@id":"https:\/\/www.ssyl.fi\/de\/#\/schema\/person\/2b96b83814fe1017549ecea7835ab645","name":"Sanne Tschirpke","image":{"@type":"ImageObject","inLanguage":"de-DE","@id":"https:\/\/secure.gravatar.com\/avatar\/4a2ea52953ac4c1367629a4bd7292c38deb562fa5b6d057ac08ea326024dc662?s=96&d=mm&r=g","url":"https:\/\/secure.gravatar.com\/avatar\/4a2ea52953ac4c1367629a4bd7292c38deb562fa5b6d057ac08ea326024dc662?s=96&d=mm&r=g","contentUrl":"https:\/\/secure.gravatar.com\/avatar\/4a2ea52953ac4c1367629a4bd7292c38deb562fa5b6d057ac08ea326024dc662?s=96&d=mm&r=g","caption":"Sanne Tschirpke"},"url":"https:\/\/www.ssyl.fi\/de\/author\/ssyl\/"}]}},"_links":{"self":[{"href":"https:\/\/www.ssyl.fi\/de\/wp-json\/wp\/v2\/posts\/12226","targetHints":{"allow":["GET"]}}],"collection":[{"href":"https:\/\/www.ssyl.fi\/de\/wp-json\/wp\/v2\/posts"}],"about":[{"href":"https:\/\/www.ssyl.fi\/de\/wp-json\/wp\/v2\/types\/post"}],"author":[{"embeddable":true,"href":"https:\/\/www.ssyl.fi\/de\/wp-json\/wp\/v2\/users\/2"}],"replies":[{"embeddable":true,"href":"https:\/\/www.ssyl.fi\/de\/wp-json\/wp\/v2\/comments?post=12226"}],"version-history":[{"count":1,"href":"https:\/\/www.ssyl.fi\/de\/wp-json\/wp\/v2\/posts\/12226\/revisions"}],"predecessor-version":[{"id":12227,"href":"https:\/\/www.ssyl.fi\/de\/wp-json\/wp\/v2\/posts\/12226\/revisions\/12227"}],"wp:attachment":[{"href":"https:\/\/www.ssyl.fi\/de\/wp-json\/wp\/v2\/media?parent=12226"}],"wp:term":[{"taxonomy":"category","embeddable":true,"href":"https:\/\/www.ssyl.fi\/de\/wp-json\/wp\/v2\/categories?post=12226"},{"taxonomy":"post_tag","embeddable":true,"href":"https:\/\/www.ssyl.fi\/de\/wp-json\/wp\/v2\/tags?post=12226"}],"curies":[{"name":"wp","href":"https:\/\/api.w.org\/{rel}","templated":true}]}}