{"id":12243,"date":"2026-02-24T12:45:07","date_gmt":"2026-02-24T10:45:07","guid":{"rendered":"https:\/\/www.ssyl.fi\/?p=12243"},"modified":"2026-03-01T10:36:51","modified_gmt":"2026-03-01T08:36:51","slug":"virtueller-themenabend-am-30-3-2026-18-19-30-uhr-e-t-a-hoffmann-warum-uns-ein-autor-von-1776-heute-noch-unheimlich-nah-ist","status":"publish","type":"post","link":"https:\/\/www.ssyl.fi\/de\/nachrichten\/virtueller-themenabend-am-30-3-2026-18-19-30-uhr-e-t-a-hoffmann-warum-uns-ein-autor-von-1776-heute-noch-unheimlich-nah-ist\/","title":{"rendered":"Virtueller Themenabend am Montag, 30.3.2026, 18-19.30 Uhr: E. T. A. Hoffmann. Warum uns ein Autor von 1776 heute noch unheimlich nah ist"},"content":{"rendered":"<h1 lang=\"de-DE\" align=\"LEFT\"><span lang=\"de-DE\">Vortrag zum 250. Geburtstag von E. T. A. Hoffmann auf Zoom<\/span><\/h1>\n<p lang=\"de-DE\" align=\"LEFT\">Herzlich willkommen zum Vortrag von Dr. phil. Christian Rink, Universit\u00e4tslektor der Universit\u00e4t Helsinki!<\/p>\n<p lang=\"de-DE\" align=\"LEFT\"><span style=\"color: #000000;\"><span style=\"font-family: Helvetica Neue, serif;\"><span style=\"font-size: small;\"><span style=\"font-family: Cambria, serif;\"><span lang=\"de-DE\">Was ha<\/span><\/span><span style=\"font-family: Cambria, serif;\"><span lang=\"sv-SE\">t<\/span><\/span><span style=\"font-family: Cambria, serif;\"> k\u00fc<\/span><span style=\"font-family: Cambria, serif;\"><span lang=\"de-DE\">nstliche Intelligenz<\/span><\/span> <span style=\"font-family: Cambria, serif;\"><span lang=\"de-DE\">mit der Schwarzen Romantik zu tun?<\/span><\/span> <\/span><\/span><\/span><\/p>\n<p lang=\"de-DE\" align=\"LEFT\"><span style=\"color: #000000;\"><span style=\"font-family: Helvetica Neue, serif;\"><span style=\"font-size: small;\"><span style=\"font-family: Cambria, serif;\"><span lang=\"de-DE\">Hoffmann war ein Extremfall<\/span><\/span><span style=\"font-family: Cambria, serif;\"><span lang=\"sv-SE\">. T<\/span><\/span><span style=\"font-family: Cambria, serif;\">ags\u00fcber <\/span><span style=\"font-family: Cambria, serif;\"><span lang=\"sv-SE\">hochfunktionaler <\/span><\/span><span style=\"font-family: Cambria, serif;\">preu<\/span><span style=\"font-family: Cambria, serif;\"><span lang=\"de-DE\">\u00dfischer Beamter, nachts Schriftsteller, Komponist und Zeichner. In seinen Texten<\/span><\/span><span style=\"font-family: Cambria, serif;\"><span lang=\"sv-SE\">, die <\/span><\/span><span style=\"font-family: Cambria, serif;\"><span lang=\"de-DE\">oft unter Einsatz von Alkohol und<\/span><\/span><span style=\"font-family: Cambria, serif;\"><span lang=\"sv-SE\"> in exzessiven Schreibepisoden entstanden, <\/span><\/span><span style=\"font-family: Cambria, serif;\"><span lang=\"de-DE\">erforschte er Abgr<\/span><\/span><span style=\"font-family: Cambria, serif;\">\u00fc<\/span><span style=\"font-family: Cambria, serif;\"><span lang=\"de-DE\">nde der menschlichen Psyche<\/span><\/span><span style=\"font-family: Cambria, serif;\"><span lang=\"sv-SE\">,<\/span><\/span><span style=\"font-family: Cambria, serif;\"><span lang=\"de-DE\"> lange bevor es Psychologie oder KI-Debatten ga<\/span><\/span><span style=\"font-family: Cambria, serif;\"><span lang=\"sv-SE\">b. <\/span><\/span><\/span><\/span><\/span><\/p>\n<p lang=\"de-DE\" align=\"LEFT\"><span style=\"color: #000000;\"><span style=\"font-family: Helvetica Neue, serif;\"><span style=\"font-size: small;\"><span style=\"font-family: Cambria, serif;\">Ber\u00fc<\/span><span style=\"font-family: Cambria, serif;\"><span lang=\"de-DE\">hmt ist Hoffmann <\/span><\/span><span style=\"font-family: Cambria, serif;\"><span lang=\"sv-SE\">nicht zuletzt <\/span><\/span><span style=\"font-family: Cambria, serif;\">f\u00fc<\/span><span style=\"font-family: Cambria, serif;\"><span lang=\"de-DE\">r seine k<\/span><\/span><span style=\"font-family: Cambria, serif;\">\u00fc<\/span><span style=\"font-family: Cambria, serif;\"><span lang=\"de-DE\">nstlichen Wesen, allen voran die Automatenfigur Olimpia aus <\/span><\/span><span style=\"font-family: Cambria Italic, serif;\"><span lang=\"de-DE\">Der Sandmann<\/span><\/span><span style=\"font-family: Cambria, serif;\"><span lang=\"de-DE\">: Ist sie Maschine oder Mensch<\/span><\/span><span style=\"font-family: Cambria, serif;\"><span lang=\"sv-SE\">,<\/span><\/span><span style=\"font-family: Cambria, serif;\"><span lang=\"de-DE\"> oder nur eine Projektionsfl<\/span><\/span><span style=\"font-family: Cambria, serif;\">\u00e4<\/span><span style=\"font-family: Cambria, serif;\"><span lang=\"de-DE\">che unserer W<\/span><\/span><span style=\"font-family: Cambria, serif;\">\u00fc<\/span><span style=\"font-family: Cambria, serif;\"><span lang=\"de-DE\">nsche? Genau hier beginnt das <\/span><\/span><span style=\"font-family: Cambria, serif;\">\u201e<\/span><span style=\"font-family: Cambria, serif;\"><span lang=\"de-DE\">Unheimliche<\/span><\/span><span style=\"font-family: Cambria, serif;\"><span lang=\"ar-SA\">\u201c<\/span><\/span><span style=\"font-family: Cambria, serif;\"><span lang=\"de-DE\">, das sp<\/span><\/span><span style=\"font-family: Cambria, serif;\">\u00e4<\/span><span style=\"font-family: Cambria, serif;\"><span lang=\"de-DE\">ter Sigmund Freud<\/span><\/span> <span style=\"font-family: Cambria, serif;\">ber\u00fc<\/span><span style=\"font-family: Cambria, serif;\"><span lang=\"de-DE\">hmt analysierte.<\/span><\/span><span style=\"font-family: Cambria, serif;\"><span lang=\"sv-SE\"> Und beispielsweise Alex Garland im Film <\/span><\/span><span style=\"font-family: Cambria Italic, serif;\"><span lang=\"sv-SE\">Ex Machina <\/span><\/span><span style=\"font-family: Cambria, serif;\"><span lang=\"sv-SE\">aus dem Jahr 2014 fortschreibt und auf KI anwendet. <\/span><\/span><\/span><\/span><\/span><\/p>\n<p lang=\"de-DE\" align=\"LEFT\"><span style=\"color: #000000;\"><span style=\"font-family: Helvetica Neue, serif;\"><span style=\"font-size: small;\"><span style=\"font-family: Cambria, serif;\"><span lang=\"de-DE\">Der Vortrag zeigt, warum Hoffmann als fr<\/span><\/span><span style=\"font-family: Cambria, serif;\">\u00fc<\/span><span style=\"font-family: Cambria, serif;\"><span lang=\"de-DE\">her Vordenker moderner Fragen gilt:<\/span><\/span> <span style=\"font-family: Cambria, serif;\"><span lang=\"de-DE\">Was ist Bewusstsein? Was macht den Menschen aus? Und warum verlieben wir uns in etwas, das uns nur simuliert?<\/span><\/span> <\/span><\/span><\/span><\/p>\n<p lang=\"de-DE\" align=\"LEFT\"><span style=\"color: #000000;\"><span style=\"font-family: Helvetica Neue, serif;\"><span style=\"font-size: small;\"><span style=\"font-family: Cambria, serif;\"><span lang=\"de-DE\">Ein popul<\/span><\/span><span style=\"font-family: Cambria, serif;\">\u00e4<\/span><span style=\"font-family: Cambria, serif;\"><span lang=\"de-DE\">rwissenschaftlicher <\/span><\/span><span style=\"font-family: Cambria, serif;\"><span lang=\"sv-SE\">Streifzug <\/span><\/span><span style=\"font-family: Cambria, serif;\"><span lang=\"de-DE\">von der Schwarzen Romantik <\/span><\/span><span style=\"font-family: Cambria, serif;\">\u00fc<\/span><span style=\"font-family: Cambria, serif;\"><span lang=\"de-DE\">ber Psychoanalyse bis zu heutigen KI-Fantasien<\/span><\/span><span style=\"font-family: Cambria, serif;\"><span lang=\"sv-SE\">. Denn Hoffmann beeinflusste nicht nur Charles Baudelaire, Victor Hugo, Nikolai Gogol oder Edgar Allen Poe, um nur die ber\u00fchmtesten Namen zu nennen. Er ist auch<\/span><\/span><span style=\"font-family: Cambria, serif;\"><span lang=\"de-DE\"> ein Beweis daf<\/span><\/span><span style=\"font-family: Cambria, serif;\">\u00fcr, <\/span><span style=\"font-family: Cambria, serif;\"><span lang=\"sv-SE\">wie aktuell ein Klassiker der deutschsprachigen Literaturgeschichte sein kann. <\/span><\/span><\/span><\/span><\/span><\/p>\n<div id=\"attachment_12244\" style=\"width: 235px\" class=\"wp-caption alignleft\"><img loading=\"lazy\" decoding=\"async\" aria-describedby=\"caption-attachment-12244\" class=\"wp-image-12244 size-medium\" src=\"https:\/\/www.ssyl.fi\/content\/uploads\/2026\/02\/IMG_4297-225x300.jpg\" alt=\"\" width=\"225\" height=\"300\" srcset=\"https:\/\/www.ssyl.fi\/content\/uploads\/2026\/02\/IMG_4297-225x300.jpg 225w, https:\/\/www.ssyl.fi\/content\/uploads\/2026\/02\/IMG_4297-768x1024.jpg 768w, https:\/\/www.ssyl.fi\/content\/uploads\/2026\/02\/IMG_4297-1152x1536.jpg 1152w, https:\/\/www.ssyl.fi\/content\/uploads\/2026\/02\/IMG_4297-1536x2048.jpg 1536w, https:\/\/www.ssyl.fi\/content\/uploads\/2026\/02\/IMG_4297-600x800.jpg 600w, https:\/\/www.ssyl.fi\/content\/uploads\/2026\/02\/IMG_4297-scaled.jpg 1920w\" sizes=\"auto, (max-width: 225px) 100vw, 225px\" \/><p id=\"caption-attachment-12244\" class=\"wp-caption-text\">Dr. phil. Christian Rink, Universit\u00e4tslektor an der Universit\u00e4t Helsinki<\/p><\/div>\n<p>&nbsp;<\/p>\n<p>&nbsp;<\/p>\n<p>&nbsp;<\/p>\n<p>&nbsp;<\/p>\n<p>&nbsp;<\/p>\n<p>&nbsp;<\/p>\n<p>&nbsp;<\/p>\n<p>&nbsp;<\/p>\n<p>&nbsp;<\/p>\n<p>&nbsp;<\/p>\n<p><a href=\"https:\/\/us02web.zoom.us\/j\/83773453101?pwd=xVwVjnz5s0pmTHozVbOYI76BGvVAe8.1\">Link zur Zoomsitzung<\/a><\/p>\n","protected":false},"excerpt":{"rendered":"<p>Vortrag zum 250. Geburtstag von E. T. A. Hoffmann auf Zoom Herzlich willkommen zum Vortrag von Dr. phil. Christian Rink, Universit\u00e4tslektor der Universit\u00e4t Helsinki! Was hat k\u00fcnstliche Intelligenz mit der Schwarzen Romantik zu tun? Hoffmann war ein Extremfall. Tags\u00fcber hochfunktionaler preu\u00dfischer Beamter, nachts Schriftsteller, Komponist und Zeichner. In seinen Texten, die oft unter Einsatz von [&hellip;]<\/p>\n","protected":false},"author":2,"featured_media":0,"comment_status":"closed","ping_status":"closed","sticky":false,"template":"","format":"standard","meta":{"footnotes":""},"categories":[3],"tags":[],"class_list":["post-12243","post","type-post","status-publish","format-standard","hentry","category-nachrichten"],"yoast_head":"<!-- This site is optimized with the Yoast SEO plugin v27.3 - https:\/\/yoast.com\/product\/yoast-seo-wordpress\/ -->\n<title>Virtueller Themenabend am Montag, 30.3.2026, 18-19.30 Uhr: E. T. A. Hoffmann. Warum uns ein Autor von 1776 heute noch unheimlich nah ist - Suomi-Saksa Yhdistysten Liitto ry<\/title>\n<meta name=\"robots\" content=\"index, follow, max-snippet:-1, max-image-preview:large, max-video-preview:-1\" \/>\n<link rel=\"canonical\" href=\"https:\/\/www.ssyl.fi\/de\/nachrichten\/virtueller-themenabend-am-30-3-2026-18-19-30-uhr-e-t-a-hoffmann-warum-uns-ein-autor-von-1776-heute-noch-unheimlich-nah-ist\/\" \/>\n<meta property=\"og:locale\" content=\"de_DE\" \/>\n<meta property=\"og:type\" content=\"article\" \/>\n<meta property=\"og:title\" content=\"Virtueller Themenabend am Montag, 30.3.2026, 18-19.30 Uhr: E. T. A. Hoffmann. Warum uns ein Autor von 1776 heute noch unheimlich nah ist - Suomi-Saksa Yhdistysten Liitto ry\" \/>\n<meta property=\"og:description\" content=\"Vortrag zum 250. Geburtstag von E. T. A. Hoffmann auf Zoom Herzlich willkommen zum Vortrag von Dr. phil. Christian Rink, Universit\u00e4tslektor der Universit\u00e4t Helsinki! Was hat k\u00fcnstliche Intelligenz mit der Schwarzen Romantik zu tun? Hoffmann war ein Extremfall. Tags\u00fcber hochfunktionaler preu\u00dfischer Beamter, nachts Schriftsteller, Komponist und Zeichner. In seinen Texten, die oft unter Einsatz von [&hellip;]\" \/>\n<meta property=\"og:url\" content=\"https:\/\/www.ssyl.fi\/de\/nachrichten\/virtueller-themenabend-am-30-3-2026-18-19-30-uhr-e-t-a-hoffmann-warum-uns-ein-autor-von-1776-heute-noch-unheimlich-nah-ist\/\" \/>\n<meta property=\"og:site_name\" content=\"Suomi-Saksa Yhdistysten Liitto ry\" \/>\n<meta property=\"article:publisher\" content=\"http:\/\/www.facebook.com\/ssyl.fi\" \/>\n<meta property=\"article:published_time\" content=\"2026-02-24T10:45:07+00:00\" \/>\n<meta property=\"article:modified_time\" content=\"2026-03-01T08:36:51+00:00\" \/>\n<meta property=\"og:image\" content=\"https:\/\/www.ssyl.fi\/content\/uploads\/2026\/02\/IMG_4297-scaled.jpg\" \/>\n\t<meta property=\"og:image:width\" content=\"1920\" \/>\n\t<meta property=\"og:image:height\" content=\"2560\" \/>\n\t<meta property=\"og:image:type\" content=\"image\/jpeg\" \/>\n<meta name=\"author\" content=\"Sanne Tschirpke\" \/>\n<meta name=\"twitter:card\" content=\"summary_large_image\" \/>\n<meta name=\"twitter:label1\" content=\"Written by\" \/>\n\t<meta name=\"twitter:data1\" content=\"Sanne Tschirpke\" \/>\n\t<meta name=\"twitter:label2\" content=\"Est. reading time\" \/>\n\t<meta name=\"twitter:data2\" content=\"2 minutes\" \/>\n<script type=\"application\/ld+json\" class=\"yoast-schema-graph\">{\"@context\":\"https:\\\/\\\/schema.org\",\"@graph\":[{\"@type\":\"Article\",\"@id\":\"https:\\\/\\\/www.ssyl.fi\\\/de\\\/nachrichten\\\/virtueller-themenabend-am-30-3-2026-18-19-30-uhr-e-t-a-hoffmann-warum-uns-ein-autor-von-1776-heute-noch-unheimlich-nah-ist\\\/#article\",\"isPartOf\":{\"@id\":\"https:\\\/\\\/www.ssyl.fi\\\/de\\\/nachrichten\\\/virtueller-themenabend-am-30-3-2026-18-19-30-uhr-e-t-a-hoffmann-warum-uns-ein-autor-von-1776-heute-noch-unheimlich-nah-ist\\\/\"},\"author\":{\"name\":\"Sanne Tschirpke\",\"@id\":\"https:\\\/\\\/www.ssyl.fi\\\/de\\\/#\\\/schema\\\/person\\\/2b96b83814fe1017549ecea7835ab645\"},\"headline\":\"Virtueller Themenabend am Montag, 30.3.2026, 18-19.30 Uhr: E. T. A. Hoffmann. Warum uns ein Autor von 1776 heute noch unheimlich nah ist\",\"datePublished\":\"2026-02-24T10:45:07+00:00\",\"dateModified\":\"2026-03-01T08:36:51+00:00\",\"mainEntityOfPage\":{\"@id\":\"https:\\\/\\\/www.ssyl.fi\\\/de\\\/nachrichten\\\/virtueller-themenabend-am-30-3-2026-18-19-30-uhr-e-t-a-hoffmann-warum-uns-ein-autor-von-1776-heute-noch-unheimlich-nah-ist\\\/\"},\"wordCount\":279,\"image\":{\"@id\":\"https:\\\/\\\/www.ssyl.fi\\\/de\\\/nachrichten\\\/virtueller-themenabend-am-30-3-2026-18-19-30-uhr-e-t-a-hoffmann-warum-uns-ein-autor-von-1776-heute-noch-unheimlich-nah-ist\\\/#primaryimage\"},\"thumbnailUrl\":\"https:\\\/\\\/www.ssyl.fi\\\/content\\\/uploads\\\/2026\\\/02\\\/IMG_4297-225x300.jpg\",\"articleSection\":[\"Nachrichten\"],\"inLanguage\":\"de-DE\"},{\"@type\":\"WebPage\",\"@id\":\"https:\\\/\\\/www.ssyl.fi\\\/de\\\/nachrichten\\\/virtueller-themenabend-am-30-3-2026-18-19-30-uhr-e-t-a-hoffmann-warum-uns-ein-autor-von-1776-heute-noch-unheimlich-nah-ist\\\/\",\"url\":\"https:\\\/\\\/www.ssyl.fi\\\/de\\\/nachrichten\\\/virtueller-themenabend-am-30-3-2026-18-19-30-uhr-e-t-a-hoffmann-warum-uns-ein-autor-von-1776-heute-noch-unheimlich-nah-ist\\\/\",\"name\":\"Virtueller Themenabend am Montag, 30.3.2026, 18-19.30 Uhr: E. T. A. Hoffmann. Warum uns ein Autor von 1776 heute noch unheimlich nah ist - Suomi-Saksa Yhdistysten Liitto ry\",\"isPartOf\":{\"@id\":\"https:\\\/\\\/www.ssyl.fi\\\/de\\\/#website\"},\"primaryImageOfPage\":{\"@id\":\"https:\\\/\\\/www.ssyl.fi\\\/de\\\/nachrichten\\\/virtueller-themenabend-am-30-3-2026-18-19-30-uhr-e-t-a-hoffmann-warum-uns-ein-autor-von-1776-heute-noch-unheimlich-nah-ist\\\/#primaryimage\"},\"image\":{\"@id\":\"https:\\\/\\\/www.ssyl.fi\\\/de\\\/nachrichten\\\/virtueller-themenabend-am-30-3-2026-18-19-30-uhr-e-t-a-hoffmann-warum-uns-ein-autor-von-1776-heute-noch-unheimlich-nah-ist\\\/#primaryimage\"},\"thumbnailUrl\":\"https:\\\/\\\/www.ssyl.fi\\\/content\\\/uploads\\\/2026\\\/02\\\/IMG_4297-225x300.jpg\",\"datePublished\":\"2026-02-24T10:45:07+00:00\",\"dateModified\":\"2026-03-01T08:36:51+00:00\",\"author\":{\"@id\":\"https:\\\/\\\/www.ssyl.fi\\\/de\\\/#\\\/schema\\\/person\\\/2b96b83814fe1017549ecea7835ab645\"},\"breadcrumb\":{\"@id\":\"https:\\\/\\\/www.ssyl.fi\\\/de\\\/nachrichten\\\/virtueller-themenabend-am-30-3-2026-18-19-30-uhr-e-t-a-hoffmann-warum-uns-ein-autor-von-1776-heute-noch-unheimlich-nah-ist\\\/#breadcrumb\"},\"inLanguage\":\"de-DE\",\"potentialAction\":[{\"@type\":\"ReadAction\",\"target\":[\"https:\\\/\\\/www.ssyl.fi\\\/de\\\/nachrichten\\\/virtueller-themenabend-am-30-3-2026-18-19-30-uhr-e-t-a-hoffmann-warum-uns-ein-autor-von-1776-heute-noch-unheimlich-nah-ist\\\/\"]}]},{\"@type\":\"ImageObject\",\"inLanguage\":\"de-DE\",\"@id\":\"https:\\\/\\\/www.ssyl.fi\\\/de\\\/nachrichten\\\/virtueller-themenabend-am-30-3-2026-18-19-30-uhr-e-t-a-hoffmann-warum-uns-ein-autor-von-1776-heute-noch-unheimlich-nah-ist\\\/#primaryimage\",\"url\":\"https:\\\/\\\/www.ssyl.fi\\\/content\\\/uploads\\\/2026\\\/02\\\/IMG_4297-225x300.jpg\",\"contentUrl\":\"https:\\\/\\\/www.ssyl.fi\\\/content\\\/uploads\\\/2026\\\/02\\\/IMG_4297-225x300.jpg\"},{\"@type\":\"BreadcrumbList\",\"@id\":\"https:\\\/\\\/www.ssyl.fi\\\/de\\\/nachrichten\\\/virtueller-themenabend-am-30-3-2026-18-19-30-uhr-e-t-a-hoffmann-warum-uns-ein-autor-von-1776-heute-noch-unheimlich-nah-ist\\\/#breadcrumb\",\"itemListElement\":[{\"@type\":\"ListItem\",\"position\":1,\"name\":\"Home\",\"item\":\"https:\\\/\\\/www.ssyl.fi\\\/de\\\/\"},{\"@type\":\"ListItem\",\"position\":2,\"name\":\"Virtueller Themenabend am Montag, 30.3.2026, 18-19.30 Uhr: E. T. A. Hoffmann. Warum uns ein Autor von 1776 heute noch unheimlich nah ist\"}]},{\"@type\":\"WebSite\",\"@id\":\"https:\\\/\\\/www.ssyl.fi\\\/de\\\/#website\",\"url\":\"https:\\\/\\\/www.ssyl.fi\\\/de\\\/\",\"name\":\"Suomi-Saksa Yhdistysten Liitto ry\",\"description\":\"\",\"potentialAction\":[{\"@type\":\"SearchAction\",\"target\":{\"@type\":\"EntryPoint\",\"urlTemplate\":\"https:\\\/\\\/www.ssyl.fi\\\/de\\\/?s={search_term_string}\"},\"query-input\":{\"@type\":\"PropertyValueSpecification\",\"valueRequired\":true,\"valueName\":\"search_term_string\"}}],\"inLanguage\":\"de-DE\"},{\"@type\":\"Person\",\"@id\":\"https:\\\/\\\/www.ssyl.fi\\\/de\\\/#\\\/schema\\\/person\\\/2b96b83814fe1017549ecea7835ab645\",\"name\":\"Sanne Tschirpke\",\"image\":{\"@type\":\"ImageObject\",\"inLanguage\":\"de-DE\",\"@id\":\"https:\\\/\\\/secure.gravatar.com\\\/avatar\\\/4a2ea52953ac4c1367629a4bd7292c38deb562fa5b6d057ac08ea326024dc662?s=96&d=mm&r=g\",\"url\":\"https:\\\/\\\/secure.gravatar.com\\\/avatar\\\/4a2ea52953ac4c1367629a4bd7292c38deb562fa5b6d057ac08ea326024dc662?s=96&d=mm&r=g\",\"contentUrl\":\"https:\\\/\\\/secure.gravatar.com\\\/avatar\\\/4a2ea52953ac4c1367629a4bd7292c38deb562fa5b6d057ac08ea326024dc662?s=96&d=mm&r=g\",\"caption\":\"Sanne Tschirpke\"},\"url\":\"https:\\\/\\\/www.ssyl.fi\\\/de\\\/author\\\/ssyl\\\/\"}]}<\/script>\n<!-- \/ Yoast SEO plugin. -->","yoast_head_json":{"title":"Virtueller Themenabend am Montag, 30.3.2026, 18-19.30 Uhr: E. T. A. Hoffmann. Warum uns ein Autor von 1776 heute noch unheimlich nah ist - Suomi-Saksa Yhdistysten Liitto ry","robots":{"index":"index","follow":"follow","max-snippet":"max-snippet:-1","max-image-preview":"max-image-preview:large","max-video-preview":"max-video-preview:-1"},"canonical":"https:\/\/www.ssyl.fi\/de\/nachrichten\/virtueller-themenabend-am-30-3-2026-18-19-30-uhr-e-t-a-hoffmann-warum-uns-ein-autor-von-1776-heute-noch-unheimlich-nah-ist\/","og_locale":"de_DE","og_type":"article","og_title":"Virtueller Themenabend am Montag, 30.3.2026, 18-19.30 Uhr: E. T. A. Hoffmann. Warum uns ein Autor von 1776 heute noch unheimlich nah ist - Suomi-Saksa Yhdistysten Liitto ry","og_description":"Vortrag zum 250. Geburtstag von E. T. A. Hoffmann auf Zoom Herzlich willkommen zum Vortrag von Dr. phil. Christian Rink, Universit\u00e4tslektor der Universit\u00e4t Helsinki! Was hat k\u00fcnstliche Intelligenz mit der Schwarzen Romantik zu tun? Hoffmann war ein Extremfall. Tags\u00fcber hochfunktionaler preu\u00dfischer Beamter, nachts Schriftsteller, Komponist und Zeichner. In seinen Texten, die oft unter Einsatz von [&hellip;]","og_url":"https:\/\/www.ssyl.fi\/de\/nachrichten\/virtueller-themenabend-am-30-3-2026-18-19-30-uhr-e-t-a-hoffmann-warum-uns-ein-autor-von-1776-heute-noch-unheimlich-nah-ist\/","og_site_name":"Suomi-Saksa Yhdistysten Liitto ry","article_publisher":"http:\/\/www.facebook.com\/ssyl.fi","article_published_time":"2026-02-24T10:45:07+00:00","article_modified_time":"2026-03-01T08:36:51+00:00","og_image":[{"width":1920,"height":2560,"url":"https:\/\/www.ssyl.fi\/content\/uploads\/2026\/02\/IMG_4297-scaled.jpg","type":"image\/jpeg"}],"author":"Sanne Tschirpke","twitter_card":"summary_large_image","twitter_misc":{"Written by":"Sanne Tschirpke","Est. reading time":"2 minutes"},"schema":{"@context":"https:\/\/schema.org","@graph":[{"@type":"Article","@id":"https:\/\/www.ssyl.fi\/de\/nachrichten\/virtueller-themenabend-am-30-3-2026-18-19-30-uhr-e-t-a-hoffmann-warum-uns-ein-autor-von-1776-heute-noch-unheimlich-nah-ist\/#article","isPartOf":{"@id":"https:\/\/www.ssyl.fi\/de\/nachrichten\/virtueller-themenabend-am-30-3-2026-18-19-30-uhr-e-t-a-hoffmann-warum-uns-ein-autor-von-1776-heute-noch-unheimlich-nah-ist\/"},"author":{"name":"Sanne Tschirpke","@id":"https:\/\/www.ssyl.fi\/de\/#\/schema\/person\/2b96b83814fe1017549ecea7835ab645"},"headline":"Virtueller Themenabend am Montag, 30.3.2026, 18-19.30 Uhr: E. T. A. Hoffmann. Warum uns ein Autor von 1776 heute noch unheimlich nah ist","datePublished":"2026-02-24T10:45:07+00:00","dateModified":"2026-03-01T08:36:51+00:00","mainEntityOfPage":{"@id":"https:\/\/www.ssyl.fi\/de\/nachrichten\/virtueller-themenabend-am-30-3-2026-18-19-30-uhr-e-t-a-hoffmann-warum-uns-ein-autor-von-1776-heute-noch-unheimlich-nah-ist\/"},"wordCount":279,"image":{"@id":"https:\/\/www.ssyl.fi\/de\/nachrichten\/virtueller-themenabend-am-30-3-2026-18-19-30-uhr-e-t-a-hoffmann-warum-uns-ein-autor-von-1776-heute-noch-unheimlich-nah-ist\/#primaryimage"},"thumbnailUrl":"https:\/\/www.ssyl.fi\/content\/uploads\/2026\/02\/IMG_4297-225x300.jpg","articleSection":["Nachrichten"],"inLanguage":"de-DE"},{"@type":"WebPage","@id":"https:\/\/www.ssyl.fi\/de\/nachrichten\/virtueller-themenabend-am-30-3-2026-18-19-30-uhr-e-t-a-hoffmann-warum-uns-ein-autor-von-1776-heute-noch-unheimlich-nah-ist\/","url":"https:\/\/www.ssyl.fi\/de\/nachrichten\/virtueller-themenabend-am-30-3-2026-18-19-30-uhr-e-t-a-hoffmann-warum-uns-ein-autor-von-1776-heute-noch-unheimlich-nah-ist\/","name":"Virtueller Themenabend am Montag, 30.3.2026, 18-19.30 Uhr: E. T. A. Hoffmann. Warum uns ein Autor von 1776 heute noch unheimlich nah ist - Suomi-Saksa Yhdistysten Liitto ry","isPartOf":{"@id":"https:\/\/www.ssyl.fi\/de\/#website"},"primaryImageOfPage":{"@id":"https:\/\/www.ssyl.fi\/de\/nachrichten\/virtueller-themenabend-am-30-3-2026-18-19-30-uhr-e-t-a-hoffmann-warum-uns-ein-autor-von-1776-heute-noch-unheimlich-nah-ist\/#primaryimage"},"image":{"@id":"https:\/\/www.ssyl.fi\/de\/nachrichten\/virtueller-themenabend-am-30-3-2026-18-19-30-uhr-e-t-a-hoffmann-warum-uns-ein-autor-von-1776-heute-noch-unheimlich-nah-ist\/#primaryimage"},"thumbnailUrl":"https:\/\/www.ssyl.fi\/content\/uploads\/2026\/02\/IMG_4297-225x300.jpg","datePublished":"2026-02-24T10:45:07+00:00","dateModified":"2026-03-01T08:36:51+00:00","author":{"@id":"https:\/\/www.ssyl.fi\/de\/#\/schema\/person\/2b96b83814fe1017549ecea7835ab645"},"breadcrumb":{"@id":"https:\/\/www.ssyl.fi\/de\/nachrichten\/virtueller-themenabend-am-30-3-2026-18-19-30-uhr-e-t-a-hoffmann-warum-uns-ein-autor-von-1776-heute-noch-unheimlich-nah-ist\/#breadcrumb"},"inLanguage":"de-DE","potentialAction":[{"@type":"ReadAction","target":["https:\/\/www.ssyl.fi\/de\/nachrichten\/virtueller-themenabend-am-30-3-2026-18-19-30-uhr-e-t-a-hoffmann-warum-uns-ein-autor-von-1776-heute-noch-unheimlich-nah-ist\/"]}]},{"@type":"ImageObject","inLanguage":"de-DE","@id":"https:\/\/www.ssyl.fi\/de\/nachrichten\/virtueller-themenabend-am-30-3-2026-18-19-30-uhr-e-t-a-hoffmann-warum-uns-ein-autor-von-1776-heute-noch-unheimlich-nah-ist\/#primaryimage","url":"https:\/\/www.ssyl.fi\/content\/uploads\/2026\/02\/IMG_4297-225x300.jpg","contentUrl":"https:\/\/www.ssyl.fi\/content\/uploads\/2026\/02\/IMG_4297-225x300.jpg"},{"@type":"BreadcrumbList","@id":"https:\/\/www.ssyl.fi\/de\/nachrichten\/virtueller-themenabend-am-30-3-2026-18-19-30-uhr-e-t-a-hoffmann-warum-uns-ein-autor-von-1776-heute-noch-unheimlich-nah-ist\/#breadcrumb","itemListElement":[{"@type":"ListItem","position":1,"name":"Home","item":"https:\/\/www.ssyl.fi\/de\/"},{"@type":"ListItem","position":2,"name":"Virtueller Themenabend am Montag, 30.3.2026, 18-19.30 Uhr: E. T. A. Hoffmann. Warum uns ein Autor von 1776 heute noch unheimlich nah ist"}]},{"@type":"WebSite","@id":"https:\/\/www.ssyl.fi\/de\/#website","url":"https:\/\/www.ssyl.fi\/de\/","name":"Suomi-Saksa Yhdistysten Liitto ry","description":"","potentialAction":[{"@type":"SearchAction","target":{"@type":"EntryPoint","urlTemplate":"https:\/\/www.ssyl.fi\/de\/?s={search_term_string}"},"query-input":{"@type":"PropertyValueSpecification","valueRequired":true,"valueName":"search_term_string"}}],"inLanguage":"de-DE"},{"@type":"Person","@id":"https:\/\/www.ssyl.fi\/de\/#\/schema\/person\/2b96b83814fe1017549ecea7835ab645","name":"Sanne Tschirpke","image":{"@type":"ImageObject","inLanguage":"de-DE","@id":"https:\/\/secure.gravatar.com\/avatar\/4a2ea52953ac4c1367629a4bd7292c38deb562fa5b6d057ac08ea326024dc662?s=96&d=mm&r=g","url":"https:\/\/secure.gravatar.com\/avatar\/4a2ea52953ac4c1367629a4bd7292c38deb562fa5b6d057ac08ea326024dc662?s=96&d=mm&r=g","contentUrl":"https:\/\/secure.gravatar.com\/avatar\/4a2ea52953ac4c1367629a4bd7292c38deb562fa5b6d057ac08ea326024dc662?s=96&d=mm&r=g","caption":"Sanne Tschirpke"},"url":"https:\/\/www.ssyl.fi\/de\/author\/ssyl\/"}]}},"_links":{"self":[{"href":"https:\/\/www.ssyl.fi\/de\/wp-json\/wp\/v2\/posts\/12243","targetHints":{"allow":["GET"]}}],"collection":[{"href":"https:\/\/www.ssyl.fi\/de\/wp-json\/wp\/v2\/posts"}],"about":[{"href":"https:\/\/www.ssyl.fi\/de\/wp-json\/wp\/v2\/types\/post"}],"author":[{"embeddable":true,"href":"https:\/\/www.ssyl.fi\/de\/wp-json\/wp\/v2\/users\/2"}],"replies":[{"embeddable":true,"href":"https:\/\/www.ssyl.fi\/de\/wp-json\/wp\/v2\/comments?post=12243"}],"version-history":[{"count":5,"href":"https:\/\/www.ssyl.fi\/de\/wp-json\/wp\/v2\/posts\/12243\/revisions"}],"predecessor-version":[{"id":12282,"href":"https:\/\/www.ssyl.fi\/de\/wp-json\/wp\/v2\/posts\/12243\/revisions\/12282"}],"wp:attachment":[{"href":"https:\/\/www.ssyl.fi\/de\/wp-json\/wp\/v2\/media?parent=12243"}],"wp:term":[{"taxonomy":"category","embeddable":true,"href":"https:\/\/www.ssyl.fi\/de\/wp-json\/wp\/v2\/categories?post=12243"},{"taxonomy":"post_tag","embeddable":true,"href":"https:\/\/www.ssyl.fi\/de\/wp-json\/wp\/v2\/tags?post=12243"}],"curies":[{"name":"wp","href":"https:\/\/api.w.org\/{rel}","templated":true}]}}