{"id":1240,"date":"2012-05-23T08:35:24","date_gmt":"2012-05-23T05:35:24","guid":{"rendered":"https:\/\/www.ssyl.fi\/?p=1240"},"modified":"2019-09-27T11:44:23","modified_gmt":"2019-09-27T08:44:23","slug":"minun-vaihtoni-lue-blogia","status":"publish","type":"post","link":"https:\/\/www.ssyl.fi\/de\/aktuelles\/minun-vaihtoni-lue-blogia\/","title":{"rendered":"Mein Austausch &#8211; Blog lesen"},"content":{"rendered":"<p><!--:fi-->Kes\u00e4n 2012 kuukausivaihtarit ovat Saksassa. Er\u00e4s l\u00e4htij\u00f6ist\u00e4, Anne, kertoo kokemuksistaan blogissa.<\/p>\n<p>70 suomalaista yl\u00e4koululaista ja lukiolaista on parhaillaan vaihto-oppilaana Saksassa. 18-vuotias Anne Saarij\u00e4rvelt\u00e4 kutsuu mukaan nojatuolivaihtoon Baden-W\u00fcrttembergiin. H\u00e4n pit\u00e4\u00e4 blogia vaihtokokemuksistaan.<\/p>\n<ul>\n<li><a href=\"http:\/\/annenvaihtosaksassa.blogspot.com\/\" target=\"_blank\" rel=\"noopener noreferrer\">Annen blogiin<\/a><\/li>\n<\/ul>\n<p>Haku vuoden 2013 vaihtoihin alkaa lokakuussa 2012. Kes\u00e4vaihdon lis\u00e4ksi SSYL:n kautta voi hakea kolmen kuukauden ja koko lukuvuoden kest\u00e4viin vaihtoihin.<\/p>\n<p><strong>Katso my\u00f6s<\/strong><\/p>\n<ul>\n<li><a href=\"https:\/\/www.ssyl.fi\/oppilasvaihto\/\">Hakuohjeet vaihto-oppilaaksi<\/a><\/li>\n<\/ul>\n<p><em>Julkaistu 23.5.2012<\/em><!--:--><!--:de--><\/p>\n<p>70 finnische Sch\u00fclerInnen fahren im kommenden Sommer f\u00fcr vier Wochen nach Deutschland. Eine von Ihnen, Anne aus Saarij\u00e4rvi, berichtet \u00fcber ihre Erfahrungen in einem Blog.<\/p>\n<ul>\n<li><a href=\"http:\/\/annenvaihtosaksassa.blogspot.com\/\" target=\"_blank\" rel=\"noopener noreferrer\">Annes Blog<\/a> (auf Finnisch)<\/li>\n<\/ul>\n<p><!--:--><\/p>\n","protected":false},"excerpt":{"rendered":"<p>Kes\u00e4n 2012 kuukausivaihtarit ovat Saksassa. Er\u00e4s l\u00e4htij\u00f6ist\u00e4, Anne, kertoo kokemuksistaan blogissa. 70 suomalaista yl\u00e4koululaista ja lukiolaista on parhaillaan vaihto-oppilaana Saksassa. 18-vuotias Anne Saarij\u00e4rvelt\u00e4 kutsuu mukaan nojatuolivaihtoon Baden-W\u00fcrttembergiin. H\u00e4n pit\u00e4\u00e4 blogia vaihtokokemuksistaan. Annen blogiin Haku vuoden 2013 vaihtoihin alkaa lokakuussa 2012. Kes\u00e4vaihdon lis\u00e4ksi SSYL:n kautta voi hakea kolmen kuukauden ja koko lukuvuoden kest\u00e4viin vaihtoihin. Katso my\u00f6s [&hellip;]<\/p>\n","protected":false},"author":1,"featured_media":0,"comment_status":"closed","ping_status":"closed","sticky":false,"template":"","format":"standard","meta":{"footnotes":""},"categories":[14],"tags":[],"class_list":["post-1240","post","type-post","status-publish","format-standard","hentry","category-aktuelles"],"yoast_head":"<!-- This site is optimized with the Yoast SEO plugin v27.3 - https:\/\/yoast.com\/product\/yoast-seo-wordpress\/ -->\n<title>Mein Austausch - Blog lesen - Suomi-Saksa Yhdistysten Liitto ry<\/title>\n<meta name=\"robots\" content=\"index, follow, max-snippet:-1, max-image-preview:large, max-video-preview:-1\" \/>\n<link rel=\"canonical\" href=\"https:\/\/www.ssyl.fi\/de\/aktuelles\/minun-vaihtoni-lue-blogia\/\" \/>\n<meta property=\"og:locale\" content=\"de_DE\" \/>\n<meta property=\"og:type\" content=\"article\" \/>\n<meta property=\"og:title\" content=\"Mein Austausch - Blog lesen - Suomi-Saksa Yhdistysten Liitto ry\" \/>\n<meta property=\"og:description\" content=\"Kes\u00e4n 2012 kuukausivaihtarit ovat Saksassa. Er\u00e4s l\u00e4htij\u00f6ist\u00e4, Anne, kertoo kokemuksistaan blogissa. 70 suomalaista yl\u00e4koululaista ja lukiolaista on parhaillaan vaihto-oppilaana Saksassa. 18-vuotias Anne Saarij\u00e4rvelt\u00e4 kutsuu mukaan nojatuolivaihtoon Baden-W\u00fcrttembergiin. H\u00e4n pit\u00e4\u00e4 blogia vaihtokokemuksistaan. Annen blogiin Haku vuoden 2013 vaihtoihin alkaa lokakuussa 2012. Kes\u00e4vaihdon lis\u00e4ksi SSYL:n kautta voi hakea kolmen kuukauden ja koko lukuvuoden kest\u00e4viin vaihtoihin. Katso my\u00f6s [&hellip;]\" \/>\n<meta property=\"og:url\" content=\"https:\/\/www.ssyl.fi\/de\/aktuelles\/minun-vaihtoni-lue-blogia\/\" \/>\n<meta property=\"og:site_name\" content=\"Suomi-Saksa Yhdistysten Liitto ry\" \/>\n<meta property=\"article:publisher\" content=\"http:\/\/www.facebook.com\/ssyl.fi\" \/>\n<meta property=\"article:published_time\" content=\"2012-05-23T05:35:24+00:00\" \/>\n<meta property=\"article:modified_time\" content=\"2019-09-27T08:44:23+00:00\" \/>\n<meta property=\"og:image\" content=\"https:\/\/www.ssyl.fi\/content\/uploads\/2019\/10\/some-jako_FB_1200x630px.jpg\" \/>\n\t<meta property=\"og:image:width\" content=\"1200\" \/>\n\t<meta property=\"og:image:height\" content=\"630\" \/>\n\t<meta property=\"og:image:type\" content=\"image\/jpeg\" \/>\n<meta name=\"author\" content=\"su\" \/>\n<meta name=\"twitter:card\" content=\"summary_large_image\" \/>\n<meta name=\"twitter:label1\" content=\"Written by\" \/>\n\t<meta name=\"twitter:data1\" content=\"su\" \/>\n<script type=\"application\/ld+json\" class=\"yoast-schema-graph\">{\"@context\":\"https:\\\/\\\/schema.org\",\"@graph\":[{\"@type\":\"Article\",\"@id\":\"https:\\\/\\\/www.ssyl.fi\\\/de\\\/aktuelles\\\/minun-vaihtoni-lue-blogia\\\/#article\",\"isPartOf\":{\"@id\":\"https:\\\/\\\/www.ssyl.fi\\\/de\\\/aktuelles\\\/minun-vaihtoni-lue-blogia\\\/\"},\"author\":{\"name\":\"su\",\"@id\":\"https:\\\/\\\/www.ssyl.fi\\\/de\\\/#\\\/schema\\\/person\\\/bca1dcebb660e436912037dec6c0af97\"},\"headline\":\"Mein Austausch &#8211; Blog lesen\",\"datePublished\":\"2012-05-23T05:35:24+00:00\",\"dateModified\":\"2019-09-27T08:44:23+00:00\",\"mainEntityOfPage\":{\"@id\":\"https:\\\/\\\/www.ssyl.fi\\\/de\\\/aktuelles\\\/minun-vaihtoni-lue-blogia\\\/\"},\"wordCount\":103,\"articleSection\":[\"Aktuelles\"],\"inLanguage\":\"de-DE\"},{\"@type\":\"WebPage\",\"@id\":\"https:\\\/\\\/www.ssyl.fi\\\/de\\\/aktuelles\\\/minun-vaihtoni-lue-blogia\\\/\",\"url\":\"https:\\\/\\\/www.ssyl.fi\\\/de\\\/aktuelles\\\/minun-vaihtoni-lue-blogia\\\/\",\"name\":\"Mein Austausch - Blog lesen - Suomi-Saksa Yhdistysten Liitto ry\",\"isPartOf\":{\"@id\":\"https:\\\/\\\/www.ssyl.fi\\\/de\\\/#website\"},\"datePublished\":\"2012-05-23T05:35:24+00:00\",\"dateModified\":\"2019-09-27T08:44:23+00:00\",\"author\":{\"@id\":\"https:\\\/\\\/www.ssyl.fi\\\/de\\\/#\\\/schema\\\/person\\\/bca1dcebb660e436912037dec6c0af97\"},\"breadcrumb\":{\"@id\":\"https:\\\/\\\/www.ssyl.fi\\\/de\\\/aktuelles\\\/minun-vaihtoni-lue-blogia\\\/#breadcrumb\"},\"inLanguage\":\"de-DE\",\"potentialAction\":[{\"@type\":\"ReadAction\",\"target\":[\"https:\\\/\\\/www.ssyl.fi\\\/de\\\/aktuelles\\\/minun-vaihtoni-lue-blogia\\\/\"]}]},{\"@type\":\"BreadcrumbList\",\"@id\":\"https:\\\/\\\/www.ssyl.fi\\\/de\\\/aktuelles\\\/minun-vaihtoni-lue-blogia\\\/#breadcrumb\",\"itemListElement\":[{\"@type\":\"ListItem\",\"position\":1,\"name\":\"Home\",\"item\":\"https:\\\/\\\/www.ssyl.fi\\\/de\\\/\"},{\"@type\":\"ListItem\",\"position\":2,\"name\":\"Mein Austausch &#8211; Blog lesen\"}]},{\"@type\":\"WebSite\",\"@id\":\"https:\\\/\\\/www.ssyl.fi\\\/de\\\/#website\",\"url\":\"https:\\\/\\\/www.ssyl.fi\\\/de\\\/\",\"name\":\"Suomi-Saksa Yhdistysten Liitto ry\",\"description\":\"\",\"potentialAction\":[{\"@type\":\"SearchAction\",\"target\":{\"@type\":\"EntryPoint\",\"urlTemplate\":\"https:\\\/\\\/www.ssyl.fi\\\/de\\\/?s={search_term_string}\"},\"query-input\":{\"@type\":\"PropertyValueSpecification\",\"valueRequired\":true,\"valueName\":\"search_term_string\"}}],\"inLanguage\":\"de-DE\"},{\"@type\":\"Person\",\"@id\":\"https:\\\/\\\/www.ssyl.fi\\\/de\\\/#\\\/schema\\\/person\\\/bca1dcebb660e436912037dec6c0af97\",\"name\":\"su\",\"image\":{\"@type\":\"ImageObject\",\"inLanguage\":\"de-DE\",\"@id\":\"https:\\\/\\\/secure.gravatar.com\\\/avatar\\\/9b55bc1571b94e7d820a0d2181aad3ff43a88ed36fcd149690e9b3b58274f822?s=96&d=mm&r=g\",\"url\":\"https:\\\/\\\/secure.gravatar.com\\\/avatar\\\/9b55bc1571b94e7d820a0d2181aad3ff43a88ed36fcd149690e9b3b58274f822?s=96&d=mm&r=g\",\"contentUrl\":\"https:\\\/\\\/secure.gravatar.com\\\/avatar\\\/9b55bc1571b94e7d820a0d2181aad3ff43a88ed36fcd149690e9b3b58274f822?s=96&d=mm&r=g\",\"caption\":\"su\"},\"url\":\"https:\\\/\\\/www.ssyl.fi\\\/de\\\/author\\\/su\\\/\"}]}<\/script>\n<!-- \/ Yoast SEO plugin. -->","yoast_head_json":{"title":"Mein Austausch - Blog lesen - Suomi-Saksa Yhdistysten Liitto ry","robots":{"index":"index","follow":"follow","max-snippet":"max-snippet:-1","max-image-preview":"max-image-preview:large","max-video-preview":"max-video-preview:-1"},"canonical":"https:\/\/www.ssyl.fi\/de\/aktuelles\/minun-vaihtoni-lue-blogia\/","og_locale":"de_DE","og_type":"article","og_title":"Mein Austausch - Blog lesen - Suomi-Saksa Yhdistysten Liitto ry","og_description":"Kes\u00e4n 2012 kuukausivaihtarit ovat Saksassa. Er\u00e4s l\u00e4htij\u00f6ist\u00e4, Anne, kertoo kokemuksistaan blogissa. 70 suomalaista yl\u00e4koululaista ja lukiolaista on parhaillaan vaihto-oppilaana Saksassa. 18-vuotias Anne Saarij\u00e4rvelt\u00e4 kutsuu mukaan nojatuolivaihtoon Baden-W\u00fcrttembergiin. H\u00e4n pit\u00e4\u00e4 blogia vaihtokokemuksistaan. Annen blogiin Haku vuoden 2013 vaihtoihin alkaa lokakuussa 2012. Kes\u00e4vaihdon lis\u00e4ksi SSYL:n kautta voi hakea kolmen kuukauden ja koko lukuvuoden kest\u00e4viin vaihtoihin. Katso my\u00f6s [&hellip;]","og_url":"https:\/\/www.ssyl.fi\/de\/aktuelles\/minun-vaihtoni-lue-blogia\/","og_site_name":"Suomi-Saksa Yhdistysten Liitto ry","article_publisher":"http:\/\/www.facebook.com\/ssyl.fi","article_published_time":"2012-05-23T05:35:24+00:00","article_modified_time":"2019-09-27T08:44:23+00:00","og_image":[{"width":1200,"height":630,"url":"https:\/\/www.ssyl.fi\/content\/uploads\/2019\/10\/some-jako_FB_1200x630px.jpg","type":"image\/jpeg"}],"author":"su","twitter_card":"summary_large_image","twitter_misc":{"Written by":"su"},"schema":{"@context":"https:\/\/schema.org","@graph":[{"@type":"Article","@id":"https:\/\/www.ssyl.fi\/de\/aktuelles\/minun-vaihtoni-lue-blogia\/#article","isPartOf":{"@id":"https:\/\/www.ssyl.fi\/de\/aktuelles\/minun-vaihtoni-lue-blogia\/"},"author":{"name":"su","@id":"https:\/\/www.ssyl.fi\/de\/#\/schema\/person\/bca1dcebb660e436912037dec6c0af97"},"headline":"Mein Austausch &#8211; Blog lesen","datePublished":"2012-05-23T05:35:24+00:00","dateModified":"2019-09-27T08:44:23+00:00","mainEntityOfPage":{"@id":"https:\/\/www.ssyl.fi\/de\/aktuelles\/minun-vaihtoni-lue-blogia\/"},"wordCount":103,"articleSection":["Aktuelles"],"inLanguage":"de-DE"},{"@type":"WebPage","@id":"https:\/\/www.ssyl.fi\/de\/aktuelles\/minun-vaihtoni-lue-blogia\/","url":"https:\/\/www.ssyl.fi\/de\/aktuelles\/minun-vaihtoni-lue-blogia\/","name":"Mein Austausch - Blog lesen - Suomi-Saksa Yhdistysten Liitto ry","isPartOf":{"@id":"https:\/\/www.ssyl.fi\/de\/#website"},"datePublished":"2012-05-23T05:35:24+00:00","dateModified":"2019-09-27T08:44:23+00:00","author":{"@id":"https:\/\/www.ssyl.fi\/de\/#\/schema\/person\/bca1dcebb660e436912037dec6c0af97"},"breadcrumb":{"@id":"https:\/\/www.ssyl.fi\/de\/aktuelles\/minun-vaihtoni-lue-blogia\/#breadcrumb"},"inLanguage":"de-DE","potentialAction":[{"@type":"ReadAction","target":["https:\/\/www.ssyl.fi\/de\/aktuelles\/minun-vaihtoni-lue-blogia\/"]}]},{"@type":"BreadcrumbList","@id":"https:\/\/www.ssyl.fi\/de\/aktuelles\/minun-vaihtoni-lue-blogia\/#breadcrumb","itemListElement":[{"@type":"ListItem","position":1,"name":"Home","item":"https:\/\/www.ssyl.fi\/de\/"},{"@type":"ListItem","position":2,"name":"Mein Austausch &#8211; Blog lesen"}]},{"@type":"WebSite","@id":"https:\/\/www.ssyl.fi\/de\/#website","url":"https:\/\/www.ssyl.fi\/de\/","name":"Suomi-Saksa Yhdistysten Liitto ry","description":"","potentialAction":[{"@type":"SearchAction","target":{"@type":"EntryPoint","urlTemplate":"https:\/\/www.ssyl.fi\/de\/?s={search_term_string}"},"query-input":{"@type":"PropertyValueSpecification","valueRequired":true,"valueName":"search_term_string"}}],"inLanguage":"de-DE"},{"@type":"Person","@id":"https:\/\/www.ssyl.fi\/de\/#\/schema\/person\/bca1dcebb660e436912037dec6c0af97","name":"su","image":{"@type":"ImageObject","inLanguage":"de-DE","@id":"https:\/\/secure.gravatar.com\/avatar\/9b55bc1571b94e7d820a0d2181aad3ff43a88ed36fcd149690e9b3b58274f822?s=96&d=mm&r=g","url":"https:\/\/secure.gravatar.com\/avatar\/9b55bc1571b94e7d820a0d2181aad3ff43a88ed36fcd149690e9b3b58274f822?s=96&d=mm&r=g","contentUrl":"https:\/\/secure.gravatar.com\/avatar\/9b55bc1571b94e7d820a0d2181aad3ff43a88ed36fcd149690e9b3b58274f822?s=96&d=mm&r=g","caption":"su"},"url":"https:\/\/www.ssyl.fi\/de\/author\/su\/"}]}},"_links":{"self":[{"href":"https:\/\/www.ssyl.fi\/de\/wp-json\/wp\/v2\/posts\/1240","targetHints":{"allow":["GET"]}}],"collection":[{"href":"https:\/\/www.ssyl.fi\/de\/wp-json\/wp\/v2\/posts"}],"about":[{"href":"https:\/\/www.ssyl.fi\/de\/wp-json\/wp\/v2\/types\/post"}],"author":[{"embeddable":true,"href":"https:\/\/www.ssyl.fi\/de\/wp-json\/wp\/v2\/users\/1"}],"replies":[{"embeddable":true,"href":"https:\/\/www.ssyl.fi\/de\/wp-json\/wp\/v2\/comments?post=1240"}],"version-history":[{"count":1,"href":"https:\/\/www.ssyl.fi\/de\/wp-json\/wp\/v2\/posts\/1240\/revisions"}],"predecessor-version":[{"id":6987,"href":"https:\/\/www.ssyl.fi\/de\/wp-json\/wp\/v2\/posts\/1240\/revisions\/6987"}],"wp:attachment":[{"href":"https:\/\/www.ssyl.fi\/de\/wp-json\/wp\/v2\/media?parent=1240"}],"wp:term":[{"taxonomy":"category","embeddable":true,"href":"https:\/\/www.ssyl.fi\/de\/wp-json\/wp\/v2\/categories?post=1240"},{"taxonomy":"post_tag","embeddable":true,"href":"https:\/\/www.ssyl.fi\/de\/wp-json\/wp\/v2\/tags?post=1240"}],"curies":[{"name":"wp","href":"https:\/\/api.w.org\/{rel}","templated":true}]}}