{"id":12481,"date":"2026-08-18T10:39:50","date_gmt":"2026-08-18T07:39:50","guid":{"rendered":"https:\/\/www.ssyl.fi\/?p=12481"},"modified":"2026-09-02T10:41:14","modified_gmt":"2026-09-02T07:41:14","slug":"ssyl-geschaeftsfuehrerin-wechselt-in-eine-neue-berufliche-aufgabe-ulla-kuusniemi-uebernimmt-die-koordination","status":"publish","type":"post","link":"https:\/\/www.ssyl.fi\/de\/nachrichten\/ssyl-geschaeftsfuehrerin-wechselt-in-eine-neue-berufliche-aufgabe-ulla-kuusniemi-uebernimmt-die-koordination\/","title":{"rendered":"SSYL-Gesch\u00e4ftsf\u00fchrerin wechselt in eine neue berufliche Aufgabe \u2013 Ulla Kuusniemi \u00fcbernimmt die Koordination"},"content":{"rendered":"<p><strong>SSYL-Gesch\u00e4ftsf\u00fchrerin wechselt in eine neue berufliche Aufgabe \u2013 Ulla Kuusniemi \u00fcbernimmt die Koordination<\/strong><\/p>\n<p>Sanne Tschirpke hat ihre T\u00e4tigkeit als Gesch\u00e4ftsf\u00fchrerin des Verbands der Finnisch-Deutschen Vereine (SSYL) zum 31. Juli 2026 beendet und ist in eine neue berufliche Aufgabe gewechselt. Der SSYL bedankt sich herzlich bei Sanne f\u00fcr ihr Engagement und ihre wertvolle Arbeit und w\u00fcnscht ihr f\u00fcr ihre neue T\u00e4tigkeit alles Gute und viel Erfolg!<\/p>\n<p>Seit dem 17. August 2026 ist Ulla Kuusniemi als neue Koordinatorin des SSYL t\u00e4tig. Kuusniemi ist ausgebildete \u00dcbersetzerin (Akademisch gepr\u00fcfte \u00dcbersetzerin und Diplombetriebswirtin (FH). Sie verf\u00fcgt \u00fcber mehr als 17 Jahre Berufserfahrung im Bereich der deutschen und finnischen Sprache als \u00dcbersetzerin sowie \u00fcber Erfahrung in den Bereichen Kommunikation und Marketing.<\/p>\n<p>Zu ihren Aufgaben geh\u00f6ren unter anderem die Koordination des Sch\u00fcleraustauschs und der Verbandsarbeit, die Pflege der Mitgliederregister der Mitgliedsvereine sowie die Kommunikation. Sie freut sich auf die Zusammenarbeit mit den Mitgliedsvereinen, Partnerorganisationen und allen, die sich f\u00fcr die deutsch-finnischen Beziehungen und den Austausch zwischen Finnland und Deutschland interessieren.<\/p>\n","protected":false},"excerpt":{"rendered":"<p>SSYL-Gesch\u00e4ftsf\u00fchrerin wechselt in eine neue berufliche Aufgabe \u2013 Ulla Kuusniemi \u00fcbernimmt die Koordination Sanne Tschirpke hat ihre T\u00e4tigkeit als Gesch\u00e4ftsf\u00fchrerin des Verbands der Finnisch-Deutschen Vereine (SSYL) zum 31. Juli 2026 beendet und ist in eine neue berufliche Aufgabe gewechselt. Der SSYL bedankt sich herzlich bei Sanne f\u00fcr ihr Engagement und ihre wertvolle Arbeit und w\u00fcnscht [&hellip;]<\/p>\n","protected":false},"author":2,"featured_media":0,"comment_status":"closed","ping_status":"closed","sticky":false,"template":"","format":"standard","meta":{"footnotes":""},"categories":[3],"tags":[],"class_list":["post-12481","post","type-post","status-publish","format-standard","hentry","category-nachrichten"],"yoast_head":"<!-- This site is optimized with the Yoast SEO plugin v28.2 - https:\/\/yoast.com\/product\/yoast-seo-wordpress\/ -->\n<title>SSYL-Gesch\u00e4ftsf\u00fchrerin wechselt in eine neue berufliche Aufgabe \u2013 Ulla Kuusniemi \u00fcbernimmt die Koordination - Suomi-Saksa Yhdistysten Liitto ry<\/title>\n<meta name=\"robots\" content=\"index, follow, max-snippet:-1, max-image-preview:large, max-video-preview:-1\" \/>\n<link rel=\"canonical\" href=\"https:\/\/www.ssyl.fi\/de\/nachrichten\/ssyl-geschaeftsfuehrerin-wechselt-in-eine-neue-berufliche-aufgabe-ulla-kuusniemi-uebernimmt-die-koordination\/\" \/>\n<meta property=\"og:locale\" content=\"de_DE\" \/>\n<meta property=\"og:type\" content=\"article\" \/>\n<meta property=\"og:title\" content=\"SSYL-Gesch\u00e4ftsf\u00fchrerin wechselt in eine neue berufliche Aufgabe \u2013 Ulla Kuusniemi \u00fcbernimmt die Koordination - Suomi-Saksa Yhdistysten Liitto ry\" \/>\n<meta property=\"og:description\" content=\"SSYL-Gesch\u00e4ftsf\u00fchrerin wechselt in eine neue berufliche Aufgabe \u2013 Ulla Kuusniemi \u00fcbernimmt die Koordination Sanne Tschirpke hat ihre T\u00e4tigkeit als Gesch\u00e4ftsf\u00fchrerin des Verbands der Finnisch-Deutschen Vereine (SSYL) zum 31. Juli 2026 beendet und ist in eine neue berufliche Aufgabe gewechselt. Der SSYL bedankt sich herzlich bei Sanne f\u00fcr ihr Engagement und ihre wertvolle Arbeit und w\u00fcnscht [&hellip;]\" \/>\n<meta property=\"og:url\" content=\"https:\/\/www.ssyl.fi\/de\/nachrichten\/ssyl-geschaeftsfuehrerin-wechselt-in-eine-neue-berufliche-aufgabe-ulla-kuusniemi-uebernimmt-die-koordination\/\" \/>\n<meta property=\"og:site_name\" content=\"Suomi-Saksa Yhdistysten Liitto ry\" \/>\n<meta property=\"article:publisher\" content=\"http:\/\/www.facebook.com\/ssyl.fi\" \/>\n<meta property=\"article:published_time\" content=\"2026-08-18T07:39:50+00:00\" \/>\n<meta property=\"article:modified_time\" content=\"2026-09-02T07:41:14+00:00\" \/>\n<meta property=\"og:image\" content=\"https:\/\/www.ssyl.fi\/content\/uploads\/2019\/10\/some-jako_FB_1200x630px.jpg\" \/>\n\t<meta property=\"og:image:width\" content=\"1200\" \/>\n\t<meta property=\"og:image:height\" content=\"630\" \/>\n\t<meta property=\"og:image:type\" content=\"image\/jpeg\" \/>\n<meta name=\"author\" content=\"Ulla Kuusniemi\" \/>\n<meta name=\"twitter:card\" content=\"summary_large_image\" \/>\n<meta name=\"twitter:label1\" content=\"Written by\" \/>\n\t<meta name=\"twitter:data1\" content=\"Ulla Kuusniemi\" \/>\n\t<meta name=\"twitter:label2\" content=\"Est. reading time\" \/>\n\t<meta name=\"twitter:data2\" content=\"2 minutes\" \/>\n<script type=\"application\/ld+json\" class=\"yoast-schema-graph\">{\"@context\":\"https:\\\/\\\/schema.org\",\"@graph\":[{\"@type\":\"Article\",\"@id\":\"https:\\\/\\\/www.ssyl.fi\\\/de\\\/nachrichten\\\/ssyl-geschaeftsfuehrerin-wechselt-in-eine-neue-berufliche-aufgabe-ulla-kuusniemi-uebernimmt-die-koordination\\\/#article\",\"isPartOf\":{\"@id\":\"https:\\\/\\\/www.ssyl.fi\\\/de\\\/nachrichten\\\/ssyl-geschaeftsfuehrerin-wechselt-in-eine-neue-berufliche-aufgabe-ulla-kuusniemi-uebernimmt-die-koordination\\\/\"},\"author\":{\"name\":\"Ulla Kuusniemi\",\"@id\":\"https:\\\/\\\/www.ssyl.fi\\\/de\\\/#\\\/schema\\\/person\\\/2b96b83814fe1017549ecea7835ab645\"},\"headline\":\"SSYL-Gesch\u00e4ftsf\u00fchrerin wechselt in eine neue berufliche Aufgabe \u2013 Ulla Kuusniemi \u00fcbernimmt die Koordination\",\"datePublished\":\"2026-08-18T07:39:50+00:00\",\"dateModified\":\"2026-09-02T07:41:14+00:00\",\"mainEntityOfPage\":{\"@id\":\"https:\\\/\\\/www.ssyl.fi\\\/de\\\/nachrichten\\\/ssyl-geschaeftsfuehrerin-wechselt-in-eine-neue-berufliche-aufgabe-ulla-kuusniemi-uebernimmt-die-koordination\\\/\"},\"wordCount\":186,\"articleSection\":[\"Nachrichten\"],\"inLanguage\":\"de-DE\"},{\"@type\":\"WebPage\",\"@id\":\"https:\\\/\\\/www.ssyl.fi\\\/de\\\/nachrichten\\\/ssyl-geschaeftsfuehrerin-wechselt-in-eine-neue-berufliche-aufgabe-ulla-kuusniemi-uebernimmt-die-koordination\\\/\",\"url\":\"https:\\\/\\\/www.ssyl.fi\\\/de\\\/nachrichten\\\/ssyl-geschaeftsfuehrerin-wechselt-in-eine-neue-berufliche-aufgabe-ulla-kuusniemi-uebernimmt-die-koordination\\\/\",\"name\":\"SSYL-Gesch\u00e4ftsf\u00fchrerin wechselt in eine neue berufliche Aufgabe \u2013 Ulla Kuusniemi \u00fcbernimmt die Koordination - Suomi-Saksa Yhdistysten Liitto ry\",\"isPartOf\":{\"@id\":\"https:\\\/\\\/www.ssyl.fi\\\/de\\\/#website\"},\"datePublished\":\"2026-08-18T07:39:50+00:00\",\"dateModified\":\"2026-09-02T07:41:14+00:00\",\"author\":{\"@id\":\"https:\\\/\\\/www.ssyl.fi\\\/de\\\/#\\\/schema\\\/person\\\/2b96b83814fe1017549ecea7835ab645\"},\"breadcrumb\":{\"@id\":\"https:\\\/\\\/www.ssyl.fi\\\/de\\\/nachrichten\\\/ssyl-geschaeftsfuehrerin-wechselt-in-eine-neue-berufliche-aufgabe-ulla-kuusniemi-uebernimmt-die-koordination\\\/#breadcrumb\"},\"inLanguage\":\"de-DE\",\"potentialAction\":[{\"@type\":\"ReadAction\",\"target\":[\"https:\\\/\\\/www.ssyl.fi\\\/de\\\/nachrichten\\\/ssyl-geschaeftsfuehrerin-wechselt-in-eine-neue-berufliche-aufgabe-ulla-kuusniemi-uebernimmt-die-koordination\\\/\"]}]},{\"@type\":\"BreadcrumbList\",\"@id\":\"https:\\\/\\\/www.ssyl.fi\\\/de\\\/nachrichten\\\/ssyl-geschaeftsfuehrerin-wechselt-in-eine-neue-berufliche-aufgabe-ulla-kuusniemi-uebernimmt-die-koordination\\\/#breadcrumb\",\"itemListElement\":[{\"@type\":\"ListItem\",\"position\":1,\"name\":\"Home\",\"item\":\"https:\\\/\\\/www.ssyl.fi\\\/de\\\/\"},{\"@type\":\"ListItem\",\"position\":2,\"name\":\"SSYL-Gesch\u00e4ftsf\u00fchrerin wechselt in eine neue berufliche Aufgabe \u2013 Ulla Kuusniemi \u00fcbernimmt die Koordination\"}]},{\"@type\":\"WebSite\",\"@id\":\"https:\\\/\\\/www.ssyl.fi\\\/de\\\/#website\",\"url\":\"https:\\\/\\\/www.ssyl.fi\\\/de\\\/\",\"name\":\"Suomi-Saksa Yhdistysten Liitto ry\",\"description\":\"\",\"potentialAction\":[{\"@type\":\"SearchAction\",\"target\":{\"@type\":\"EntryPoint\",\"urlTemplate\":\"https:\\\/\\\/www.ssyl.fi\\\/de\\\/?s={search_term_string}\"},\"query-input\":{\"@type\":\"PropertyValueSpecification\",\"valueRequired\":true,\"valueName\":\"search_term_string\"}}],\"inLanguage\":\"de-DE\"},{\"@type\":\"Person\",\"@id\":\"https:\\\/\\\/www.ssyl.fi\\\/de\\\/#\\\/schema\\\/person\\\/2b96b83814fe1017549ecea7835ab645\",\"name\":\"Ulla Kuusniemi\",\"image\":{\"@type\":\"ImageObject\",\"inLanguage\":\"de-DE\",\"@id\":\"https:\\\/\\\/secure.gravatar.com\\\/avatar\\\/4a2ea52953ac4c1367629a4bd7292c38deb562fa5b6d057ac08ea326024dc662?s=96&d=mm&r=g\",\"url\":\"https:\\\/\\\/secure.gravatar.com\\\/avatar\\\/4a2ea52953ac4c1367629a4bd7292c38deb562fa5b6d057ac08ea326024dc662?s=96&d=mm&r=g\",\"contentUrl\":\"https:\\\/\\\/secure.gravatar.com\\\/avatar\\\/4a2ea52953ac4c1367629a4bd7292c38deb562fa5b6d057ac08ea326024dc662?s=96&d=mm&r=g\",\"caption\":\"Ulla Kuusniemi\"},\"url\":\"https:\\\/\\\/www.ssyl.fi\\\/de\\\/author\\\/ssyl\\\/\"}]}<\/script>\n<!-- \/ Yoast SEO plugin. -->","yoast_head_json":{"title":"SSYL-Gesch\u00e4ftsf\u00fchrerin wechselt in eine neue berufliche Aufgabe \u2013 Ulla Kuusniemi \u00fcbernimmt die Koordination - Suomi-Saksa Yhdistysten Liitto ry","robots":{"index":"index","follow":"follow","max-snippet":"max-snippet:-1","max-image-preview":"max-image-preview:large","max-video-preview":"max-video-preview:-1"},"canonical":"https:\/\/www.ssyl.fi\/de\/nachrichten\/ssyl-geschaeftsfuehrerin-wechselt-in-eine-neue-berufliche-aufgabe-ulla-kuusniemi-uebernimmt-die-koordination\/","og_locale":"de_DE","og_type":"article","og_title":"SSYL-Gesch\u00e4ftsf\u00fchrerin wechselt in eine neue berufliche Aufgabe \u2013 Ulla Kuusniemi \u00fcbernimmt die Koordination - Suomi-Saksa Yhdistysten Liitto ry","og_description":"SSYL-Gesch\u00e4ftsf\u00fchrerin wechselt in eine neue berufliche Aufgabe \u2013 Ulla Kuusniemi \u00fcbernimmt die Koordination Sanne Tschirpke hat ihre T\u00e4tigkeit als Gesch\u00e4ftsf\u00fchrerin des Verbands der Finnisch-Deutschen Vereine (SSYL) zum 31. Juli 2026 beendet und ist in eine neue berufliche Aufgabe gewechselt. Der SSYL bedankt sich herzlich bei Sanne f\u00fcr ihr Engagement und ihre wertvolle Arbeit und w\u00fcnscht [&hellip;]","og_url":"https:\/\/www.ssyl.fi\/de\/nachrichten\/ssyl-geschaeftsfuehrerin-wechselt-in-eine-neue-berufliche-aufgabe-ulla-kuusniemi-uebernimmt-die-koordination\/","og_site_name":"Suomi-Saksa Yhdistysten Liitto ry","article_publisher":"http:\/\/www.facebook.com\/ssyl.fi","article_published_time":"2026-08-18T07:39:50+00:00","article_modified_time":"2026-09-02T07:41:14+00:00","og_image":[{"width":1200,"height":630,"url":"https:\/\/www.ssyl.fi\/content\/uploads\/2019\/10\/some-jako_FB_1200x630px.jpg","type":"image\/jpeg"}],"author":"Ulla Kuusniemi","twitter_card":"summary_large_image","twitter_misc":{"Written by":"Ulla Kuusniemi","Est. reading time":"2 minutes"},"schema":{"@context":"https:\/\/schema.org","@graph":[{"@type":"Article","@id":"https:\/\/www.ssyl.fi\/de\/nachrichten\/ssyl-geschaeftsfuehrerin-wechselt-in-eine-neue-berufliche-aufgabe-ulla-kuusniemi-uebernimmt-die-koordination\/#article","isPartOf":{"@id":"https:\/\/www.ssyl.fi\/de\/nachrichten\/ssyl-geschaeftsfuehrerin-wechselt-in-eine-neue-berufliche-aufgabe-ulla-kuusniemi-uebernimmt-die-koordination\/"},"author":{"name":"Ulla Kuusniemi","@id":"https:\/\/www.ssyl.fi\/de\/#\/schema\/person\/2b96b83814fe1017549ecea7835ab645"},"headline":"SSYL-Gesch\u00e4ftsf\u00fchrerin wechselt in eine neue berufliche Aufgabe \u2013 Ulla Kuusniemi \u00fcbernimmt die Koordination","datePublished":"2026-08-18T07:39:50+00:00","dateModified":"2026-09-02T07:41:14+00:00","mainEntityOfPage":{"@id":"https:\/\/www.ssyl.fi\/de\/nachrichten\/ssyl-geschaeftsfuehrerin-wechselt-in-eine-neue-berufliche-aufgabe-ulla-kuusniemi-uebernimmt-die-koordination\/"},"wordCount":186,"articleSection":["Nachrichten"],"inLanguage":"de-DE"},{"@type":"WebPage","@id":"https:\/\/www.ssyl.fi\/de\/nachrichten\/ssyl-geschaeftsfuehrerin-wechselt-in-eine-neue-berufliche-aufgabe-ulla-kuusniemi-uebernimmt-die-koordination\/","url":"https:\/\/www.ssyl.fi\/de\/nachrichten\/ssyl-geschaeftsfuehrerin-wechselt-in-eine-neue-berufliche-aufgabe-ulla-kuusniemi-uebernimmt-die-koordination\/","name":"SSYL-Gesch\u00e4ftsf\u00fchrerin wechselt in eine neue berufliche Aufgabe \u2013 Ulla Kuusniemi \u00fcbernimmt die Koordination - Suomi-Saksa Yhdistysten Liitto ry","isPartOf":{"@id":"https:\/\/www.ssyl.fi\/de\/#website"},"datePublished":"2026-08-18T07:39:50+00:00","dateModified":"2026-09-02T07:41:14+00:00","author":{"@id":"https:\/\/www.ssyl.fi\/de\/#\/schema\/person\/2b96b83814fe1017549ecea7835ab645"},"breadcrumb":{"@id":"https:\/\/www.ssyl.fi\/de\/nachrichten\/ssyl-geschaeftsfuehrerin-wechselt-in-eine-neue-berufliche-aufgabe-ulla-kuusniemi-uebernimmt-die-koordination\/#breadcrumb"},"inLanguage":"de-DE","potentialAction":[{"@type":"ReadAction","target":["https:\/\/www.ssyl.fi\/de\/nachrichten\/ssyl-geschaeftsfuehrerin-wechselt-in-eine-neue-berufliche-aufgabe-ulla-kuusniemi-uebernimmt-die-koordination\/"]}]},{"@type":"BreadcrumbList","@id":"https:\/\/www.ssyl.fi\/de\/nachrichten\/ssyl-geschaeftsfuehrerin-wechselt-in-eine-neue-berufliche-aufgabe-ulla-kuusniemi-uebernimmt-die-koordination\/#breadcrumb","itemListElement":[{"@type":"ListItem","position":1,"name":"Home","item":"https:\/\/www.ssyl.fi\/de\/"},{"@type":"ListItem","position":2,"name":"SSYL-Gesch\u00e4ftsf\u00fchrerin wechselt in eine neue berufliche Aufgabe \u2013 Ulla Kuusniemi \u00fcbernimmt die Koordination"}]},{"@type":"WebSite","@id":"https:\/\/www.ssyl.fi\/de\/#website","url":"https:\/\/www.ssyl.fi\/de\/","name":"Suomi-Saksa Yhdistysten Liitto ry","description":"","potentialAction":[{"@type":"SearchAction","target":{"@type":"EntryPoint","urlTemplate":"https:\/\/www.ssyl.fi\/de\/?s={search_term_string}"},"query-input":{"@type":"PropertyValueSpecification","valueRequired":true,"valueName":"search_term_string"}}],"inLanguage":"de-DE"},{"@type":"Person","@id":"https:\/\/www.ssyl.fi\/de\/#\/schema\/person\/2b96b83814fe1017549ecea7835ab645","name":"Ulla Kuusniemi","image":{"@type":"ImageObject","inLanguage":"de-DE","@id":"https:\/\/secure.gravatar.com\/avatar\/4a2ea52953ac4c1367629a4bd7292c38deb562fa5b6d057ac08ea326024dc662?s=96&d=mm&r=g","url":"https:\/\/secure.gravatar.com\/avatar\/4a2ea52953ac4c1367629a4bd7292c38deb562fa5b6d057ac08ea326024dc662?s=96&d=mm&r=g","contentUrl":"https:\/\/secure.gravatar.com\/avatar\/4a2ea52953ac4c1367629a4bd7292c38deb562fa5b6d057ac08ea326024dc662?s=96&d=mm&r=g","caption":"Ulla Kuusniemi"},"url":"https:\/\/www.ssyl.fi\/de\/author\/ssyl\/"}]}},"_links":{"self":[{"href":"https:\/\/www.ssyl.fi\/de\/wp-json\/wp\/v2\/posts\/12481","targetHints":{"allow":["GET"]}}],"collection":[{"href":"https:\/\/www.ssyl.fi\/de\/wp-json\/wp\/v2\/posts"}],"about":[{"href":"https:\/\/www.ssyl.fi\/de\/wp-json\/wp\/v2\/types\/post"}],"author":[{"embeddable":true,"href":"https:\/\/www.ssyl.fi\/de\/wp-json\/wp\/v2\/users\/2"}],"replies":[{"embeddable":true,"href":"https:\/\/www.ssyl.fi\/de\/wp-json\/wp\/v2\/comments?post=12481"}],"version-history":[{"count":1,"href":"https:\/\/www.ssyl.fi\/de\/wp-json\/wp\/v2\/posts\/12481\/revisions"}],"predecessor-version":[{"id":12482,"href":"https:\/\/www.ssyl.fi\/de\/wp-json\/wp\/v2\/posts\/12481\/revisions\/12482"}],"wp:attachment":[{"href":"https:\/\/www.ssyl.fi\/de\/wp-json\/wp\/v2\/media?parent=12481"}],"wp:term":[{"taxonomy":"category","embeddable":true,"href":"https:\/\/www.ssyl.fi\/de\/wp-json\/wp\/v2\/categories?post=12481"},{"taxonomy":"post_tag","embeddable":true,"href":"https:\/\/www.ssyl.fi\/de\/wp-json\/wp\/v2\/tags?post=12481"}],"curies":[{"name":"wp","href":"https:\/\/api.w.org\/{rel}","templated":true}]}}