{"id":12483,"date":"2026-09-02T14:14:18","date_gmt":"2026-09-02T11:14:18","guid":{"rendered":"https:\/\/www.ssyl.fi\/?p=12483"},"modified":"2026-09-02T14:14:18","modified_gmt":"2026-09-02T11:14:18","slug":"hybrider-gastvortrag-von-prof-dr-thomas-niehr-am-16-09-2026-1800-1930-in-oulu-auf-zoom-oeffentlicher-sprachgebrauch-zwischen-meinungsfreiheit-und-cancel-culture","status":"publish","type":"post","link":"https:\/\/www.ssyl.fi\/de\/nachrichten\/hybrider-gastvortrag-von-prof-dr-thomas-niehr-am-16-09-2026-1800-1930-in-oulu-auf-zoom-oeffentlicher-sprachgebrauch-zwischen-meinungsfreiheit-und-cancel-culture\/","title":{"rendered":"Hybrider Gastvortrag von Prof. Dr. Thomas Niehr am 16.09.2026, 18:00\u201319:30 in Oulu \/ auf Zoom: \u201e\u00d6ffentlicher Sprachgebrauch zwischen Meinungsfreiheit und Cancel Culture\u201c"},"content":{"rendered":"<p>Herzlich willkommen zu einem hybriden Gastvortrag von Prof. Dr. Thomas Niehr mit dem Thema \u201e\u00d6ffentlicher Sprachgebrauch zwischen Meinungsfreiheit und Cancel Culture\u201c!<\/p>\n<p class=\"mcntMsoNormal\"><em>Kurzabstrakt<\/em><\/p>\n<p class=\"mcntMsoNormal\">Seit einigen Jahren sind in Deutschland vermehrt Klagen dar\u00fcber zu h\u00f6ren, dass der grundgesetzlich garantierte Schutz der Meinungsfreiheit keineswegs gew\u00e4hrleistet sei. Stattdessen herrsche eine Kultur der Cancel Culture, aufgrund derer es nicht m\u00f6glich sei, unliebsame Meinungen \u00f6ffentlich zu \u00e4u\u00dfern. Im Vortrag geht es darum, wie politische Kommunikation in einer demokratischen Gesellschaft idealerweise beschaffen sein sollte. Anhand von Beispielen soll der Frage nachgegangen werden, was in Deutschland unter <i>Meinungsfreiheit<\/i> verstanden wird und inwiefern sie tats\u00e4chlich durch eine Cancel Culture eingeschr\u00e4nkt wird.<\/p>\n<p>Prof. Dr. Thomas Niehr arbeitet am Institut f\u00fcr Sprach- und Kommunikationswissenschaft der <strong>RWTH<\/strong> Universit\u00e4t Aachen<br \/>\nMehr:<a href=\"https:\/\/www.gs.rwth-aachen.de\/cms\/gs\/das-lehr-und-forschungsgebiet\/team\/inhaber-der-professur\/~rgal\/thomas-niehr\/?allou=1\">https:\/\/www.gs.rwth-aachen.de\/cms\/gs\/das-lehr-und-forschungsgebiet\/team\/inhaber-der-professur\/~rgal\/thomas-niehr\/?allou=1<\/a><\/p>\n<p>Prof. Dr. Thomas Niehr kommt vom 14. bis 18. September nach Oulu. Er ist Gast der Universit\u00e4t Oulu. Weitere Informationen: Prof. Sandra Reimann, Universit\u00e4t Oulu und Gottfried Effe, Vorsitzender FDV Oulu<\/p>\n<p><em>Ort der Veranstaltung:<\/em>\u00a0Universit\u00e4t Oulu (Tellus) und Zoom: <a href=\"https:\/\/us02web.zoom.us\/j\/84257037395?pwd=mMQLPCjA4ta4AEq0SjbpyeP5HoOCWC.1\" target=\"_blank\" rel=\"noopener\">Zoomlink zur Veranstaltung<\/a><\/p>\n","protected":false},"excerpt":{"rendered":"<p>Herzlich willkommen zu einem hybriden Gastvortrag von Prof. Dr. Thomas Niehr mit dem Thema \u201e\u00d6ffentlicher Sprachgebrauch zwischen Meinungsfreiheit und Cancel Culture\u201c! Kurzabstrakt Seit einigen Jahren sind in Deutschland vermehrt Klagen dar\u00fcber zu h\u00f6ren, dass der grundgesetzlich garantierte Schutz der Meinungsfreiheit keineswegs gew\u00e4hrleistet sei. Stattdessen herrsche eine Kultur der Cancel Culture, aufgrund derer es nicht m\u00f6glich [&hellip;]<\/p>\n","protected":false},"author":2,"featured_media":0,"comment_status":"closed","ping_status":"closed","sticky":false,"template":"","format":"standard","meta":{"footnotes":""},"categories":[3],"tags":[],"class_list":["post-12483","post","type-post","status-publish","format-standard","hentry","category-nachrichten"],"yoast_head":"<!-- This site is optimized with the Yoast SEO plugin v28.2 - https:\/\/yoast.com\/product\/yoast-seo-wordpress\/ -->\n<title>Hybrider Gastvortrag von Prof. Dr. Thomas Niehr am 16.09.2026, 18:00\u201319:30 in Oulu \/ auf Zoom: \u201e\u00d6ffentlicher Sprachgebrauch zwischen Meinungsfreiheit und Cancel Culture\u201c - Suomi-Saksa Yhdistysten Liitto ry<\/title>\n<meta name=\"robots\" content=\"index, follow, max-snippet:-1, max-image-preview:large, max-video-preview:-1\" \/>\n<link rel=\"canonical\" href=\"https:\/\/www.ssyl.fi\/de\/nachrichten\/hybrider-gastvortrag-von-prof-dr-thomas-niehr-am-16-09-2026-1800-1930-in-oulu-auf-zoom-oeffentlicher-sprachgebrauch-zwischen-meinungsfreiheit-und-cancel-culture\/\" \/>\n<meta property=\"og:locale\" content=\"de_DE\" \/>\n<meta property=\"og:type\" content=\"article\" \/>\n<meta property=\"og:title\" content=\"Hybrider Gastvortrag von Prof. Dr. Thomas Niehr am 16.09.2026, 18:00\u201319:30 in Oulu \/ auf Zoom: \u201e\u00d6ffentlicher Sprachgebrauch zwischen Meinungsfreiheit und Cancel Culture\u201c - Suomi-Saksa Yhdistysten Liitto ry\" \/>\n<meta property=\"og:description\" content=\"Herzlich willkommen zu einem hybriden Gastvortrag von Prof. Dr. Thomas Niehr mit dem Thema \u201e\u00d6ffentlicher Sprachgebrauch zwischen Meinungsfreiheit und Cancel Culture\u201c! Kurzabstrakt Seit einigen Jahren sind in Deutschland vermehrt Klagen dar\u00fcber zu h\u00f6ren, dass der grundgesetzlich garantierte Schutz der Meinungsfreiheit keineswegs gew\u00e4hrleistet sei. Stattdessen herrsche eine Kultur der Cancel Culture, aufgrund derer es nicht m\u00f6glich [&hellip;]\" \/>\n<meta property=\"og:url\" content=\"https:\/\/www.ssyl.fi\/de\/nachrichten\/hybrider-gastvortrag-von-prof-dr-thomas-niehr-am-16-09-2026-1800-1930-in-oulu-auf-zoom-oeffentlicher-sprachgebrauch-zwischen-meinungsfreiheit-und-cancel-culture\/\" \/>\n<meta property=\"og:site_name\" content=\"Suomi-Saksa Yhdistysten Liitto ry\" \/>\n<meta property=\"article:publisher\" content=\"http:\/\/www.facebook.com\/ssyl.fi\" \/>\n<meta property=\"article:published_time\" content=\"2026-09-02T11:14:18+00:00\" \/>\n<meta property=\"og:image\" content=\"https:\/\/www.ssyl.fi\/content\/uploads\/2019\/10\/some-jako_FB_1200x630px.jpg\" \/>\n\t<meta property=\"og:image:width\" content=\"1200\" \/>\n\t<meta property=\"og:image:height\" content=\"630\" \/>\n\t<meta property=\"og:image:type\" content=\"image\/jpeg\" \/>\n<meta name=\"author\" content=\"Ulla Kuusniemi\" \/>\n<meta name=\"twitter:card\" content=\"summary_large_image\" \/>\n<meta name=\"twitter:label1\" content=\"Written by\" \/>\n\t<meta name=\"twitter:data1\" content=\"Ulla Kuusniemi\" \/>\n\t<meta name=\"twitter:label2\" content=\"Est. reading time\" \/>\n\t<meta name=\"twitter:data2\" content=\"1 minute\" \/>\n<script type=\"application\/ld+json\" class=\"yoast-schema-graph\">{\"@context\":\"https:\\\/\\\/schema.org\",\"@graph\":[{\"@type\":\"Article\",\"@id\":\"https:\\\/\\\/www.ssyl.fi\\\/de\\\/nachrichten\\\/hybrider-gastvortrag-von-prof-dr-thomas-niehr-am-16-09-2026-1800-1930-in-oulu-auf-zoom-oeffentlicher-sprachgebrauch-zwischen-meinungsfreiheit-und-cancel-culture\\\/#article\",\"isPartOf\":{\"@id\":\"https:\\\/\\\/www.ssyl.fi\\\/de\\\/nachrichten\\\/hybrider-gastvortrag-von-prof-dr-thomas-niehr-am-16-09-2026-1800-1930-in-oulu-auf-zoom-oeffentlicher-sprachgebrauch-zwischen-meinungsfreiheit-und-cancel-culture\\\/\"},\"author\":{\"name\":\"Ulla Kuusniemi\",\"@id\":\"https:\\\/\\\/www.ssyl.fi\\\/de\\\/#\\\/schema\\\/person\\\/2b96b83814fe1017549ecea7835ab645\"},\"headline\":\"Hybrider Gastvortrag von Prof. Dr. Thomas Niehr am 16.09.2026, 18:00\u201319:30 in Oulu \\\/ auf Zoom: \u201e\u00d6ffentlicher Sprachgebrauch zwischen Meinungsfreiheit und Cancel Culture\u201c\",\"datePublished\":\"2026-09-02T11:14:18+00:00\",\"mainEntityOfPage\":{\"@id\":\"https:\\\/\\\/www.ssyl.fi\\\/de\\\/nachrichten\\\/hybrider-gastvortrag-von-prof-dr-thomas-niehr-am-16-09-2026-1800-1930-in-oulu-auf-zoom-oeffentlicher-sprachgebrauch-zwischen-meinungsfreiheit-und-cancel-culture\\\/\"},\"wordCount\":202,\"articleSection\":[\"Nachrichten\"],\"inLanguage\":\"de-DE\"},{\"@type\":\"WebPage\",\"@id\":\"https:\\\/\\\/www.ssyl.fi\\\/de\\\/nachrichten\\\/hybrider-gastvortrag-von-prof-dr-thomas-niehr-am-16-09-2026-1800-1930-in-oulu-auf-zoom-oeffentlicher-sprachgebrauch-zwischen-meinungsfreiheit-und-cancel-culture\\\/\",\"url\":\"https:\\\/\\\/www.ssyl.fi\\\/de\\\/nachrichten\\\/hybrider-gastvortrag-von-prof-dr-thomas-niehr-am-16-09-2026-1800-1930-in-oulu-auf-zoom-oeffentlicher-sprachgebrauch-zwischen-meinungsfreiheit-und-cancel-culture\\\/\",\"name\":\"Hybrider Gastvortrag von Prof. Dr. Thomas Niehr am 16.09.2026, 18:00\u201319:30 in Oulu \\\/ auf Zoom: \u201e\u00d6ffentlicher Sprachgebrauch zwischen Meinungsfreiheit und Cancel Culture\u201c - Suomi-Saksa Yhdistysten Liitto ry\",\"isPartOf\":{\"@id\":\"https:\\\/\\\/www.ssyl.fi\\\/de\\\/#website\"},\"datePublished\":\"2026-09-02T11:14:18+00:00\",\"author\":{\"@id\":\"https:\\\/\\\/www.ssyl.fi\\\/de\\\/#\\\/schema\\\/person\\\/2b96b83814fe1017549ecea7835ab645\"},\"breadcrumb\":{\"@id\":\"https:\\\/\\\/www.ssyl.fi\\\/de\\\/nachrichten\\\/hybrider-gastvortrag-von-prof-dr-thomas-niehr-am-16-09-2026-1800-1930-in-oulu-auf-zoom-oeffentlicher-sprachgebrauch-zwischen-meinungsfreiheit-und-cancel-culture\\\/#breadcrumb\"},\"inLanguage\":\"de-DE\",\"potentialAction\":[{\"@type\":\"ReadAction\",\"target\":[\"https:\\\/\\\/www.ssyl.fi\\\/de\\\/nachrichten\\\/hybrider-gastvortrag-von-prof-dr-thomas-niehr-am-16-09-2026-1800-1930-in-oulu-auf-zoom-oeffentlicher-sprachgebrauch-zwischen-meinungsfreiheit-und-cancel-culture\\\/\"]}]},{\"@type\":\"BreadcrumbList\",\"@id\":\"https:\\\/\\\/www.ssyl.fi\\\/de\\\/nachrichten\\\/hybrider-gastvortrag-von-prof-dr-thomas-niehr-am-16-09-2026-1800-1930-in-oulu-auf-zoom-oeffentlicher-sprachgebrauch-zwischen-meinungsfreiheit-und-cancel-culture\\\/#breadcrumb\",\"itemListElement\":[{\"@type\":\"ListItem\",\"position\":1,\"name\":\"Home\",\"item\":\"https:\\\/\\\/www.ssyl.fi\\\/de\\\/\"},{\"@type\":\"ListItem\",\"position\":2,\"name\":\"Hybrider Gastvortrag von Prof. Dr. Thomas Niehr am 16.09.2026, 18:00\u201319:30 in Oulu \\\/ auf Zoom: \u201e\u00d6ffentlicher Sprachgebrauch zwischen Meinungsfreiheit und Cancel Culture\u201c\"}]},{\"@type\":\"WebSite\",\"@id\":\"https:\\\/\\\/www.ssyl.fi\\\/de\\\/#website\",\"url\":\"https:\\\/\\\/www.ssyl.fi\\\/de\\\/\",\"name\":\"Suomi-Saksa Yhdistysten Liitto ry\",\"description\":\"\",\"potentialAction\":[{\"@type\":\"SearchAction\",\"target\":{\"@type\":\"EntryPoint\",\"urlTemplate\":\"https:\\\/\\\/www.ssyl.fi\\\/de\\\/?s={search_term_string}\"},\"query-input\":{\"@type\":\"PropertyValueSpecification\",\"valueRequired\":true,\"valueName\":\"search_term_string\"}}],\"inLanguage\":\"de-DE\"},{\"@type\":\"Person\",\"@id\":\"https:\\\/\\\/www.ssyl.fi\\\/de\\\/#\\\/schema\\\/person\\\/2b96b83814fe1017549ecea7835ab645\",\"name\":\"Ulla Kuusniemi\",\"image\":{\"@type\":\"ImageObject\",\"inLanguage\":\"de-DE\",\"@id\":\"https:\\\/\\\/secure.gravatar.com\\\/avatar\\\/4a2ea52953ac4c1367629a4bd7292c38deb562fa5b6d057ac08ea326024dc662?s=96&d=mm&r=g\",\"url\":\"https:\\\/\\\/secure.gravatar.com\\\/avatar\\\/4a2ea52953ac4c1367629a4bd7292c38deb562fa5b6d057ac08ea326024dc662?s=96&d=mm&r=g\",\"contentUrl\":\"https:\\\/\\\/secure.gravatar.com\\\/avatar\\\/4a2ea52953ac4c1367629a4bd7292c38deb562fa5b6d057ac08ea326024dc662?s=96&d=mm&r=g\",\"caption\":\"Ulla Kuusniemi\"},\"url\":\"https:\\\/\\\/www.ssyl.fi\\\/de\\\/author\\\/ssyl\\\/\"}]}<\/script>\n<!-- \/ Yoast SEO plugin. -->","yoast_head_json":{"title":"Hybrider Gastvortrag von Prof. Dr. Thomas Niehr am 16.09.2026, 18:00\u201319:30 in Oulu \/ auf Zoom: \u201e\u00d6ffentlicher Sprachgebrauch zwischen Meinungsfreiheit und Cancel Culture\u201c - Suomi-Saksa Yhdistysten Liitto ry","robots":{"index":"index","follow":"follow","max-snippet":"max-snippet:-1","max-image-preview":"max-image-preview:large","max-video-preview":"max-video-preview:-1"},"canonical":"https:\/\/www.ssyl.fi\/de\/nachrichten\/hybrider-gastvortrag-von-prof-dr-thomas-niehr-am-16-09-2026-1800-1930-in-oulu-auf-zoom-oeffentlicher-sprachgebrauch-zwischen-meinungsfreiheit-und-cancel-culture\/","og_locale":"de_DE","og_type":"article","og_title":"Hybrider Gastvortrag von Prof. Dr. Thomas Niehr am 16.09.2026, 18:00\u201319:30 in Oulu \/ auf Zoom: \u201e\u00d6ffentlicher Sprachgebrauch zwischen Meinungsfreiheit und Cancel Culture\u201c - Suomi-Saksa Yhdistysten Liitto ry","og_description":"Herzlich willkommen zu einem hybriden Gastvortrag von Prof. Dr. Thomas Niehr mit dem Thema \u201e\u00d6ffentlicher Sprachgebrauch zwischen Meinungsfreiheit und Cancel Culture\u201c! Kurzabstrakt Seit einigen Jahren sind in Deutschland vermehrt Klagen dar\u00fcber zu h\u00f6ren, dass der grundgesetzlich garantierte Schutz der Meinungsfreiheit keineswegs gew\u00e4hrleistet sei. Stattdessen herrsche eine Kultur der Cancel Culture, aufgrund derer es nicht m\u00f6glich [&hellip;]","og_url":"https:\/\/www.ssyl.fi\/de\/nachrichten\/hybrider-gastvortrag-von-prof-dr-thomas-niehr-am-16-09-2026-1800-1930-in-oulu-auf-zoom-oeffentlicher-sprachgebrauch-zwischen-meinungsfreiheit-und-cancel-culture\/","og_site_name":"Suomi-Saksa Yhdistysten Liitto ry","article_publisher":"http:\/\/www.facebook.com\/ssyl.fi","article_published_time":"2026-09-02T11:14:18+00:00","og_image":[{"width":1200,"height":630,"url":"https:\/\/www.ssyl.fi\/content\/uploads\/2019\/10\/some-jako_FB_1200x630px.jpg","type":"image\/jpeg"}],"author":"Ulla Kuusniemi","twitter_card":"summary_large_image","twitter_misc":{"Written by":"Ulla Kuusniemi","Est. reading time":"1 minute"},"schema":{"@context":"https:\/\/schema.org","@graph":[{"@type":"Article","@id":"https:\/\/www.ssyl.fi\/de\/nachrichten\/hybrider-gastvortrag-von-prof-dr-thomas-niehr-am-16-09-2026-1800-1930-in-oulu-auf-zoom-oeffentlicher-sprachgebrauch-zwischen-meinungsfreiheit-und-cancel-culture\/#article","isPartOf":{"@id":"https:\/\/www.ssyl.fi\/de\/nachrichten\/hybrider-gastvortrag-von-prof-dr-thomas-niehr-am-16-09-2026-1800-1930-in-oulu-auf-zoom-oeffentlicher-sprachgebrauch-zwischen-meinungsfreiheit-und-cancel-culture\/"},"author":{"name":"Ulla Kuusniemi","@id":"https:\/\/www.ssyl.fi\/de\/#\/schema\/person\/2b96b83814fe1017549ecea7835ab645"},"headline":"Hybrider Gastvortrag von Prof. Dr. Thomas Niehr am 16.09.2026, 18:00\u201319:30 in Oulu \/ auf Zoom: \u201e\u00d6ffentlicher Sprachgebrauch zwischen Meinungsfreiheit und Cancel Culture\u201c","datePublished":"2026-09-02T11:14:18+00:00","mainEntityOfPage":{"@id":"https:\/\/www.ssyl.fi\/de\/nachrichten\/hybrider-gastvortrag-von-prof-dr-thomas-niehr-am-16-09-2026-1800-1930-in-oulu-auf-zoom-oeffentlicher-sprachgebrauch-zwischen-meinungsfreiheit-und-cancel-culture\/"},"wordCount":202,"articleSection":["Nachrichten"],"inLanguage":"de-DE"},{"@type":"WebPage","@id":"https:\/\/www.ssyl.fi\/de\/nachrichten\/hybrider-gastvortrag-von-prof-dr-thomas-niehr-am-16-09-2026-1800-1930-in-oulu-auf-zoom-oeffentlicher-sprachgebrauch-zwischen-meinungsfreiheit-und-cancel-culture\/","url":"https:\/\/www.ssyl.fi\/de\/nachrichten\/hybrider-gastvortrag-von-prof-dr-thomas-niehr-am-16-09-2026-1800-1930-in-oulu-auf-zoom-oeffentlicher-sprachgebrauch-zwischen-meinungsfreiheit-und-cancel-culture\/","name":"Hybrider Gastvortrag von Prof. Dr. Thomas Niehr am 16.09.2026, 18:00\u201319:30 in Oulu \/ auf Zoom: \u201e\u00d6ffentlicher Sprachgebrauch zwischen Meinungsfreiheit und Cancel Culture\u201c - Suomi-Saksa Yhdistysten Liitto ry","isPartOf":{"@id":"https:\/\/www.ssyl.fi\/de\/#website"},"datePublished":"2026-09-02T11:14:18+00:00","author":{"@id":"https:\/\/www.ssyl.fi\/de\/#\/schema\/person\/2b96b83814fe1017549ecea7835ab645"},"breadcrumb":{"@id":"https:\/\/www.ssyl.fi\/de\/nachrichten\/hybrider-gastvortrag-von-prof-dr-thomas-niehr-am-16-09-2026-1800-1930-in-oulu-auf-zoom-oeffentlicher-sprachgebrauch-zwischen-meinungsfreiheit-und-cancel-culture\/#breadcrumb"},"inLanguage":"de-DE","potentialAction":[{"@type":"ReadAction","target":["https:\/\/www.ssyl.fi\/de\/nachrichten\/hybrider-gastvortrag-von-prof-dr-thomas-niehr-am-16-09-2026-1800-1930-in-oulu-auf-zoom-oeffentlicher-sprachgebrauch-zwischen-meinungsfreiheit-und-cancel-culture\/"]}]},{"@type":"BreadcrumbList","@id":"https:\/\/www.ssyl.fi\/de\/nachrichten\/hybrider-gastvortrag-von-prof-dr-thomas-niehr-am-16-09-2026-1800-1930-in-oulu-auf-zoom-oeffentlicher-sprachgebrauch-zwischen-meinungsfreiheit-und-cancel-culture\/#breadcrumb","itemListElement":[{"@type":"ListItem","position":1,"name":"Home","item":"https:\/\/www.ssyl.fi\/de\/"},{"@type":"ListItem","position":2,"name":"Hybrider Gastvortrag von Prof. Dr. Thomas Niehr am 16.09.2026, 18:00\u201319:30 in Oulu \/ auf Zoom: \u201e\u00d6ffentlicher Sprachgebrauch zwischen Meinungsfreiheit und Cancel Culture\u201c"}]},{"@type":"WebSite","@id":"https:\/\/www.ssyl.fi\/de\/#website","url":"https:\/\/www.ssyl.fi\/de\/","name":"Suomi-Saksa Yhdistysten Liitto ry","description":"","potentialAction":[{"@type":"SearchAction","target":{"@type":"EntryPoint","urlTemplate":"https:\/\/www.ssyl.fi\/de\/?s={search_term_string}"},"query-input":{"@type":"PropertyValueSpecification","valueRequired":true,"valueName":"search_term_string"}}],"inLanguage":"de-DE"},{"@type":"Person","@id":"https:\/\/www.ssyl.fi\/de\/#\/schema\/person\/2b96b83814fe1017549ecea7835ab645","name":"Ulla Kuusniemi","image":{"@type":"ImageObject","inLanguage":"de-DE","@id":"https:\/\/secure.gravatar.com\/avatar\/4a2ea52953ac4c1367629a4bd7292c38deb562fa5b6d057ac08ea326024dc662?s=96&d=mm&r=g","url":"https:\/\/secure.gravatar.com\/avatar\/4a2ea52953ac4c1367629a4bd7292c38deb562fa5b6d057ac08ea326024dc662?s=96&d=mm&r=g","contentUrl":"https:\/\/secure.gravatar.com\/avatar\/4a2ea52953ac4c1367629a4bd7292c38deb562fa5b6d057ac08ea326024dc662?s=96&d=mm&r=g","caption":"Ulla Kuusniemi"},"url":"https:\/\/www.ssyl.fi\/de\/author\/ssyl\/"}]}},"_links":{"self":[{"href":"https:\/\/www.ssyl.fi\/de\/wp-json\/wp\/v2\/posts\/12483","targetHints":{"allow":["GET"]}}],"collection":[{"href":"https:\/\/www.ssyl.fi\/de\/wp-json\/wp\/v2\/posts"}],"about":[{"href":"https:\/\/www.ssyl.fi\/de\/wp-json\/wp\/v2\/types\/post"}],"author":[{"embeddable":true,"href":"https:\/\/www.ssyl.fi\/de\/wp-json\/wp\/v2\/users\/2"}],"replies":[{"embeddable":true,"href":"https:\/\/www.ssyl.fi\/de\/wp-json\/wp\/v2\/comments?post=12483"}],"version-history":[{"count":2,"href":"https:\/\/www.ssyl.fi\/de\/wp-json\/wp\/v2\/posts\/12483\/revisions"}],"predecessor-version":[{"id":12485,"href":"https:\/\/www.ssyl.fi\/de\/wp-json\/wp\/v2\/posts\/12483\/revisions\/12485"}],"wp:attachment":[{"href":"https:\/\/www.ssyl.fi\/de\/wp-json\/wp\/v2\/media?parent=12483"}],"wp:term":[{"taxonomy":"category","embeddable":true,"href":"https:\/\/www.ssyl.fi\/de\/wp-json\/wp\/v2\/categories?post=12483"},{"taxonomy":"post_tag","embeddable":true,"href":"https:\/\/www.ssyl.fi\/de\/wp-json\/wp\/v2\/tags?post=12483"}],"curies":[{"name":"wp","href":"https:\/\/api.w.org\/{rel}","templated":true}]}}