{"id":1492,"date":"2012-08-20T14:40:17","date_gmt":"2012-08-20T11:40:17","guid":{"rendered":"https:\/\/www.ssyl.fi\/?p=1492"},"modified":"2019-09-27T11:41:21","modified_gmt":"2019-09-27T08:41:21","slug":"uusia-jasenetuja","status":"publish","type":"post","link":"https:\/\/www.ssyl.fi\/de\/aktuelles\/uusia-jasenetuja\/","title":{"rendered":"Neue Angebote f\u00fcr Mitglieder"},"content":{"rendered":"<p><!--:fi-->J\u00e4senemme saavat syksyll\u00e4 2012\u00a0<em>Ekspressioita<\/em>-n\u00e4yttelyn normaalihintaisen p\u00e4\u00e4sylipun alennettuun hintaan. N\u00e4yttely on esill\u00e4 Sara Hild\u00e9nin taidemuseossa Tampereella.<\/p>\n<p>Oktoberfest valtaa puolestaan Helsingin Suvilahden kahtena lokakuisena viikonloppuna. J\u00e4senemme saavat alennuksen ennakkoon tilaamistaan palveluista.<\/p>\n<p><strong>Lis\u00e4tiedot<\/strong><\/p>\n<ul>\n<li><a title=\"J\u00e4senedut\" href=\"https:\/\/www.ssyl.fi\/jasenyys-ja-jasenyhdistykset\/jasenedut\/\">J\u00e4senedut<\/a><\/li>\n<\/ul>\n<p><!--:--><!--:de-->Im Herbst 2012 bekommen unsere Mitglieder Rabatt auf die folgenden Angebote.<\/p>\n<ul>\n<li>Ausstellung <em>Ekspressioita<\/em> in Tampere<\/li>\n<li>Oktoberfest in Suvilahti, Helsinki<\/li>\n<\/ul>\n<p><strong>Mehr Information<\/strong><\/p>\n<ul>\n<li><a href=\"https:\/\/www.ssyl.fi\/de\/jasenyys-ja-jasenyhdistykset\/jasenedut\/\">Angebote f\u00fcr Mitglieder<\/a><\/li>\n<\/ul>\n<p><!--:--><\/p>\n","protected":false},"excerpt":{"rendered":"<p>J\u00e4senemme saavat syksyll\u00e4 2012\u00a0Ekspressioita-n\u00e4yttelyn normaalihintaisen p\u00e4\u00e4sylipun alennettuun hintaan. N\u00e4yttely on esill\u00e4 Sara Hild\u00e9nin taidemuseossa Tampereella. Oktoberfest valtaa puolestaan Helsingin Suvilahden kahtena lokakuisena viikonloppuna. J\u00e4senemme saavat alennuksen ennakkoon tilaamistaan palveluista. Lis\u00e4tiedot J\u00e4senedut Im Herbst 2012 bekommen unsere Mitglieder Rabatt auf die folgenden Angebote. Ausstellung Ekspressioita in Tampere Oktoberfest in Suvilahti, Helsinki Mehr Information Angebote f\u00fcr Mitglieder<\/p>\n","protected":false},"author":1,"featured_media":0,"comment_status":"closed","ping_status":"closed","sticky":false,"template":"","format":"standard","meta":{"footnotes":""},"categories":[14],"tags":[],"class_list":["post-1492","post","type-post","status-publish","format-standard","hentry","category-aktuelles"],"yoast_head":"<!-- This site is optimized with the Yoast SEO plugin v27.3 - https:\/\/yoast.com\/product\/yoast-seo-wordpress\/ -->\n<title>Neue Angebote f\u00fcr Mitglieder - Suomi-Saksa Yhdistysten Liitto ry<\/title>\n<meta name=\"robots\" content=\"index, follow, max-snippet:-1, max-image-preview:large, max-video-preview:-1\" \/>\n<link rel=\"canonical\" href=\"https:\/\/www.ssyl.fi\/de\/aktuelles\/uusia-jasenetuja\/\" \/>\n<meta property=\"og:locale\" content=\"de_DE\" \/>\n<meta property=\"og:type\" content=\"article\" \/>\n<meta property=\"og:title\" content=\"Neue Angebote f\u00fcr Mitglieder - Suomi-Saksa Yhdistysten Liitto ry\" \/>\n<meta property=\"og:description\" content=\"J\u00e4senemme saavat syksyll\u00e4 2012\u00a0Ekspressioita-n\u00e4yttelyn normaalihintaisen p\u00e4\u00e4sylipun alennettuun hintaan. N\u00e4yttely on esill\u00e4 Sara Hild\u00e9nin taidemuseossa Tampereella. Oktoberfest valtaa puolestaan Helsingin Suvilahden kahtena lokakuisena viikonloppuna. J\u00e4senemme saavat alennuksen ennakkoon tilaamistaan palveluista. Lis\u00e4tiedot J\u00e4senedut Im Herbst 2012 bekommen unsere Mitglieder Rabatt auf die folgenden Angebote. Ausstellung Ekspressioita in Tampere Oktoberfest in Suvilahti, Helsinki Mehr Information Angebote f\u00fcr Mitglieder\" \/>\n<meta property=\"og:url\" content=\"https:\/\/www.ssyl.fi\/de\/aktuelles\/uusia-jasenetuja\/\" \/>\n<meta property=\"og:site_name\" content=\"Suomi-Saksa Yhdistysten Liitto ry\" \/>\n<meta property=\"article:publisher\" content=\"http:\/\/www.facebook.com\/ssyl.fi\" \/>\n<meta property=\"article:published_time\" content=\"2012-08-20T11:40:17+00:00\" \/>\n<meta property=\"article:modified_time\" content=\"2019-09-27T08:41:21+00:00\" \/>\n<meta property=\"og:image\" content=\"https:\/\/www.ssyl.fi\/content\/uploads\/2019\/10\/some-jako_FB_1200x630px.jpg\" \/>\n\t<meta property=\"og:image:width\" content=\"1200\" \/>\n\t<meta property=\"og:image:height\" content=\"630\" \/>\n\t<meta property=\"og:image:type\" content=\"image\/jpeg\" \/>\n<meta name=\"author\" content=\"su\" \/>\n<meta name=\"twitter:card\" content=\"summary_large_image\" \/>\n<meta name=\"twitter:label1\" content=\"Written by\" \/>\n\t<meta name=\"twitter:data1\" content=\"su\" \/>\n<script type=\"application\/ld+json\" class=\"yoast-schema-graph\">{\"@context\":\"https:\\\/\\\/schema.org\",\"@graph\":[{\"@type\":\"Article\",\"@id\":\"https:\\\/\\\/www.ssyl.fi\\\/de\\\/aktuelles\\\/uusia-jasenetuja\\\/#article\",\"isPartOf\":{\"@id\":\"https:\\\/\\\/www.ssyl.fi\\\/de\\\/aktuelles\\\/uusia-jasenetuja\\\/\"},\"author\":{\"name\":\"su\",\"@id\":\"https:\\\/\\\/www.ssyl.fi\\\/de\\\/#\\\/schema\\\/person\\\/bca1dcebb660e436912037dec6c0af97\"},\"headline\":\"Neue Angebote f\u00fcr Mitglieder\",\"datePublished\":\"2012-08-20T11:40:17+00:00\",\"dateModified\":\"2019-09-27T08:41:21+00:00\",\"mainEntityOfPage\":{\"@id\":\"https:\\\/\\\/www.ssyl.fi\\\/de\\\/aktuelles\\\/uusia-jasenetuja\\\/\"},\"wordCount\":68,\"articleSection\":[\"Aktuelles\"],\"inLanguage\":\"de-DE\"},{\"@type\":\"WebPage\",\"@id\":\"https:\\\/\\\/www.ssyl.fi\\\/de\\\/aktuelles\\\/uusia-jasenetuja\\\/\",\"url\":\"https:\\\/\\\/www.ssyl.fi\\\/de\\\/aktuelles\\\/uusia-jasenetuja\\\/\",\"name\":\"Neue Angebote f\u00fcr Mitglieder - Suomi-Saksa Yhdistysten Liitto ry\",\"isPartOf\":{\"@id\":\"https:\\\/\\\/www.ssyl.fi\\\/de\\\/#website\"},\"datePublished\":\"2012-08-20T11:40:17+00:00\",\"dateModified\":\"2019-09-27T08:41:21+00:00\",\"author\":{\"@id\":\"https:\\\/\\\/www.ssyl.fi\\\/de\\\/#\\\/schema\\\/person\\\/bca1dcebb660e436912037dec6c0af97\"},\"breadcrumb\":{\"@id\":\"https:\\\/\\\/www.ssyl.fi\\\/de\\\/aktuelles\\\/uusia-jasenetuja\\\/#breadcrumb\"},\"inLanguage\":\"de-DE\",\"potentialAction\":[{\"@type\":\"ReadAction\",\"target\":[\"https:\\\/\\\/www.ssyl.fi\\\/de\\\/aktuelles\\\/uusia-jasenetuja\\\/\"]}]},{\"@type\":\"BreadcrumbList\",\"@id\":\"https:\\\/\\\/www.ssyl.fi\\\/de\\\/aktuelles\\\/uusia-jasenetuja\\\/#breadcrumb\",\"itemListElement\":[{\"@type\":\"ListItem\",\"position\":1,\"name\":\"Home\",\"item\":\"https:\\\/\\\/www.ssyl.fi\\\/de\\\/\"},{\"@type\":\"ListItem\",\"position\":2,\"name\":\"Neue Angebote f\u00fcr Mitglieder\"}]},{\"@type\":\"WebSite\",\"@id\":\"https:\\\/\\\/www.ssyl.fi\\\/de\\\/#website\",\"url\":\"https:\\\/\\\/www.ssyl.fi\\\/de\\\/\",\"name\":\"Suomi-Saksa Yhdistysten Liitto ry\",\"description\":\"\",\"potentialAction\":[{\"@type\":\"SearchAction\",\"target\":{\"@type\":\"EntryPoint\",\"urlTemplate\":\"https:\\\/\\\/www.ssyl.fi\\\/de\\\/?s={search_term_string}\"},\"query-input\":{\"@type\":\"PropertyValueSpecification\",\"valueRequired\":true,\"valueName\":\"search_term_string\"}}],\"inLanguage\":\"de-DE\"},{\"@type\":\"Person\",\"@id\":\"https:\\\/\\\/www.ssyl.fi\\\/de\\\/#\\\/schema\\\/person\\\/bca1dcebb660e436912037dec6c0af97\",\"name\":\"su\",\"image\":{\"@type\":\"ImageObject\",\"inLanguage\":\"de-DE\",\"@id\":\"https:\\\/\\\/secure.gravatar.com\\\/avatar\\\/9b55bc1571b94e7d820a0d2181aad3ff43a88ed36fcd149690e9b3b58274f822?s=96&d=mm&r=g\",\"url\":\"https:\\\/\\\/secure.gravatar.com\\\/avatar\\\/9b55bc1571b94e7d820a0d2181aad3ff43a88ed36fcd149690e9b3b58274f822?s=96&d=mm&r=g\",\"contentUrl\":\"https:\\\/\\\/secure.gravatar.com\\\/avatar\\\/9b55bc1571b94e7d820a0d2181aad3ff43a88ed36fcd149690e9b3b58274f822?s=96&d=mm&r=g\",\"caption\":\"su\"},\"url\":\"https:\\\/\\\/www.ssyl.fi\\\/de\\\/author\\\/su\\\/\"}]}<\/script>\n<!-- \/ Yoast SEO plugin. -->","yoast_head_json":{"title":"Neue Angebote f\u00fcr Mitglieder - Suomi-Saksa Yhdistysten Liitto ry","robots":{"index":"index","follow":"follow","max-snippet":"max-snippet:-1","max-image-preview":"max-image-preview:large","max-video-preview":"max-video-preview:-1"},"canonical":"https:\/\/www.ssyl.fi\/de\/aktuelles\/uusia-jasenetuja\/","og_locale":"de_DE","og_type":"article","og_title":"Neue Angebote f\u00fcr Mitglieder - Suomi-Saksa Yhdistysten Liitto ry","og_description":"J\u00e4senemme saavat syksyll\u00e4 2012\u00a0Ekspressioita-n\u00e4yttelyn normaalihintaisen p\u00e4\u00e4sylipun alennettuun hintaan. N\u00e4yttely on esill\u00e4 Sara Hild\u00e9nin taidemuseossa Tampereella. Oktoberfest valtaa puolestaan Helsingin Suvilahden kahtena lokakuisena viikonloppuna. J\u00e4senemme saavat alennuksen ennakkoon tilaamistaan palveluista. Lis\u00e4tiedot J\u00e4senedut Im Herbst 2012 bekommen unsere Mitglieder Rabatt auf die folgenden Angebote. Ausstellung Ekspressioita in Tampere Oktoberfest in Suvilahti, Helsinki Mehr Information Angebote f\u00fcr Mitglieder","og_url":"https:\/\/www.ssyl.fi\/de\/aktuelles\/uusia-jasenetuja\/","og_site_name":"Suomi-Saksa Yhdistysten Liitto ry","article_publisher":"http:\/\/www.facebook.com\/ssyl.fi","article_published_time":"2012-08-20T11:40:17+00:00","article_modified_time":"2019-09-27T08:41:21+00:00","og_image":[{"width":1200,"height":630,"url":"https:\/\/www.ssyl.fi\/content\/uploads\/2019\/10\/some-jako_FB_1200x630px.jpg","type":"image\/jpeg"}],"author":"su","twitter_card":"summary_large_image","twitter_misc":{"Written by":"su"},"schema":{"@context":"https:\/\/schema.org","@graph":[{"@type":"Article","@id":"https:\/\/www.ssyl.fi\/de\/aktuelles\/uusia-jasenetuja\/#article","isPartOf":{"@id":"https:\/\/www.ssyl.fi\/de\/aktuelles\/uusia-jasenetuja\/"},"author":{"name":"su","@id":"https:\/\/www.ssyl.fi\/de\/#\/schema\/person\/bca1dcebb660e436912037dec6c0af97"},"headline":"Neue Angebote f\u00fcr Mitglieder","datePublished":"2012-08-20T11:40:17+00:00","dateModified":"2019-09-27T08:41:21+00:00","mainEntityOfPage":{"@id":"https:\/\/www.ssyl.fi\/de\/aktuelles\/uusia-jasenetuja\/"},"wordCount":68,"articleSection":["Aktuelles"],"inLanguage":"de-DE"},{"@type":"WebPage","@id":"https:\/\/www.ssyl.fi\/de\/aktuelles\/uusia-jasenetuja\/","url":"https:\/\/www.ssyl.fi\/de\/aktuelles\/uusia-jasenetuja\/","name":"Neue Angebote f\u00fcr Mitglieder - Suomi-Saksa Yhdistysten Liitto ry","isPartOf":{"@id":"https:\/\/www.ssyl.fi\/de\/#website"},"datePublished":"2012-08-20T11:40:17+00:00","dateModified":"2019-09-27T08:41:21+00:00","author":{"@id":"https:\/\/www.ssyl.fi\/de\/#\/schema\/person\/bca1dcebb660e436912037dec6c0af97"},"breadcrumb":{"@id":"https:\/\/www.ssyl.fi\/de\/aktuelles\/uusia-jasenetuja\/#breadcrumb"},"inLanguage":"de-DE","potentialAction":[{"@type":"ReadAction","target":["https:\/\/www.ssyl.fi\/de\/aktuelles\/uusia-jasenetuja\/"]}]},{"@type":"BreadcrumbList","@id":"https:\/\/www.ssyl.fi\/de\/aktuelles\/uusia-jasenetuja\/#breadcrumb","itemListElement":[{"@type":"ListItem","position":1,"name":"Home","item":"https:\/\/www.ssyl.fi\/de\/"},{"@type":"ListItem","position":2,"name":"Neue Angebote f\u00fcr Mitglieder"}]},{"@type":"WebSite","@id":"https:\/\/www.ssyl.fi\/de\/#website","url":"https:\/\/www.ssyl.fi\/de\/","name":"Suomi-Saksa Yhdistysten Liitto ry","description":"","potentialAction":[{"@type":"SearchAction","target":{"@type":"EntryPoint","urlTemplate":"https:\/\/www.ssyl.fi\/de\/?s={search_term_string}"},"query-input":{"@type":"PropertyValueSpecification","valueRequired":true,"valueName":"search_term_string"}}],"inLanguage":"de-DE"},{"@type":"Person","@id":"https:\/\/www.ssyl.fi\/de\/#\/schema\/person\/bca1dcebb660e436912037dec6c0af97","name":"su","image":{"@type":"ImageObject","inLanguage":"de-DE","@id":"https:\/\/secure.gravatar.com\/avatar\/9b55bc1571b94e7d820a0d2181aad3ff43a88ed36fcd149690e9b3b58274f822?s=96&d=mm&r=g","url":"https:\/\/secure.gravatar.com\/avatar\/9b55bc1571b94e7d820a0d2181aad3ff43a88ed36fcd149690e9b3b58274f822?s=96&d=mm&r=g","contentUrl":"https:\/\/secure.gravatar.com\/avatar\/9b55bc1571b94e7d820a0d2181aad3ff43a88ed36fcd149690e9b3b58274f822?s=96&d=mm&r=g","caption":"su"},"url":"https:\/\/www.ssyl.fi\/de\/author\/su\/"}]}},"_links":{"self":[{"href":"https:\/\/www.ssyl.fi\/de\/wp-json\/wp\/v2\/posts\/1492","targetHints":{"allow":["GET"]}}],"collection":[{"href":"https:\/\/www.ssyl.fi\/de\/wp-json\/wp\/v2\/posts"}],"about":[{"href":"https:\/\/www.ssyl.fi\/de\/wp-json\/wp\/v2\/types\/post"}],"author":[{"embeddable":true,"href":"https:\/\/www.ssyl.fi\/de\/wp-json\/wp\/v2\/users\/1"}],"replies":[{"embeddable":true,"href":"https:\/\/www.ssyl.fi\/de\/wp-json\/wp\/v2\/comments?post=1492"}],"version-history":[{"count":1,"href":"https:\/\/www.ssyl.fi\/de\/wp-json\/wp\/v2\/posts\/1492\/revisions"}],"predecessor-version":[{"id":6975,"href":"https:\/\/www.ssyl.fi\/de\/wp-json\/wp\/v2\/posts\/1492\/revisions\/6975"}],"wp:attachment":[{"href":"https:\/\/www.ssyl.fi\/de\/wp-json\/wp\/v2\/media?parent=1492"}],"wp:term":[{"taxonomy":"category","embeddable":true,"href":"https:\/\/www.ssyl.fi\/de\/wp-json\/wp\/v2\/categories?post=1492"},{"taxonomy":"post_tag","embeddable":true,"href":"https:\/\/www.ssyl.fi\/de\/wp-json\/wp\/v2\/tags?post=1492"}],"curies":[{"name":"wp","href":"https:\/\/api.w.org\/{rel}","templated":true}]}}