{"id":1553,"date":"2012-09-05T14:22:48","date_gmt":"2012-09-05T11:22:48","guid":{"rendered":"https:\/\/www.ssyl.fi\/?p=1553"},"modified":"2019-09-27T11:41:57","modified_gmt":"2019-09-27T08:41:57","slug":"saksaan-uusi-unescon-maailmanperintokohde","status":"publish","type":"post","link":"https:\/\/www.ssyl.fi\/de\/aktuelles\/saksaan-uusi-unescon-maailmanperintokohde\/","title":{"rendered":"Neue UNESCO-Welterbest\u00e4tte in Deutschland"},"content":{"rendered":"<p><!--:fi-->Bayreuthin oopperatalo on Saksan uusin, j\u00e4rjestyksess\u00e4\u00e4n 37. Unescon maailmanperint\u00f6kohde. Aiemmin Unesco on kelpuuttanut listalleen muun muassa Berliinin museosaaren, Bambergin vanhan kaupungin, L\u00fcbeckin hansakaupungin ja Wattenmeerin luonnonpuiston Pohjanmerell\u00e4.<\/p>\n<h3>Wagnerin kaupunki<\/h3>\n<div id=\"attachment_1554\" style=\"width: 310px\" class=\"wp-caption alignright\"><a href=\"https:\/\/www.ssyl.fi\/content\/uploads\/2012\/09\/Bayreuth_unesco.jpg\"><img loading=\"lazy\" decoding=\"async\" aria-describedby=\"caption-attachment-1554\" class=\"size-medium wp-image-1554\" title=\"Bayreuth_unesco\" src=\"https:\/\/www.ssyl.fi\/content\/uploads\/2012\/09\/Bayreuth_unesco-300x223.jpg\" alt=\"\" width=\"300\" height=\"223\" \/><\/a><p id=\"caption-attachment-1554\" class=\"wp-caption-text\">Bayreuthin oopperatalon n\u00e4ytt\u00e4m\u00f6<\/p><\/div>\n<p>Bayreuthin kaupunki tunnetaan oopperatalostaan ja vuosittaisista musiikkijuhlistaan. Musiikkijuhlien is\u00e4, Richard Wagner, vietti viimeiset kaksitoista vuottaan Bayreuthissa, jonne h\u00e4net on my\u00f6s haudattu.<\/p>\n<p>Etsiess\u00e4\u00e4n sopivaa paikkaa Sormus-tetralogiansa esityksiin h\u00e4nen korviinsa kantautui sana vuonna 1748 valmistuneen oopperatalon mahtavasta n\u00e4ytt\u00e4m\u00f6st\u00e4. Vaikka oopperatalon puitteet osoittautuivat Wagnerin visioille liian pieniksi, h\u00e4n vieh\u00e4ttyi baijerilaisesta pikkukaupungista. Pian Wagner muuttikin Bayreuthiin perheineen ja rakennutti n\u00e4ytt\u00e4m\u00f6talon, jossa musiikkijuhlat j\u00e4rjestettiin ensimm\u00e4isen kerran vuonna 1876.<\/p>\n<p>Ensi vuonna toukokuun 22. p\u00e4iv\u00e4 Wagnerin syntym\u00e4st\u00e4 tulee kuluneeksi 200 vuotta. Juhlavuoden kunniaksi mm. Bayreuthissa, s\u00e4velt\u00e4j\u00e4n synnyinkaupungissa Leipzigissa ja Dresdeniss\u00e4 j\u00e4rjestet\u00e4\u00e4n lukuisia eri musiikkitapahtumia.<\/p>\n<p><strong>Katso my\u00f6s<\/strong><\/p>\n<ul>\n<li><a href=\"http:\/\/www.wagnerjahr2013.de\" target=\"_blank\" rel=\"noopener noreferrer\">Wargnerjahr 2013<\/a><\/li>\n<li><a href=\"http:\/\/www.unesco.de\/welterbe-deutschland.html\" target=\"_blank\" rel=\"noopener noreferrer\">Welterbe in Deutschland<\/a><\/li>\n<\/ul>\n<p><em>Julkaistu 5.9.2012, l\u00e4hde Saksan Matkailutoimisto.<\/em><!--:--><!--:de--><\/p>\n<div id=\"attachment_1554\" style=\"width: 230px\" class=\"wp-caption alignright\"><a href=\"https:\/\/www.ssyl.fi\/content\/uploads\/2012\/09\/Bayreuth_unesco.jpg\"><img loading=\"lazy\" decoding=\"async\" aria-describedby=\"caption-attachment-1554\" class=\"size-thumbnail wp-image-1554\" title=\"Bayreuth_unesco\" src=\"https:\/\/www.ssyl.fi\/content\/uploads\/2012\/09\/Bayreuth_unesco-220x220.jpg\" alt=\"\" width=\"220\" height=\"220\" \/><\/a><p id=\"caption-attachment-1554\" class=\"wp-caption-text\">Die B\u00fchne<\/p><\/div>\n<p>Deutschland ist um eine Welterbest\u00e4tte reicher. Das UNESCO-Welterbekomitee hat das Markgr\u00e4fliche Opernhaus Bayreuth in die Liste des Kultur- und Naturerbes der Welt aufgenommen. Damit verzeichnet das Reiseland Deutschland aktuell 37 St\u00e4tten, die unter dem besonderen Schutz der UNESCO stehen, darunter u.a. die Museumsinsel in Berlin, die Hansestadt L\u00fcbeck und Wattenmeer an der Nordsee.<\/p>\n<p>Das Opernhaus in Bayreuth ist nicht nur ein bedeutendes Zeugnis der Geschichte, sondern auch wichtige Wirkungsst\u00e4tte des weltber\u00fchmten Komponisten Richard Wagner. Anl\u00e4sslich seines 200. Geburtstages im Jahr 2013 finden in Bayreuth und in weiteren Wirkungsst\u00e4tten wie Leipzig und Dresden eine Reihe von au\u00dfergew\u00f6hnlichen Events statt.<\/p>\n<p><strong>Weitere Infos<\/strong><\/p>\n<ul>\n<li><a href=\"http:\/\/www.wagnerjahr2013.de\" target=\"_blank\" rel=\"noopener noreferrer\">Wargnerjahr 2013<\/a><\/li>\n<li><a href=\"http:\/\/www.unesco.de\/welterbe-deutschland.html\" target=\"_blank\" rel=\"noopener noreferrer\">Welterbe in Deutschland<\/a><\/li>\n<\/ul>\n<p><em>Quelle: Die Deutsche Zentrale f\u00fcr Tourismus <\/em><!--:--><\/p>\n","protected":false},"excerpt":{"rendered":"<p>Bayreuthin oopperatalo on Saksan uusin, j\u00e4rjestyksess\u00e4\u00e4n 37. Unescon maailmanperint\u00f6kohde. Aiemmin Unesco on kelpuuttanut listalleen muun muassa Berliinin museosaaren, Bambergin vanhan kaupungin, L\u00fcbeckin hansakaupungin ja Wattenmeerin luonnonpuiston Pohjanmerell\u00e4. Wagnerin kaupunki Bayreuthin kaupunki tunnetaan oopperatalostaan ja vuosittaisista musiikkijuhlistaan. Musiikkijuhlien is\u00e4, Richard Wagner, vietti viimeiset kaksitoista vuottaan Bayreuthissa, jonne h\u00e4net on my\u00f6s haudattu. Etsiess\u00e4\u00e4n sopivaa paikkaa Sormus-tetralogiansa esityksiin [&hellip;]<\/p>\n","protected":false},"author":1,"featured_media":0,"comment_status":"closed","ping_status":"closed","sticky":false,"template":"","format":"standard","meta":{"footnotes":""},"categories":[14],"tags":[],"class_list":["post-1553","post","type-post","status-publish","format-standard","hentry","category-aktuelles"],"yoast_head":"<!-- This site is optimized with the Yoast SEO plugin v27.3 - https:\/\/yoast.com\/product\/yoast-seo-wordpress\/ -->\n<title>Neue UNESCO-Welterbest\u00e4tte in Deutschland - Suomi-Saksa Yhdistysten Liitto ry<\/title>\n<meta name=\"robots\" content=\"index, follow, max-snippet:-1, max-image-preview:large, max-video-preview:-1\" \/>\n<link rel=\"canonical\" href=\"https:\/\/www.ssyl.fi\/de\/aktuelles\/saksaan-uusi-unescon-maailmanperintokohde\/\" \/>\n<meta property=\"og:locale\" content=\"de_DE\" \/>\n<meta property=\"og:type\" content=\"article\" \/>\n<meta property=\"og:title\" content=\"Neue UNESCO-Welterbest\u00e4tte in Deutschland - Suomi-Saksa Yhdistysten Liitto ry\" \/>\n<meta property=\"og:description\" content=\"Bayreuthin oopperatalo on Saksan uusin, j\u00e4rjestyksess\u00e4\u00e4n 37. Unescon maailmanperint\u00f6kohde. Aiemmin Unesco on kelpuuttanut listalleen muun muassa Berliinin museosaaren, Bambergin vanhan kaupungin, L\u00fcbeckin hansakaupungin ja Wattenmeerin luonnonpuiston Pohjanmerell\u00e4. Wagnerin kaupunki Bayreuthin kaupunki tunnetaan oopperatalostaan ja vuosittaisista musiikkijuhlistaan. Musiikkijuhlien is\u00e4, Richard Wagner, vietti viimeiset kaksitoista vuottaan Bayreuthissa, jonne h\u00e4net on my\u00f6s haudattu. Etsiess\u00e4\u00e4n sopivaa paikkaa Sormus-tetralogiansa esityksiin [&hellip;]\" \/>\n<meta property=\"og:url\" content=\"https:\/\/www.ssyl.fi\/de\/aktuelles\/saksaan-uusi-unescon-maailmanperintokohde\/\" \/>\n<meta property=\"og:site_name\" content=\"Suomi-Saksa Yhdistysten Liitto ry\" \/>\n<meta property=\"article:publisher\" content=\"http:\/\/www.facebook.com\/ssyl.fi\" \/>\n<meta property=\"article:published_time\" content=\"2012-09-05T11:22:48+00:00\" \/>\n<meta property=\"article:modified_time\" content=\"2019-09-27T08:41:57+00:00\" \/>\n<meta property=\"og:image\" content=\"https:\/\/www.ssyl.fi\/content\/uploads\/2012\/09\/Bayreuth_unesco-300x223.jpg\" \/>\n<meta name=\"author\" content=\"su\" \/>\n<meta name=\"twitter:card\" content=\"summary_large_image\" \/>\n<meta name=\"twitter:label1\" content=\"Written by\" \/>\n\t<meta name=\"twitter:data1\" content=\"su\" \/>\n\t<meta name=\"twitter:label2\" content=\"Est. reading time\" \/>\n\t<meta name=\"twitter:data2\" content=\"1 minute\" \/>\n<script type=\"application\/ld+json\" class=\"yoast-schema-graph\">{\"@context\":\"https:\\\/\\\/schema.org\",\"@graph\":[{\"@type\":\"Article\",\"@id\":\"https:\\\/\\\/www.ssyl.fi\\\/de\\\/aktuelles\\\/saksaan-uusi-unescon-maailmanperintokohde\\\/#article\",\"isPartOf\":{\"@id\":\"https:\\\/\\\/www.ssyl.fi\\\/de\\\/aktuelles\\\/saksaan-uusi-unescon-maailmanperintokohde\\\/\"},\"author\":{\"name\":\"su\",\"@id\":\"https:\\\/\\\/www.ssyl.fi\\\/de\\\/#\\\/schema\\\/person\\\/bca1dcebb660e436912037dec6c0af97\"},\"headline\":\"Neue UNESCO-Welterbest\u00e4tte in Deutschland\",\"datePublished\":\"2012-09-05T11:22:48+00:00\",\"dateModified\":\"2019-09-27T08:41:57+00:00\",\"mainEntityOfPage\":{\"@id\":\"https:\\\/\\\/www.ssyl.fi\\\/de\\\/aktuelles\\\/saksaan-uusi-unescon-maailmanperintokohde\\\/\"},\"wordCount\":294,\"image\":{\"@id\":\"https:\\\/\\\/www.ssyl.fi\\\/de\\\/aktuelles\\\/saksaan-uusi-unescon-maailmanperintokohde\\\/#primaryimage\"},\"thumbnailUrl\":\"https:\\\/\\\/www.ssyl.fi\\\/content\\\/uploads\\\/2012\\\/09\\\/Bayreuth_unesco-300x223.jpg\",\"articleSection\":[\"Aktuelles\"],\"inLanguage\":\"de-DE\"},{\"@type\":\"WebPage\",\"@id\":\"https:\\\/\\\/www.ssyl.fi\\\/de\\\/aktuelles\\\/saksaan-uusi-unescon-maailmanperintokohde\\\/\",\"url\":\"https:\\\/\\\/www.ssyl.fi\\\/de\\\/aktuelles\\\/saksaan-uusi-unescon-maailmanperintokohde\\\/\",\"name\":\"Neue UNESCO-Welterbest\u00e4tte in Deutschland - Suomi-Saksa Yhdistysten Liitto ry\",\"isPartOf\":{\"@id\":\"https:\\\/\\\/www.ssyl.fi\\\/de\\\/#website\"},\"primaryImageOfPage\":{\"@id\":\"https:\\\/\\\/www.ssyl.fi\\\/de\\\/aktuelles\\\/saksaan-uusi-unescon-maailmanperintokohde\\\/#primaryimage\"},\"image\":{\"@id\":\"https:\\\/\\\/www.ssyl.fi\\\/de\\\/aktuelles\\\/saksaan-uusi-unescon-maailmanperintokohde\\\/#primaryimage\"},\"thumbnailUrl\":\"https:\\\/\\\/www.ssyl.fi\\\/content\\\/uploads\\\/2012\\\/09\\\/Bayreuth_unesco-300x223.jpg\",\"datePublished\":\"2012-09-05T11:22:48+00:00\",\"dateModified\":\"2019-09-27T08:41:57+00:00\",\"author\":{\"@id\":\"https:\\\/\\\/www.ssyl.fi\\\/de\\\/#\\\/schema\\\/person\\\/bca1dcebb660e436912037dec6c0af97\"},\"breadcrumb\":{\"@id\":\"https:\\\/\\\/www.ssyl.fi\\\/de\\\/aktuelles\\\/saksaan-uusi-unescon-maailmanperintokohde\\\/#breadcrumb\"},\"inLanguage\":\"de-DE\",\"potentialAction\":[{\"@type\":\"ReadAction\",\"target\":[\"https:\\\/\\\/www.ssyl.fi\\\/de\\\/aktuelles\\\/saksaan-uusi-unescon-maailmanperintokohde\\\/\"]}]},{\"@type\":\"ImageObject\",\"inLanguage\":\"de-DE\",\"@id\":\"https:\\\/\\\/www.ssyl.fi\\\/de\\\/aktuelles\\\/saksaan-uusi-unescon-maailmanperintokohde\\\/#primaryimage\",\"url\":\"https:\\\/\\\/www.ssyl.fi\\\/content\\\/uploads\\\/2012\\\/09\\\/Bayreuth_unesco-300x223.jpg\",\"contentUrl\":\"https:\\\/\\\/www.ssyl.fi\\\/content\\\/uploads\\\/2012\\\/09\\\/Bayreuth_unesco-300x223.jpg\"},{\"@type\":\"BreadcrumbList\",\"@id\":\"https:\\\/\\\/www.ssyl.fi\\\/de\\\/aktuelles\\\/saksaan-uusi-unescon-maailmanperintokohde\\\/#breadcrumb\",\"itemListElement\":[{\"@type\":\"ListItem\",\"position\":1,\"name\":\"Home\",\"item\":\"https:\\\/\\\/www.ssyl.fi\\\/de\\\/\"},{\"@type\":\"ListItem\",\"position\":2,\"name\":\"Neue UNESCO-Welterbest\u00e4tte in Deutschland\"}]},{\"@type\":\"WebSite\",\"@id\":\"https:\\\/\\\/www.ssyl.fi\\\/de\\\/#website\",\"url\":\"https:\\\/\\\/www.ssyl.fi\\\/de\\\/\",\"name\":\"Suomi-Saksa Yhdistysten Liitto ry\",\"description\":\"\",\"potentialAction\":[{\"@type\":\"SearchAction\",\"target\":{\"@type\":\"EntryPoint\",\"urlTemplate\":\"https:\\\/\\\/www.ssyl.fi\\\/de\\\/?s={search_term_string}\"},\"query-input\":{\"@type\":\"PropertyValueSpecification\",\"valueRequired\":true,\"valueName\":\"search_term_string\"}}],\"inLanguage\":\"de-DE\"},{\"@type\":\"Person\",\"@id\":\"https:\\\/\\\/www.ssyl.fi\\\/de\\\/#\\\/schema\\\/person\\\/bca1dcebb660e436912037dec6c0af97\",\"name\":\"su\",\"image\":{\"@type\":\"ImageObject\",\"inLanguage\":\"de-DE\",\"@id\":\"https:\\\/\\\/secure.gravatar.com\\\/avatar\\\/9b55bc1571b94e7d820a0d2181aad3ff43a88ed36fcd149690e9b3b58274f822?s=96&d=mm&r=g\",\"url\":\"https:\\\/\\\/secure.gravatar.com\\\/avatar\\\/9b55bc1571b94e7d820a0d2181aad3ff43a88ed36fcd149690e9b3b58274f822?s=96&d=mm&r=g\",\"contentUrl\":\"https:\\\/\\\/secure.gravatar.com\\\/avatar\\\/9b55bc1571b94e7d820a0d2181aad3ff43a88ed36fcd149690e9b3b58274f822?s=96&d=mm&r=g\",\"caption\":\"su\"},\"url\":\"https:\\\/\\\/www.ssyl.fi\\\/de\\\/author\\\/su\\\/\"}]}<\/script>\n<!-- \/ Yoast SEO plugin. -->","yoast_head_json":{"title":"Neue UNESCO-Welterbest\u00e4tte in Deutschland - Suomi-Saksa Yhdistysten Liitto ry","robots":{"index":"index","follow":"follow","max-snippet":"max-snippet:-1","max-image-preview":"max-image-preview:large","max-video-preview":"max-video-preview:-1"},"canonical":"https:\/\/www.ssyl.fi\/de\/aktuelles\/saksaan-uusi-unescon-maailmanperintokohde\/","og_locale":"de_DE","og_type":"article","og_title":"Neue UNESCO-Welterbest\u00e4tte in Deutschland - Suomi-Saksa Yhdistysten Liitto ry","og_description":"Bayreuthin oopperatalo on Saksan uusin, j\u00e4rjestyksess\u00e4\u00e4n 37. Unescon maailmanperint\u00f6kohde. Aiemmin Unesco on kelpuuttanut listalleen muun muassa Berliinin museosaaren, Bambergin vanhan kaupungin, L\u00fcbeckin hansakaupungin ja Wattenmeerin luonnonpuiston Pohjanmerell\u00e4. Wagnerin kaupunki Bayreuthin kaupunki tunnetaan oopperatalostaan ja vuosittaisista musiikkijuhlistaan. Musiikkijuhlien is\u00e4, Richard Wagner, vietti viimeiset kaksitoista vuottaan Bayreuthissa, jonne h\u00e4net on my\u00f6s haudattu. Etsiess\u00e4\u00e4n sopivaa paikkaa Sormus-tetralogiansa esityksiin [&hellip;]","og_url":"https:\/\/www.ssyl.fi\/de\/aktuelles\/saksaan-uusi-unescon-maailmanperintokohde\/","og_site_name":"Suomi-Saksa Yhdistysten Liitto ry","article_publisher":"http:\/\/www.facebook.com\/ssyl.fi","article_published_time":"2012-09-05T11:22:48+00:00","article_modified_time":"2019-09-27T08:41:57+00:00","og_image":[{"url":"https:\/\/www.ssyl.fi\/content\/uploads\/2012\/09\/Bayreuth_unesco-300x223.jpg","type":"","width":"","height":""}],"author":"su","twitter_card":"summary_large_image","twitter_misc":{"Written by":"su","Est. reading time":"1 minute"},"schema":{"@context":"https:\/\/schema.org","@graph":[{"@type":"Article","@id":"https:\/\/www.ssyl.fi\/de\/aktuelles\/saksaan-uusi-unescon-maailmanperintokohde\/#article","isPartOf":{"@id":"https:\/\/www.ssyl.fi\/de\/aktuelles\/saksaan-uusi-unescon-maailmanperintokohde\/"},"author":{"name":"su","@id":"https:\/\/www.ssyl.fi\/de\/#\/schema\/person\/bca1dcebb660e436912037dec6c0af97"},"headline":"Neue UNESCO-Welterbest\u00e4tte in Deutschland","datePublished":"2012-09-05T11:22:48+00:00","dateModified":"2019-09-27T08:41:57+00:00","mainEntityOfPage":{"@id":"https:\/\/www.ssyl.fi\/de\/aktuelles\/saksaan-uusi-unescon-maailmanperintokohde\/"},"wordCount":294,"image":{"@id":"https:\/\/www.ssyl.fi\/de\/aktuelles\/saksaan-uusi-unescon-maailmanperintokohde\/#primaryimage"},"thumbnailUrl":"https:\/\/www.ssyl.fi\/content\/uploads\/2012\/09\/Bayreuth_unesco-300x223.jpg","articleSection":["Aktuelles"],"inLanguage":"de-DE"},{"@type":"WebPage","@id":"https:\/\/www.ssyl.fi\/de\/aktuelles\/saksaan-uusi-unescon-maailmanperintokohde\/","url":"https:\/\/www.ssyl.fi\/de\/aktuelles\/saksaan-uusi-unescon-maailmanperintokohde\/","name":"Neue UNESCO-Welterbest\u00e4tte in Deutschland - Suomi-Saksa Yhdistysten Liitto ry","isPartOf":{"@id":"https:\/\/www.ssyl.fi\/de\/#website"},"primaryImageOfPage":{"@id":"https:\/\/www.ssyl.fi\/de\/aktuelles\/saksaan-uusi-unescon-maailmanperintokohde\/#primaryimage"},"image":{"@id":"https:\/\/www.ssyl.fi\/de\/aktuelles\/saksaan-uusi-unescon-maailmanperintokohde\/#primaryimage"},"thumbnailUrl":"https:\/\/www.ssyl.fi\/content\/uploads\/2012\/09\/Bayreuth_unesco-300x223.jpg","datePublished":"2012-09-05T11:22:48+00:00","dateModified":"2019-09-27T08:41:57+00:00","author":{"@id":"https:\/\/www.ssyl.fi\/de\/#\/schema\/person\/bca1dcebb660e436912037dec6c0af97"},"breadcrumb":{"@id":"https:\/\/www.ssyl.fi\/de\/aktuelles\/saksaan-uusi-unescon-maailmanperintokohde\/#breadcrumb"},"inLanguage":"de-DE","potentialAction":[{"@type":"ReadAction","target":["https:\/\/www.ssyl.fi\/de\/aktuelles\/saksaan-uusi-unescon-maailmanperintokohde\/"]}]},{"@type":"ImageObject","inLanguage":"de-DE","@id":"https:\/\/www.ssyl.fi\/de\/aktuelles\/saksaan-uusi-unescon-maailmanperintokohde\/#primaryimage","url":"https:\/\/www.ssyl.fi\/content\/uploads\/2012\/09\/Bayreuth_unesco-300x223.jpg","contentUrl":"https:\/\/www.ssyl.fi\/content\/uploads\/2012\/09\/Bayreuth_unesco-300x223.jpg"},{"@type":"BreadcrumbList","@id":"https:\/\/www.ssyl.fi\/de\/aktuelles\/saksaan-uusi-unescon-maailmanperintokohde\/#breadcrumb","itemListElement":[{"@type":"ListItem","position":1,"name":"Home","item":"https:\/\/www.ssyl.fi\/de\/"},{"@type":"ListItem","position":2,"name":"Neue UNESCO-Welterbest\u00e4tte in Deutschland"}]},{"@type":"WebSite","@id":"https:\/\/www.ssyl.fi\/de\/#website","url":"https:\/\/www.ssyl.fi\/de\/","name":"Suomi-Saksa Yhdistysten Liitto ry","description":"","potentialAction":[{"@type":"SearchAction","target":{"@type":"EntryPoint","urlTemplate":"https:\/\/www.ssyl.fi\/de\/?s={search_term_string}"},"query-input":{"@type":"PropertyValueSpecification","valueRequired":true,"valueName":"search_term_string"}}],"inLanguage":"de-DE"},{"@type":"Person","@id":"https:\/\/www.ssyl.fi\/de\/#\/schema\/person\/bca1dcebb660e436912037dec6c0af97","name":"su","image":{"@type":"ImageObject","inLanguage":"de-DE","@id":"https:\/\/secure.gravatar.com\/avatar\/9b55bc1571b94e7d820a0d2181aad3ff43a88ed36fcd149690e9b3b58274f822?s=96&d=mm&r=g","url":"https:\/\/secure.gravatar.com\/avatar\/9b55bc1571b94e7d820a0d2181aad3ff43a88ed36fcd149690e9b3b58274f822?s=96&d=mm&r=g","contentUrl":"https:\/\/secure.gravatar.com\/avatar\/9b55bc1571b94e7d820a0d2181aad3ff43a88ed36fcd149690e9b3b58274f822?s=96&d=mm&r=g","caption":"su"},"url":"https:\/\/www.ssyl.fi\/de\/author\/su\/"}]}},"_links":{"self":[{"href":"https:\/\/www.ssyl.fi\/de\/wp-json\/wp\/v2\/posts\/1553","targetHints":{"allow":["GET"]}}],"collection":[{"href":"https:\/\/www.ssyl.fi\/de\/wp-json\/wp\/v2\/posts"}],"about":[{"href":"https:\/\/www.ssyl.fi\/de\/wp-json\/wp\/v2\/types\/post"}],"author":[{"embeddable":true,"href":"https:\/\/www.ssyl.fi\/de\/wp-json\/wp\/v2\/users\/1"}],"replies":[{"embeddable":true,"href":"https:\/\/www.ssyl.fi\/de\/wp-json\/wp\/v2\/comments?post=1553"}],"version-history":[{"count":1,"href":"https:\/\/www.ssyl.fi\/de\/wp-json\/wp\/v2\/posts\/1553\/revisions"}],"predecessor-version":[{"id":6976,"href":"https:\/\/www.ssyl.fi\/de\/wp-json\/wp\/v2\/posts\/1553\/revisions\/6976"}],"wp:attachment":[{"href":"https:\/\/www.ssyl.fi\/de\/wp-json\/wp\/v2\/media?parent=1553"}],"wp:term":[{"taxonomy":"category","embeddable":true,"href":"https:\/\/www.ssyl.fi\/de\/wp-json\/wp\/v2\/categories?post=1553"},{"taxonomy":"post_tag","embeddable":true,"href":"https:\/\/www.ssyl.fi\/de\/wp-json\/wp\/v2\/tags?post=1553"}],"curies":[{"name":"wp","href":"https:\/\/api.w.org\/{rel}","templated":true}]}}