{"id":1805,"date":"2012-11-22T10:43:11","date_gmt":"2012-11-22T08:43:11","guid":{"rendered":"https:\/\/www.ssyl.fi\/?p=1805"},"modified":"2019-09-27T11:39:55","modified_gmt":"2019-09-27T08:39:55","slug":"uusia-nimia-ssyln-hallitukseen","status":"publish","type":"post","link":"https:\/\/www.ssyl.fi\/de\/aktuelles\/uusia-nimia-ssyln-hallitukseen\/","title":{"rendered":"Neue Vorstandsmitglieder"},"content":{"rendered":"<p><!--:fi-->Vuonna 2013 SSYL:n hallituksessa n\u00e4hd\u00e4\u00e4n kaksi uutta kasvoa &#8211;<strong> Jens Gr\u00fcbl<\/strong> Turusta ja <strong>Kirsti Pitk\u00e4nen<\/strong> Kangasalta. Molemmat ovat olleet hallituksen varaj\u00e4seni\u00e4, joten heid\u00e4n tilalleen varaj\u00e4seniksi valittiin\u00a0<strong>Paula Suoja\u00a0<\/strong>Riihim\u00e4elt\u00e4 ja\u00a0<strong>Maisa Lukkarinen <\/strong>Lappeenrannasta.<\/p>\n<p>Seuraavat henkil\u00f6t valittiin uudelle kaksivuotiskaudelle: <strong>Kirsi Aaltonen-Kiianmies<\/strong> Tampereelta,\u00a0<strong>Kirsi Kuusisto <\/strong>Sein\u00e4joelta ja <strong>Tuija S\u00e4rkk\u00e4-Wirth <\/strong>Mikkelist\u00e4.<\/p>\n<p>Liiton syyskokous pidettiin Oulussa lauantaina 17.11.2012. Samassa yhteydess\u00e4 muistettiin hallituksen vuoden lopussa j\u00e4tt\u00e4vi\u00e4 <strong>Helmut Langea <\/strong>ja <strong>Urpu-Kaarina Yli-Laurilaa<\/strong>.<!--:--><!--:de--><\/p>\n<p>Die Herbstversammlung des SSYL&#8217;s tagte am 17.11.2012 in Turku. Sie w\u00e4hlte zwei neue Mitglieder zum Vorstand: <strong>Jens Gr\u00fcbl <\/strong>aus Turku und <strong>Kirsti Pitk\u00e4nen <\/strong>aus Kangasala. Die folgenden Vorstandsmitglieder wurden neugew\u00e4hlt: <strong>Kirsi Aaltonen-Kiianmies <\/strong>aus Tampere, <strong>Kirsi Kuusisto <\/strong>aus Sein\u00e4joki und <strong>Tuija S\u00e4rkk\u00e4-Wirth <\/strong>aus Mikkeli.<\/p>\n<p><!--:--><\/p>\n","protected":false},"excerpt":{"rendered":"<p>Vuonna 2013 SSYL:n hallituksessa n\u00e4hd\u00e4\u00e4n kaksi uutta kasvoa &#8211; Jens Gr\u00fcbl Turusta ja Kirsti Pitk\u00e4nen Kangasalta. Molemmat ovat olleet hallituksen varaj\u00e4seni\u00e4, joten heid\u00e4n tilalleen varaj\u00e4seniksi valittiin\u00a0Paula Suoja\u00a0Riihim\u00e4elt\u00e4 ja\u00a0Maisa Lukkarinen Lappeenrannasta. Seuraavat henkil\u00f6t valittiin uudelle kaksivuotiskaudelle: Kirsi Aaltonen-Kiianmies Tampereelta,\u00a0Kirsi Kuusisto Sein\u00e4joelta ja Tuija S\u00e4rkk\u00e4-Wirth Mikkelist\u00e4. Liiton syyskokous pidettiin Oulussa lauantaina 17.11.2012. Samassa yhteydess\u00e4 muistettiin hallituksen vuoden [&hellip;]<\/p>\n","protected":false},"author":1,"featured_media":0,"comment_status":"closed","ping_status":"closed","sticky":false,"template":"","format":"standard","meta":{"footnotes":""},"categories":[14],"tags":[],"class_list":["post-1805","post","type-post","status-publish","format-standard","hentry","category-aktuelles"],"yoast_head":"<!-- This site is optimized with the Yoast SEO plugin v27.3 - https:\/\/yoast.com\/product\/yoast-seo-wordpress\/ -->\n<title>Neue Vorstandsmitglieder - Suomi-Saksa Yhdistysten Liitto ry<\/title>\n<meta name=\"robots\" content=\"index, follow, max-snippet:-1, max-image-preview:large, max-video-preview:-1\" \/>\n<link rel=\"canonical\" href=\"https:\/\/www.ssyl.fi\/de\/aktuelles\/uusia-nimia-ssyln-hallitukseen\/\" \/>\n<meta property=\"og:locale\" content=\"de_DE\" \/>\n<meta property=\"og:type\" content=\"article\" \/>\n<meta property=\"og:title\" content=\"Neue Vorstandsmitglieder - Suomi-Saksa Yhdistysten Liitto ry\" \/>\n<meta property=\"og:description\" content=\"Vuonna 2013 SSYL:n hallituksessa n\u00e4hd\u00e4\u00e4n kaksi uutta kasvoa &#8211; Jens Gr\u00fcbl Turusta ja Kirsti Pitk\u00e4nen Kangasalta. Molemmat ovat olleet hallituksen varaj\u00e4seni\u00e4, joten heid\u00e4n tilalleen varaj\u00e4seniksi valittiin\u00a0Paula Suoja\u00a0Riihim\u00e4elt\u00e4 ja\u00a0Maisa Lukkarinen Lappeenrannasta. Seuraavat henkil\u00f6t valittiin uudelle kaksivuotiskaudelle: Kirsi Aaltonen-Kiianmies Tampereelta,\u00a0Kirsi Kuusisto Sein\u00e4joelta ja Tuija S\u00e4rkk\u00e4-Wirth Mikkelist\u00e4. Liiton syyskokous pidettiin Oulussa lauantaina 17.11.2012. Samassa yhteydess\u00e4 muistettiin hallituksen vuoden [&hellip;]\" \/>\n<meta property=\"og:url\" content=\"https:\/\/www.ssyl.fi\/de\/aktuelles\/uusia-nimia-ssyln-hallitukseen\/\" \/>\n<meta property=\"og:site_name\" content=\"Suomi-Saksa Yhdistysten Liitto ry\" \/>\n<meta property=\"article:publisher\" content=\"http:\/\/www.facebook.com\/ssyl.fi\" \/>\n<meta property=\"article:published_time\" content=\"2012-11-22T08:43:11+00:00\" \/>\n<meta property=\"article:modified_time\" content=\"2019-09-27T08:39:55+00:00\" \/>\n<meta property=\"og:image\" content=\"https:\/\/www.ssyl.fi\/content\/uploads\/2019\/10\/some-jako_FB_1200x630px.jpg\" \/>\n\t<meta property=\"og:image:width\" content=\"1200\" \/>\n\t<meta property=\"og:image:height\" content=\"630\" \/>\n\t<meta property=\"og:image:type\" content=\"image\/jpeg\" \/>\n<meta name=\"author\" content=\"su\" \/>\n<meta name=\"twitter:card\" content=\"summary_large_image\" \/>\n<meta name=\"twitter:label1\" content=\"Written by\" \/>\n\t<meta name=\"twitter:data1\" content=\"su\" \/>\n\t<meta name=\"twitter:label2\" content=\"Est. reading time\" \/>\n\t<meta name=\"twitter:data2\" content=\"1 minute\" \/>\n<script type=\"application\/ld+json\" class=\"yoast-schema-graph\">{\"@context\":\"https:\\\/\\\/schema.org\",\"@graph\":[{\"@type\":\"Article\",\"@id\":\"https:\\\/\\\/www.ssyl.fi\\\/de\\\/aktuelles\\\/uusia-nimia-ssyln-hallitukseen\\\/#article\",\"isPartOf\":{\"@id\":\"https:\\\/\\\/www.ssyl.fi\\\/de\\\/aktuelles\\\/uusia-nimia-ssyln-hallitukseen\\\/\"},\"author\":{\"name\":\"su\",\"@id\":\"https:\\\/\\\/www.ssyl.fi\\\/de\\\/#\\\/schema\\\/person\\\/bca1dcebb660e436912037dec6c0af97\"},\"headline\":\"Neue Vorstandsmitglieder\",\"datePublished\":\"2012-11-22T08:43:11+00:00\",\"dateModified\":\"2019-09-27T08:39:55+00:00\",\"mainEntityOfPage\":{\"@id\":\"https:\\\/\\\/www.ssyl.fi\\\/de\\\/aktuelles\\\/uusia-nimia-ssyln-hallitukseen\\\/\"},\"wordCount\":130,\"articleSection\":[\"Aktuelles\"],\"inLanguage\":\"de-DE\"},{\"@type\":\"WebPage\",\"@id\":\"https:\\\/\\\/www.ssyl.fi\\\/de\\\/aktuelles\\\/uusia-nimia-ssyln-hallitukseen\\\/\",\"url\":\"https:\\\/\\\/www.ssyl.fi\\\/de\\\/aktuelles\\\/uusia-nimia-ssyln-hallitukseen\\\/\",\"name\":\"Neue Vorstandsmitglieder - Suomi-Saksa Yhdistysten Liitto ry\",\"isPartOf\":{\"@id\":\"https:\\\/\\\/www.ssyl.fi\\\/de\\\/#website\"},\"datePublished\":\"2012-11-22T08:43:11+00:00\",\"dateModified\":\"2019-09-27T08:39:55+00:00\",\"author\":{\"@id\":\"https:\\\/\\\/www.ssyl.fi\\\/de\\\/#\\\/schema\\\/person\\\/bca1dcebb660e436912037dec6c0af97\"},\"breadcrumb\":{\"@id\":\"https:\\\/\\\/www.ssyl.fi\\\/de\\\/aktuelles\\\/uusia-nimia-ssyln-hallitukseen\\\/#breadcrumb\"},\"inLanguage\":\"de-DE\",\"potentialAction\":[{\"@type\":\"ReadAction\",\"target\":[\"https:\\\/\\\/www.ssyl.fi\\\/de\\\/aktuelles\\\/uusia-nimia-ssyln-hallitukseen\\\/\"]}]},{\"@type\":\"BreadcrumbList\",\"@id\":\"https:\\\/\\\/www.ssyl.fi\\\/de\\\/aktuelles\\\/uusia-nimia-ssyln-hallitukseen\\\/#breadcrumb\",\"itemListElement\":[{\"@type\":\"ListItem\",\"position\":1,\"name\":\"Home\",\"item\":\"https:\\\/\\\/www.ssyl.fi\\\/de\\\/\"},{\"@type\":\"ListItem\",\"position\":2,\"name\":\"Neue Vorstandsmitglieder\"}]},{\"@type\":\"WebSite\",\"@id\":\"https:\\\/\\\/www.ssyl.fi\\\/de\\\/#website\",\"url\":\"https:\\\/\\\/www.ssyl.fi\\\/de\\\/\",\"name\":\"Suomi-Saksa Yhdistysten Liitto ry\",\"description\":\"\",\"potentialAction\":[{\"@type\":\"SearchAction\",\"target\":{\"@type\":\"EntryPoint\",\"urlTemplate\":\"https:\\\/\\\/www.ssyl.fi\\\/de\\\/?s={search_term_string}\"},\"query-input\":{\"@type\":\"PropertyValueSpecification\",\"valueRequired\":true,\"valueName\":\"search_term_string\"}}],\"inLanguage\":\"de-DE\"},{\"@type\":\"Person\",\"@id\":\"https:\\\/\\\/www.ssyl.fi\\\/de\\\/#\\\/schema\\\/person\\\/bca1dcebb660e436912037dec6c0af97\",\"name\":\"su\",\"image\":{\"@type\":\"ImageObject\",\"inLanguage\":\"de-DE\",\"@id\":\"https:\\\/\\\/secure.gravatar.com\\\/avatar\\\/9b55bc1571b94e7d820a0d2181aad3ff43a88ed36fcd149690e9b3b58274f822?s=96&d=mm&r=g\",\"url\":\"https:\\\/\\\/secure.gravatar.com\\\/avatar\\\/9b55bc1571b94e7d820a0d2181aad3ff43a88ed36fcd149690e9b3b58274f822?s=96&d=mm&r=g\",\"contentUrl\":\"https:\\\/\\\/secure.gravatar.com\\\/avatar\\\/9b55bc1571b94e7d820a0d2181aad3ff43a88ed36fcd149690e9b3b58274f822?s=96&d=mm&r=g\",\"caption\":\"su\"},\"url\":\"https:\\\/\\\/www.ssyl.fi\\\/de\\\/author\\\/su\\\/\"}]}<\/script>\n<!-- \/ Yoast SEO plugin. -->","yoast_head_json":{"title":"Neue Vorstandsmitglieder - Suomi-Saksa Yhdistysten Liitto ry","robots":{"index":"index","follow":"follow","max-snippet":"max-snippet:-1","max-image-preview":"max-image-preview:large","max-video-preview":"max-video-preview:-1"},"canonical":"https:\/\/www.ssyl.fi\/de\/aktuelles\/uusia-nimia-ssyln-hallitukseen\/","og_locale":"de_DE","og_type":"article","og_title":"Neue Vorstandsmitglieder - Suomi-Saksa Yhdistysten Liitto ry","og_description":"Vuonna 2013 SSYL:n hallituksessa n\u00e4hd\u00e4\u00e4n kaksi uutta kasvoa &#8211; Jens Gr\u00fcbl Turusta ja Kirsti Pitk\u00e4nen Kangasalta. Molemmat ovat olleet hallituksen varaj\u00e4seni\u00e4, joten heid\u00e4n tilalleen varaj\u00e4seniksi valittiin\u00a0Paula Suoja\u00a0Riihim\u00e4elt\u00e4 ja\u00a0Maisa Lukkarinen Lappeenrannasta. Seuraavat henkil\u00f6t valittiin uudelle kaksivuotiskaudelle: Kirsi Aaltonen-Kiianmies Tampereelta,\u00a0Kirsi Kuusisto Sein\u00e4joelta ja Tuija S\u00e4rkk\u00e4-Wirth Mikkelist\u00e4. Liiton syyskokous pidettiin Oulussa lauantaina 17.11.2012. Samassa yhteydess\u00e4 muistettiin hallituksen vuoden [&hellip;]","og_url":"https:\/\/www.ssyl.fi\/de\/aktuelles\/uusia-nimia-ssyln-hallitukseen\/","og_site_name":"Suomi-Saksa Yhdistysten Liitto ry","article_publisher":"http:\/\/www.facebook.com\/ssyl.fi","article_published_time":"2012-11-22T08:43:11+00:00","article_modified_time":"2019-09-27T08:39:55+00:00","og_image":[{"width":1200,"height":630,"url":"https:\/\/www.ssyl.fi\/content\/uploads\/2019\/10\/some-jako_FB_1200x630px.jpg","type":"image\/jpeg"}],"author":"su","twitter_card":"summary_large_image","twitter_misc":{"Written by":"su","Est. reading time":"1 minute"},"schema":{"@context":"https:\/\/schema.org","@graph":[{"@type":"Article","@id":"https:\/\/www.ssyl.fi\/de\/aktuelles\/uusia-nimia-ssyln-hallitukseen\/#article","isPartOf":{"@id":"https:\/\/www.ssyl.fi\/de\/aktuelles\/uusia-nimia-ssyln-hallitukseen\/"},"author":{"name":"su","@id":"https:\/\/www.ssyl.fi\/de\/#\/schema\/person\/bca1dcebb660e436912037dec6c0af97"},"headline":"Neue Vorstandsmitglieder","datePublished":"2012-11-22T08:43:11+00:00","dateModified":"2019-09-27T08:39:55+00:00","mainEntityOfPage":{"@id":"https:\/\/www.ssyl.fi\/de\/aktuelles\/uusia-nimia-ssyln-hallitukseen\/"},"wordCount":130,"articleSection":["Aktuelles"],"inLanguage":"de-DE"},{"@type":"WebPage","@id":"https:\/\/www.ssyl.fi\/de\/aktuelles\/uusia-nimia-ssyln-hallitukseen\/","url":"https:\/\/www.ssyl.fi\/de\/aktuelles\/uusia-nimia-ssyln-hallitukseen\/","name":"Neue Vorstandsmitglieder - Suomi-Saksa Yhdistysten Liitto ry","isPartOf":{"@id":"https:\/\/www.ssyl.fi\/de\/#website"},"datePublished":"2012-11-22T08:43:11+00:00","dateModified":"2019-09-27T08:39:55+00:00","author":{"@id":"https:\/\/www.ssyl.fi\/de\/#\/schema\/person\/bca1dcebb660e436912037dec6c0af97"},"breadcrumb":{"@id":"https:\/\/www.ssyl.fi\/de\/aktuelles\/uusia-nimia-ssyln-hallitukseen\/#breadcrumb"},"inLanguage":"de-DE","potentialAction":[{"@type":"ReadAction","target":["https:\/\/www.ssyl.fi\/de\/aktuelles\/uusia-nimia-ssyln-hallitukseen\/"]}]},{"@type":"BreadcrumbList","@id":"https:\/\/www.ssyl.fi\/de\/aktuelles\/uusia-nimia-ssyln-hallitukseen\/#breadcrumb","itemListElement":[{"@type":"ListItem","position":1,"name":"Home","item":"https:\/\/www.ssyl.fi\/de\/"},{"@type":"ListItem","position":2,"name":"Neue Vorstandsmitglieder"}]},{"@type":"WebSite","@id":"https:\/\/www.ssyl.fi\/de\/#website","url":"https:\/\/www.ssyl.fi\/de\/","name":"Suomi-Saksa Yhdistysten Liitto ry","description":"","potentialAction":[{"@type":"SearchAction","target":{"@type":"EntryPoint","urlTemplate":"https:\/\/www.ssyl.fi\/de\/?s={search_term_string}"},"query-input":{"@type":"PropertyValueSpecification","valueRequired":true,"valueName":"search_term_string"}}],"inLanguage":"de-DE"},{"@type":"Person","@id":"https:\/\/www.ssyl.fi\/de\/#\/schema\/person\/bca1dcebb660e436912037dec6c0af97","name":"su","image":{"@type":"ImageObject","inLanguage":"de-DE","@id":"https:\/\/secure.gravatar.com\/avatar\/9b55bc1571b94e7d820a0d2181aad3ff43a88ed36fcd149690e9b3b58274f822?s=96&d=mm&r=g","url":"https:\/\/secure.gravatar.com\/avatar\/9b55bc1571b94e7d820a0d2181aad3ff43a88ed36fcd149690e9b3b58274f822?s=96&d=mm&r=g","contentUrl":"https:\/\/secure.gravatar.com\/avatar\/9b55bc1571b94e7d820a0d2181aad3ff43a88ed36fcd149690e9b3b58274f822?s=96&d=mm&r=g","caption":"su"},"url":"https:\/\/www.ssyl.fi\/de\/author\/su\/"}]}},"_links":{"self":[{"href":"https:\/\/www.ssyl.fi\/de\/wp-json\/wp\/v2\/posts\/1805","targetHints":{"allow":["GET"]}}],"collection":[{"href":"https:\/\/www.ssyl.fi\/de\/wp-json\/wp\/v2\/posts"}],"about":[{"href":"https:\/\/www.ssyl.fi\/de\/wp-json\/wp\/v2\/types\/post"}],"author":[{"embeddable":true,"href":"https:\/\/www.ssyl.fi\/de\/wp-json\/wp\/v2\/users\/1"}],"replies":[{"embeddable":true,"href":"https:\/\/www.ssyl.fi\/de\/wp-json\/wp\/v2\/comments?post=1805"}],"version-history":[{"count":1,"href":"https:\/\/www.ssyl.fi\/de\/wp-json\/wp\/v2\/posts\/1805\/revisions"}],"predecessor-version":[{"id":6971,"href":"https:\/\/www.ssyl.fi\/de\/wp-json\/wp\/v2\/posts\/1805\/revisions\/6971"}],"wp:attachment":[{"href":"https:\/\/www.ssyl.fi\/de\/wp-json\/wp\/v2\/media?parent=1805"}],"wp:term":[{"taxonomy":"category","embeddable":true,"href":"https:\/\/www.ssyl.fi\/de\/wp-json\/wp\/v2\/categories?post=1805"},{"taxonomy":"post_tag","embeddable":true,"href":"https:\/\/www.ssyl.fi\/de\/wp-json\/wp\/v2\/tags?post=1805"}],"curies":[{"name":"wp","href":"https:\/\/api.w.org\/{rel}","templated":true}]}}