{"id":1866,"date":"2012-12-05T15:11:18","date_gmt":"2012-12-05T13:11:18","guid":{"rendered":"https:\/\/www.ssyl.fi\/?p=1866"},"modified":"2019-09-27T11:39:23","modified_gmt":"2019-09-27T08:39:23","slug":"nikolaus-lapsirakas-pyhimys","status":"publish","type":"post","link":"https:\/\/www.ssyl.fi\/de\/aktuelles\/nikolaus-lapsirakas-pyhimys\/","title":{"rendered":"Der heilige Bischof aus der T\u00fcrkei"},"content":{"rendered":"<p><!--:fi-->Suomen itsen\u00e4isyysp\u00e4iv\u00e4 6.12. tunnetaan my\u00f6s pyh\u00e4n Nikolauksen p\u00e4iv\u00e4n\u00e4. Saksassa Nikolaus tuo lasten kenk\u00e4\u00e4n lahjoja &#8211; kunhan kenk\u00e4 vain on ensin huolella putsattu.<\/p>\n<p><em>Seuraava teksti on katkelma <strong>Ansgar Frankenbergin<\/strong> artikkelista &#8220;Wer bringt eigentlich<\/em> <em>die Geschenke?&#8221;, joka ilmestyi j\u00e4senlehtemme numerossa 4\/2012.<\/em><\/p>\n<h2>Der heilige Bischof aus der T\u00fcrkei<\/h2>\n<p>Der Heilige Nikolaus hat mit Weihnachten urspr\u00fcnglich nicht viel zu tun. Nikolaus von Myra war im 4. Jahrhundert Bischof in Kleinasien, der heutigen T\u00fcrkei. Ihm wurden etliche Wunder zugeschrieben und nach seinem Tod wurde er von der Kirche heiliggesprochen. Sein Todes- und Gedenktag, der 6. Dezember wird bis heute in vielen christlichen Glaubensgemeinschaft als Feiertag begangen.<\/p>\n<p>Da Bischof Nikolaus als besonders kinderlieb galt, wurde im Laufe der Zeit aus ihm der Geschenkebringer, den wir bis heute kennen.<\/p>\n<h3>In Niederlanden hei\u00dft Nikolaus <em>Sinterklaas<\/em><\/h3>\n<p>Besonders beliebt ist der Heilige Nikolaus in den Niederlanden (dort <em>Sinterklaas<\/em> genannt), wo er jedes Jahr drei Wochen vor dem Nikolaustag mit einem Schiff anreist, um sich dann zusammen mit seinen Helferlein auf den besonderen Tag vorzubereiten.<\/p>\n<p>Dort wird der Nikolaustag streng von Weihnachten getrennt. Es wird sogar gesagt, Sinterklaas m\u00f6ge Weihnachten gar nicht. Die Weihnachtsdekorationen werden deswegen auch erst nach dem 6. Dezember aus dem Keller geholt.<\/p>\n<h3>Mit einem Lied oder Gedicht l\u00e4sst sich der Nikolaus bes\u00e4nftigen<\/h3>\n<p>In Deutschland gibt es diese starke Trennung nicht. Trotzdem wei\u00df jedes Kind, dass der Nikolaus in der Nacht zum 6. Dezember kommt. Am Abend davor werden deswegen die Schuhe geputzt und \u00fcber Nacht auf das Fensterbrett gestellt. Findet der Nikolaus den sauberen Schuh, f\u00fcllt er ihn mit S\u00fc\u00dfigkeiten und kleinen Geschenken. In einen dreckigen Schuh kommen dagegen nur Kohlen hinein.<\/p>\n<p>Oft kommt der Nikolaus aber auch in den Kindergarten oder in die Schule. Dort fragt er die Kinder, ob sie das ganze Jahr \u00fcber brav gewesen sind. Liest er in seinem goldenen Buch, dass ein Kind sich nicht benommen hat, droht er mit der Rute oder ruft seinen b\u00f6sen Begleiter Knecht Ruprecht. Mit einem Lied oder Gedicht l\u00e4sst sich der Nikolaus jedoch schnell bes\u00e4nftigen und findet in seinem Sack dann doch noch ein paar N\u00fcsse und Pfefferkuchen f\u00fcr jedes Kind.<\/p>\n<p><em>Julkaistu 5.12.2012<\/em><!--:--><!--:de--><\/p>\n<p>Der Heilige Nikolaus hat mit Weihnachten urspr\u00fcnglich nicht viel zu tun. Nikolaus von Myra war im 4. Jahrhundert Bischof in Kleinasien, der heutigen T\u00fcrkei. Ihm wurden etliche Wunder zugeschrieben und nach seinem Tod wurde er von der Kirche heiliggesprochen. Sein Todes- und Gedenktag, der 6. Dezember wird bis heute in vielen christlichen Glaubensgemeinschaft als Feiertag begangen.<\/p>\n<p>Da Bischof Nikolaus als besonders kinderlieb galt, wurde im Laufe der Zeit aus ihm der Geschenkebringer, den wir bis heute kennen.<\/p>\n<h3>In Niederlanden hei\u00dft Nikolaus <em>Sinterklaas<\/em><\/h3>\n<p>Besonders beliebt ist der Heilige Nikolaus in den Niederlanden (dort <em>Sinterklaas<\/em> genannt), wo er jedes Jahr drei Wochen vor dem Nikolaustag mit einem Schiff anreist, um sich dann zusammen mit seinen Helferlein auf den besonderen Tag vorzubereiten.<\/p>\n<p>Dort wird der Nikolaustag streng von Weihnachten getrennt. Es wird sogar gesagt, Sinterklaas m\u00f6ge Weihnachten gar nicht. Die Weihnachtsdekorationen werden deswegen auch erst nach dem 6. Dezember aus dem Keller geholt.<\/p>\n<h3>Mit einem Lied oder Gedicht l\u00e4sst sich der Nikolaus bes\u00e4nftigen<\/h3>\n<p>In Deutschland gibt es diese starke Trennung nicht. Trotzdem wei\u00df jedes Kind, dass der Nikolaus in der Nacht zum 6. Dezember kommt. Am Abend davor werden deswegen die Schuhe geputzt und \u00fcber Nacht auf das Fensterbrett gestellt. Findet der Nikolaus den sauberen Schuh, f\u00fcllt er ihn mit S\u00fc\u00dfigkeiten und kleinen Geschenken. In einen dreckigen Schuh kommen dagegen nur Kohlen hinein.<\/p>\n<p>Oft kommt der Nikolaus aber auch in den Kindergarten oder in die Schule. Dort fragt er die Kinder, ob sie das ganze Jahr \u00fcber brav gewesen sind. Liest er in seinem goldenen Buch, dass ein Kind sich nicht benommen hat, droht er mit der Rute oder ruft seinen b\u00f6sen Begleiter Knecht Ruprecht. Mit einem Lied oder Gedicht l\u00e4sst sich der Nikolaus jedoch schnell bes\u00e4nftigen und findet in seinem Sack dann doch noch ein paar N\u00fcsse und Pfefferkuchen f\u00fcr jedes Kind.<\/p>\n<p><em>Dieser Beitrag ist ein Teil des Artikels von <strong>Ansgar Frankenberg<\/strong>, Wer bringt eigentlich die Geschenke? Der Text ist in Silta-Br\u00fccke 4\/2012 erschienen.<\/em><\/p>\n<p><!--:--><\/p>\n","protected":false},"excerpt":{"rendered":"<p>Suomen itsen\u00e4isyysp\u00e4iv\u00e4 6.12. tunnetaan my\u00f6s pyh\u00e4n Nikolauksen p\u00e4iv\u00e4n\u00e4. Saksassa Nikolaus tuo lasten kenk\u00e4\u00e4n lahjoja &#8211; kunhan kenk\u00e4 vain on ensin huolella putsattu. Seuraava teksti on katkelma Ansgar Frankenbergin artikkelista &#8220;Wer bringt eigentlich die Geschenke?&#8221;, joka ilmestyi j\u00e4senlehtemme numerossa 4\/2012. Der heilige Bischof aus der T\u00fcrkei Der Heilige Nikolaus hat mit Weihnachten urspr\u00fcnglich nicht viel zu [&hellip;]<\/p>\n","protected":false},"author":1,"featured_media":0,"comment_status":"closed","ping_status":"closed","sticky":false,"template":"","format":"standard","meta":{"footnotes":""},"categories":[14],"tags":[],"class_list":["post-1866","post","type-post","status-publish","format-standard","hentry","category-aktuelles"],"yoast_head":"<!-- This site is optimized with the Yoast SEO plugin v27.3 - https:\/\/yoast.com\/product\/yoast-seo-wordpress\/ -->\n<title>Der heilige Bischof aus der T\u00fcrkei - Suomi-Saksa Yhdistysten Liitto ry<\/title>\n<meta name=\"robots\" content=\"index, follow, max-snippet:-1, max-image-preview:large, max-video-preview:-1\" \/>\n<link rel=\"canonical\" href=\"https:\/\/www.ssyl.fi\/de\/aktuelles\/nikolaus-lapsirakas-pyhimys\/\" \/>\n<meta property=\"og:locale\" content=\"de_DE\" \/>\n<meta property=\"og:type\" content=\"article\" \/>\n<meta property=\"og:title\" content=\"Der heilige Bischof aus der T\u00fcrkei - Suomi-Saksa Yhdistysten Liitto ry\" \/>\n<meta property=\"og:description\" content=\"Suomen itsen\u00e4isyysp\u00e4iv\u00e4 6.12. tunnetaan my\u00f6s pyh\u00e4n Nikolauksen p\u00e4iv\u00e4n\u00e4. Saksassa Nikolaus tuo lasten kenk\u00e4\u00e4n lahjoja &#8211; kunhan kenk\u00e4 vain on ensin huolella putsattu. Seuraava teksti on katkelma Ansgar Frankenbergin artikkelista &#8220;Wer bringt eigentlich die Geschenke?&#8221;, joka ilmestyi j\u00e4senlehtemme numerossa 4\/2012. Der heilige Bischof aus der T\u00fcrkei Der Heilige Nikolaus hat mit Weihnachten urspr\u00fcnglich nicht viel zu [&hellip;]\" \/>\n<meta property=\"og:url\" content=\"https:\/\/www.ssyl.fi\/de\/aktuelles\/nikolaus-lapsirakas-pyhimys\/\" \/>\n<meta property=\"og:site_name\" content=\"Suomi-Saksa Yhdistysten Liitto ry\" \/>\n<meta property=\"article:publisher\" content=\"http:\/\/www.facebook.com\/ssyl.fi\" \/>\n<meta property=\"article:published_time\" content=\"2012-12-05T13:11:18+00:00\" \/>\n<meta property=\"article:modified_time\" content=\"2019-09-27T08:39:23+00:00\" \/>\n<meta property=\"og:image\" content=\"https:\/\/www.ssyl.fi\/content\/uploads\/2019\/10\/some-jako_FB_1200x630px.jpg\" \/>\n\t<meta property=\"og:image:width\" content=\"1200\" \/>\n\t<meta property=\"og:image:height\" content=\"630\" \/>\n\t<meta property=\"og:image:type\" content=\"image\/jpeg\" \/>\n<meta name=\"author\" content=\"su\" \/>\n<meta name=\"twitter:card\" content=\"summary_large_image\" \/>\n<meta name=\"twitter:label1\" content=\"Written by\" \/>\n\t<meta name=\"twitter:data1\" content=\"su\" \/>\n\t<meta name=\"twitter:label2\" content=\"Est. reading time\" \/>\n\t<meta name=\"twitter:data2\" content=\"3 minutes\" \/>\n<script type=\"application\/ld+json\" class=\"yoast-schema-graph\">{\"@context\":\"https:\\\/\\\/schema.org\",\"@graph\":[{\"@type\":\"Article\",\"@id\":\"https:\\\/\\\/www.ssyl.fi\\\/de\\\/aktuelles\\\/nikolaus-lapsirakas-pyhimys\\\/#article\",\"isPartOf\":{\"@id\":\"https:\\\/\\\/www.ssyl.fi\\\/de\\\/aktuelles\\\/nikolaus-lapsirakas-pyhimys\\\/\"},\"author\":{\"name\":\"su\",\"@id\":\"https:\\\/\\\/www.ssyl.fi\\\/de\\\/#\\\/schema\\\/person\\\/bca1dcebb660e436912037dec6c0af97\"},\"headline\":\"Der heilige Bischof aus der T\u00fcrkei\",\"datePublished\":\"2012-12-05T13:11:18+00:00\",\"dateModified\":\"2019-09-27T08:39:23+00:00\",\"mainEntityOfPage\":{\"@id\":\"https:\\\/\\\/www.ssyl.fi\\\/de\\\/aktuelles\\\/nikolaus-lapsirakas-pyhimys\\\/\"},\"wordCount\":700,\"articleSection\":[\"Aktuelles\"],\"inLanguage\":\"de-DE\"},{\"@type\":\"WebPage\",\"@id\":\"https:\\\/\\\/www.ssyl.fi\\\/de\\\/aktuelles\\\/nikolaus-lapsirakas-pyhimys\\\/\",\"url\":\"https:\\\/\\\/www.ssyl.fi\\\/de\\\/aktuelles\\\/nikolaus-lapsirakas-pyhimys\\\/\",\"name\":\"Der heilige Bischof aus der T\u00fcrkei - Suomi-Saksa Yhdistysten Liitto ry\",\"isPartOf\":{\"@id\":\"https:\\\/\\\/www.ssyl.fi\\\/de\\\/#website\"},\"datePublished\":\"2012-12-05T13:11:18+00:00\",\"dateModified\":\"2019-09-27T08:39:23+00:00\",\"author\":{\"@id\":\"https:\\\/\\\/www.ssyl.fi\\\/de\\\/#\\\/schema\\\/person\\\/bca1dcebb660e436912037dec6c0af97\"},\"breadcrumb\":{\"@id\":\"https:\\\/\\\/www.ssyl.fi\\\/de\\\/aktuelles\\\/nikolaus-lapsirakas-pyhimys\\\/#breadcrumb\"},\"inLanguage\":\"de-DE\",\"potentialAction\":[{\"@type\":\"ReadAction\",\"target\":[\"https:\\\/\\\/www.ssyl.fi\\\/de\\\/aktuelles\\\/nikolaus-lapsirakas-pyhimys\\\/\"]}]},{\"@type\":\"BreadcrumbList\",\"@id\":\"https:\\\/\\\/www.ssyl.fi\\\/de\\\/aktuelles\\\/nikolaus-lapsirakas-pyhimys\\\/#breadcrumb\",\"itemListElement\":[{\"@type\":\"ListItem\",\"position\":1,\"name\":\"Home\",\"item\":\"https:\\\/\\\/www.ssyl.fi\\\/de\\\/\"},{\"@type\":\"ListItem\",\"position\":2,\"name\":\"Der heilige Bischof aus der T\u00fcrkei\"}]},{\"@type\":\"WebSite\",\"@id\":\"https:\\\/\\\/www.ssyl.fi\\\/de\\\/#website\",\"url\":\"https:\\\/\\\/www.ssyl.fi\\\/de\\\/\",\"name\":\"Suomi-Saksa Yhdistysten Liitto ry\",\"description\":\"\",\"potentialAction\":[{\"@type\":\"SearchAction\",\"target\":{\"@type\":\"EntryPoint\",\"urlTemplate\":\"https:\\\/\\\/www.ssyl.fi\\\/de\\\/?s={search_term_string}\"},\"query-input\":{\"@type\":\"PropertyValueSpecification\",\"valueRequired\":true,\"valueName\":\"search_term_string\"}}],\"inLanguage\":\"de-DE\"},{\"@type\":\"Person\",\"@id\":\"https:\\\/\\\/www.ssyl.fi\\\/de\\\/#\\\/schema\\\/person\\\/bca1dcebb660e436912037dec6c0af97\",\"name\":\"su\",\"image\":{\"@type\":\"ImageObject\",\"inLanguage\":\"de-DE\",\"@id\":\"https:\\\/\\\/secure.gravatar.com\\\/avatar\\\/9b55bc1571b94e7d820a0d2181aad3ff43a88ed36fcd149690e9b3b58274f822?s=96&d=mm&r=g\",\"url\":\"https:\\\/\\\/secure.gravatar.com\\\/avatar\\\/9b55bc1571b94e7d820a0d2181aad3ff43a88ed36fcd149690e9b3b58274f822?s=96&d=mm&r=g\",\"contentUrl\":\"https:\\\/\\\/secure.gravatar.com\\\/avatar\\\/9b55bc1571b94e7d820a0d2181aad3ff43a88ed36fcd149690e9b3b58274f822?s=96&d=mm&r=g\",\"caption\":\"su\"},\"url\":\"https:\\\/\\\/www.ssyl.fi\\\/de\\\/author\\\/su\\\/\"}]}<\/script>\n<!-- \/ Yoast SEO plugin. -->","yoast_head_json":{"title":"Der heilige Bischof aus der T\u00fcrkei - Suomi-Saksa Yhdistysten Liitto ry","robots":{"index":"index","follow":"follow","max-snippet":"max-snippet:-1","max-image-preview":"max-image-preview:large","max-video-preview":"max-video-preview:-1"},"canonical":"https:\/\/www.ssyl.fi\/de\/aktuelles\/nikolaus-lapsirakas-pyhimys\/","og_locale":"de_DE","og_type":"article","og_title":"Der heilige Bischof aus der T\u00fcrkei - Suomi-Saksa Yhdistysten Liitto ry","og_description":"Suomen itsen\u00e4isyysp\u00e4iv\u00e4 6.12. tunnetaan my\u00f6s pyh\u00e4n Nikolauksen p\u00e4iv\u00e4n\u00e4. Saksassa Nikolaus tuo lasten kenk\u00e4\u00e4n lahjoja &#8211; kunhan kenk\u00e4 vain on ensin huolella putsattu. Seuraava teksti on katkelma Ansgar Frankenbergin artikkelista &#8220;Wer bringt eigentlich die Geschenke?&#8221;, joka ilmestyi j\u00e4senlehtemme numerossa 4\/2012. Der heilige Bischof aus der T\u00fcrkei Der Heilige Nikolaus hat mit Weihnachten urspr\u00fcnglich nicht viel zu [&hellip;]","og_url":"https:\/\/www.ssyl.fi\/de\/aktuelles\/nikolaus-lapsirakas-pyhimys\/","og_site_name":"Suomi-Saksa Yhdistysten Liitto ry","article_publisher":"http:\/\/www.facebook.com\/ssyl.fi","article_published_time":"2012-12-05T13:11:18+00:00","article_modified_time":"2019-09-27T08:39:23+00:00","og_image":[{"width":1200,"height":630,"url":"https:\/\/www.ssyl.fi\/content\/uploads\/2019\/10\/some-jako_FB_1200x630px.jpg","type":"image\/jpeg"}],"author":"su","twitter_card":"summary_large_image","twitter_misc":{"Written by":"su","Est. reading time":"3 minutes"},"schema":{"@context":"https:\/\/schema.org","@graph":[{"@type":"Article","@id":"https:\/\/www.ssyl.fi\/de\/aktuelles\/nikolaus-lapsirakas-pyhimys\/#article","isPartOf":{"@id":"https:\/\/www.ssyl.fi\/de\/aktuelles\/nikolaus-lapsirakas-pyhimys\/"},"author":{"name":"su","@id":"https:\/\/www.ssyl.fi\/de\/#\/schema\/person\/bca1dcebb660e436912037dec6c0af97"},"headline":"Der heilige Bischof aus der T\u00fcrkei","datePublished":"2012-12-05T13:11:18+00:00","dateModified":"2019-09-27T08:39:23+00:00","mainEntityOfPage":{"@id":"https:\/\/www.ssyl.fi\/de\/aktuelles\/nikolaus-lapsirakas-pyhimys\/"},"wordCount":700,"articleSection":["Aktuelles"],"inLanguage":"de-DE"},{"@type":"WebPage","@id":"https:\/\/www.ssyl.fi\/de\/aktuelles\/nikolaus-lapsirakas-pyhimys\/","url":"https:\/\/www.ssyl.fi\/de\/aktuelles\/nikolaus-lapsirakas-pyhimys\/","name":"Der heilige Bischof aus der T\u00fcrkei - Suomi-Saksa Yhdistysten Liitto ry","isPartOf":{"@id":"https:\/\/www.ssyl.fi\/de\/#website"},"datePublished":"2012-12-05T13:11:18+00:00","dateModified":"2019-09-27T08:39:23+00:00","author":{"@id":"https:\/\/www.ssyl.fi\/de\/#\/schema\/person\/bca1dcebb660e436912037dec6c0af97"},"breadcrumb":{"@id":"https:\/\/www.ssyl.fi\/de\/aktuelles\/nikolaus-lapsirakas-pyhimys\/#breadcrumb"},"inLanguage":"de-DE","potentialAction":[{"@type":"ReadAction","target":["https:\/\/www.ssyl.fi\/de\/aktuelles\/nikolaus-lapsirakas-pyhimys\/"]}]},{"@type":"BreadcrumbList","@id":"https:\/\/www.ssyl.fi\/de\/aktuelles\/nikolaus-lapsirakas-pyhimys\/#breadcrumb","itemListElement":[{"@type":"ListItem","position":1,"name":"Home","item":"https:\/\/www.ssyl.fi\/de\/"},{"@type":"ListItem","position":2,"name":"Der heilige Bischof aus der T\u00fcrkei"}]},{"@type":"WebSite","@id":"https:\/\/www.ssyl.fi\/de\/#website","url":"https:\/\/www.ssyl.fi\/de\/","name":"Suomi-Saksa Yhdistysten Liitto ry","description":"","potentialAction":[{"@type":"SearchAction","target":{"@type":"EntryPoint","urlTemplate":"https:\/\/www.ssyl.fi\/de\/?s={search_term_string}"},"query-input":{"@type":"PropertyValueSpecification","valueRequired":true,"valueName":"search_term_string"}}],"inLanguage":"de-DE"},{"@type":"Person","@id":"https:\/\/www.ssyl.fi\/de\/#\/schema\/person\/bca1dcebb660e436912037dec6c0af97","name":"su","image":{"@type":"ImageObject","inLanguage":"de-DE","@id":"https:\/\/secure.gravatar.com\/avatar\/9b55bc1571b94e7d820a0d2181aad3ff43a88ed36fcd149690e9b3b58274f822?s=96&d=mm&r=g","url":"https:\/\/secure.gravatar.com\/avatar\/9b55bc1571b94e7d820a0d2181aad3ff43a88ed36fcd149690e9b3b58274f822?s=96&d=mm&r=g","contentUrl":"https:\/\/secure.gravatar.com\/avatar\/9b55bc1571b94e7d820a0d2181aad3ff43a88ed36fcd149690e9b3b58274f822?s=96&d=mm&r=g","caption":"su"},"url":"https:\/\/www.ssyl.fi\/de\/author\/su\/"}]}},"_links":{"self":[{"href":"https:\/\/www.ssyl.fi\/de\/wp-json\/wp\/v2\/posts\/1866","targetHints":{"allow":["GET"]}}],"collection":[{"href":"https:\/\/www.ssyl.fi\/de\/wp-json\/wp\/v2\/posts"}],"about":[{"href":"https:\/\/www.ssyl.fi\/de\/wp-json\/wp\/v2\/types\/post"}],"author":[{"embeddable":true,"href":"https:\/\/www.ssyl.fi\/de\/wp-json\/wp\/v2\/users\/1"}],"replies":[{"embeddable":true,"href":"https:\/\/www.ssyl.fi\/de\/wp-json\/wp\/v2\/comments?post=1866"}],"version-history":[{"count":1,"href":"https:\/\/www.ssyl.fi\/de\/wp-json\/wp\/v2\/posts\/1866\/revisions"}],"predecessor-version":[{"id":6970,"href":"https:\/\/www.ssyl.fi\/de\/wp-json\/wp\/v2\/posts\/1866\/revisions\/6970"}],"wp:attachment":[{"href":"https:\/\/www.ssyl.fi\/de\/wp-json\/wp\/v2\/media?parent=1866"}],"wp:term":[{"taxonomy":"category","embeddable":true,"href":"https:\/\/www.ssyl.fi\/de\/wp-json\/wp\/v2\/categories?post=1866"},{"taxonomy":"post_tag","embeddable":true,"href":"https:\/\/www.ssyl.fi\/de\/wp-json\/wp\/v2\/tags?post=1866"}],"curies":[{"name":"wp","href":"https:\/\/api.w.org\/{rel}","templated":true}]}}