{"id":2245,"date":"2013-08-29T15:02:52","date_gmt":"2013-08-29T12:02:52","guid":{"rendered":"https:\/\/www.ssyl.fi\/?p=2245"},"modified":"2019-09-27T11:38:53","modified_gmt":"2019-09-27T08:38:53","slug":"syksyn-ohjelmatietoja-verkossa","status":"publish","type":"post","link":"https:\/\/www.ssyl.fi\/de\/aktuelles\/syksyn-ohjelmatietoja-verkossa\/","title":{"rendered":"Programmpunkte im Netz"},"content":{"rendered":"<p><!--:fi-->Porin ja Tampereen suomalais-saksalaisten yhdistysten ohjelmatiedot syksyksi 2013 on julkaistu liiton vekkosivuilla.<\/p>\n<p>J\u00e4senille jaetussa syyskuun Silta-Br\u00fccke-j\u00e4senlehdess\u00e4 yhdistysten tiedot olivat puutteelliset.<\/p>\n<p><strong>Syksyn 2013 tapahtumat<\/strong><\/p>\n<ul>\n<li><a href=\"https:\/\/www.ssyl.fi\/content\/uploads\/2011\/11\/Porier-Verein-das-Programm-2013.pdf\" target=\"_blank\" rel=\"noopener noreferrer\">Pori<\/a><\/li>\n<li><a href=\"https:\/\/www.ssyl.fi\/content\/uploads\/2011\/11\/Tampere-Herbst-2013.pdf\" target=\"_blank\" rel=\"noopener noreferrer\">Tampere<\/a><\/li>\n<\/ul>\n<p><!--:--><!--:de--><\/p>\n<p>Die Programme der finnisch-deutschen Vereine in Pori und Tampere f\u00fcr den Herbst 2013 befinden sich auf der Homepage des Verbandes.<\/p>\n<p>Diese erg\u00e4nzen die Informationen, die in der aktuellen Mitgliedszeitschrift Silta-Br\u00fccke ver\u00f6ffentlicht wurden.<\/p>\n<p><strong> Die Programme<\/strong><\/p>\n<ul>\n<li><a title=\"Ennakkotilauksessa taidekassi Hildegard Projekt\" href=\"https:\/\/www.ssyl.fi\/content\/uploads\/2011\/11\/Porier-Verein-das-Programm-2013.pdf\">Pori<\/a><\/li>\n<li><a href=\"https:\/\/www.ssyl.fi\/content\/uploads\/2011\/11\/Tampere-Herbst-2013.pdf\">Tampere<\/a><\/li>\n<\/ul>\n<p><!--:--><\/p>\n","protected":false},"excerpt":{"rendered":"<p>Porin ja Tampereen suomalais-saksalaisten yhdistysten ohjelmatiedot syksyksi 2013 on julkaistu liiton vekkosivuilla. J\u00e4senille jaetussa syyskuun Silta-Br\u00fccke-j\u00e4senlehdess\u00e4 yhdistysten tiedot olivat puutteelliset. Syksyn 2013 tapahtumat Pori Tampere Die Programme der finnisch-deutschen Vereine in Pori und Tampere f\u00fcr den Herbst 2013 befinden sich auf der Homepage des Verbandes. Diese erg\u00e4nzen die Informationen, die in der aktuellen Mitgliedszeitschrift Silta-Br\u00fccke [&hellip;]<\/p>\n","protected":false},"author":1,"featured_media":0,"comment_status":"closed","ping_status":"closed","sticky":false,"template":"","format":"standard","meta":{"footnotes":""},"categories":[14],"tags":[],"class_list":["post-2245","post","type-post","status-publish","format-standard","hentry","category-aktuelles"],"yoast_head":"<!-- This site is optimized with the Yoast SEO plugin v27.3 - https:\/\/yoast.com\/product\/yoast-seo-wordpress\/ -->\n<title>Programmpunkte im Netz - Suomi-Saksa Yhdistysten Liitto ry<\/title>\n<meta name=\"robots\" content=\"index, follow, max-snippet:-1, max-image-preview:large, max-video-preview:-1\" \/>\n<link rel=\"canonical\" href=\"https:\/\/www.ssyl.fi\/de\/aktuelles\/syksyn-ohjelmatietoja-verkossa\/\" \/>\n<meta property=\"og:locale\" content=\"de_DE\" \/>\n<meta property=\"og:type\" content=\"article\" \/>\n<meta property=\"og:title\" content=\"Programmpunkte im Netz - Suomi-Saksa Yhdistysten Liitto ry\" \/>\n<meta property=\"og:description\" content=\"Porin ja Tampereen suomalais-saksalaisten yhdistysten ohjelmatiedot syksyksi 2013 on julkaistu liiton vekkosivuilla. J\u00e4senille jaetussa syyskuun Silta-Br\u00fccke-j\u00e4senlehdess\u00e4 yhdistysten tiedot olivat puutteelliset. Syksyn 2013 tapahtumat Pori Tampere Die Programme der finnisch-deutschen Vereine in Pori und Tampere f\u00fcr den Herbst 2013 befinden sich auf der Homepage des Verbandes. Diese erg\u00e4nzen die Informationen, die in der aktuellen Mitgliedszeitschrift Silta-Br\u00fccke [&hellip;]\" \/>\n<meta property=\"og:url\" content=\"https:\/\/www.ssyl.fi\/de\/aktuelles\/syksyn-ohjelmatietoja-verkossa\/\" \/>\n<meta property=\"og:site_name\" content=\"Suomi-Saksa Yhdistysten Liitto ry\" \/>\n<meta property=\"article:publisher\" content=\"http:\/\/www.facebook.com\/ssyl.fi\" \/>\n<meta property=\"article:published_time\" content=\"2013-08-29T12:02:52+00:00\" \/>\n<meta property=\"article:modified_time\" content=\"2019-09-27T08:38:53+00:00\" \/>\n<meta property=\"og:image\" content=\"https:\/\/www.ssyl.fi\/content\/uploads\/2019\/10\/some-jako_FB_1200x630px.jpg\" \/>\n\t<meta property=\"og:image:width\" content=\"1200\" \/>\n\t<meta property=\"og:image:height\" content=\"630\" \/>\n\t<meta property=\"og:image:type\" content=\"image\/jpeg\" \/>\n<meta name=\"author\" content=\"su\" \/>\n<meta name=\"twitter:card\" content=\"summary_large_image\" \/>\n<meta name=\"twitter:label1\" content=\"Written by\" \/>\n\t<meta name=\"twitter:data1\" content=\"su\" \/>\n<script type=\"application\/ld+json\" class=\"yoast-schema-graph\">{\"@context\":\"https:\\\/\\\/schema.org\",\"@graph\":[{\"@type\":\"Article\",\"@id\":\"https:\\\/\\\/www.ssyl.fi\\\/de\\\/aktuelles\\\/syksyn-ohjelmatietoja-verkossa\\\/#article\",\"isPartOf\":{\"@id\":\"https:\\\/\\\/www.ssyl.fi\\\/de\\\/aktuelles\\\/syksyn-ohjelmatietoja-verkossa\\\/\"},\"author\":{\"name\":\"su\",\"@id\":\"https:\\\/\\\/www.ssyl.fi\\\/de\\\/#\\\/schema\\\/person\\\/bca1dcebb660e436912037dec6c0af97\"},\"headline\":\"Programmpunkte im Netz\",\"datePublished\":\"2013-08-29T12:02:52+00:00\",\"dateModified\":\"2019-09-27T08:38:53+00:00\",\"mainEntityOfPage\":{\"@id\":\"https:\\\/\\\/www.ssyl.fi\\\/de\\\/aktuelles\\\/syksyn-ohjelmatietoja-verkossa\\\/\"},\"wordCount\":68,\"articleSection\":[\"Aktuelles\"],\"inLanguage\":\"de-DE\"},{\"@type\":\"WebPage\",\"@id\":\"https:\\\/\\\/www.ssyl.fi\\\/de\\\/aktuelles\\\/syksyn-ohjelmatietoja-verkossa\\\/\",\"url\":\"https:\\\/\\\/www.ssyl.fi\\\/de\\\/aktuelles\\\/syksyn-ohjelmatietoja-verkossa\\\/\",\"name\":\"Programmpunkte im Netz - Suomi-Saksa Yhdistysten Liitto ry\",\"isPartOf\":{\"@id\":\"https:\\\/\\\/www.ssyl.fi\\\/de\\\/#website\"},\"datePublished\":\"2013-08-29T12:02:52+00:00\",\"dateModified\":\"2019-09-27T08:38:53+00:00\",\"author\":{\"@id\":\"https:\\\/\\\/www.ssyl.fi\\\/de\\\/#\\\/schema\\\/person\\\/bca1dcebb660e436912037dec6c0af97\"},\"breadcrumb\":{\"@id\":\"https:\\\/\\\/www.ssyl.fi\\\/de\\\/aktuelles\\\/syksyn-ohjelmatietoja-verkossa\\\/#breadcrumb\"},\"inLanguage\":\"de-DE\",\"potentialAction\":[{\"@type\":\"ReadAction\",\"target\":[\"https:\\\/\\\/www.ssyl.fi\\\/de\\\/aktuelles\\\/syksyn-ohjelmatietoja-verkossa\\\/\"]}]},{\"@type\":\"BreadcrumbList\",\"@id\":\"https:\\\/\\\/www.ssyl.fi\\\/de\\\/aktuelles\\\/syksyn-ohjelmatietoja-verkossa\\\/#breadcrumb\",\"itemListElement\":[{\"@type\":\"ListItem\",\"position\":1,\"name\":\"Home\",\"item\":\"https:\\\/\\\/www.ssyl.fi\\\/de\\\/\"},{\"@type\":\"ListItem\",\"position\":2,\"name\":\"Programmpunkte im Netz\"}]},{\"@type\":\"WebSite\",\"@id\":\"https:\\\/\\\/www.ssyl.fi\\\/de\\\/#website\",\"url\":\"https:\\\/\\\/www.ssyl.fi\\\/de\\\/\",\"name\":\"Suomi-Saksa Yhdistysten Liitto ry\",\"description\":\"\",\"potentialAction\":[{\"@type\":\"SearchAction\",\"target\":{\"@type\":\"EntryPoint\",\"urlTemplate\":\"https:\\\/\\\/www.ssyl.fi\\\/de\\\/?s={search_term_string}\"},\"query-input\":{\"@type\":\"PropertyValueSpecification\",\"valueRequired\":true,\"valueName\":\"search_term_string\"}}],\"inLanguage\":\"de-DE\"},{\"@type\":\"Person\",\"@id\":\"https:\\\/\\\/www.ssyl.fi\\\/de\\\/#\\\/schema\\\/person\\\/bca1dcebb660e436912037dec6c0af97\",\"name\":\"su\",\"image\":{\"@type\":\"ImageObject\",\"inLanguage\":\"de-DE\",\"@id\":\"https:\\\/\\\/secure.gravatar.com\\\/avatar\\\/9b55bc1571b94e7d820a0d2181aad3ff43a88ed36fcd149690e9b3b58274f822?s=96&d=mm&r=g\",\"url\":\"https:\\\/\\\/secure.gravatar.com\\\/avatar\\\/9b55bc1571b94e7d820a0d2181aad3ff43a88ed36fcd149690e9b3b58274f822?s=96&d=mm&r=g\",\"contentUrl\":\"https:\\\/\\\/secure.gravatar.com\\\/avatar\\\/9b55bc1571b94e7d820a0d2181aad3ff43a88ed36fcd149690e9b3b58274f822?s=96&d=mm&r=g\",\"caption\":\"su\"},\"url\":\"https:\\\/\\\/www.ssyl.fi\\\/de\\\/author\\\/su\\\/\"}]}<\/script>\n<!-- \/ Yoast SEO plugin. -->","yoast_head_json":{"title":"Programmpunkte im Netz - Suomi-Saksa Yhdistysten Liitto ry","robots":{"index":"index","follow":"follow","max-snippet":"max-snippet:-1","max-image-preview":"max-image-preview:large","max-video-preview":"max-video-preview:-1"},"canonical":"https:\/\/www.ssyl.fi\/de\/aktuelles\/syksyn-ohjelmatietoja-verkossa\/","og_locale":"de_DE","og_type":"article","og_title":"Programmpunkte im Netz - Suomi-Saksa Yhdistysten Liitto ry","og_description":"Porin ja Tampereen suomalais-saksalaisten yhdistysten ohjelmatiedot syksyksi 2013 on julkaistu liiton vekkosivuilla. J\u00e4senille jaetussa syyskuun Silta-Br\u00fccke-j\u00e4senlehdess\u00e4 yhdistysten tiedot olivat puutteelliset. Syksyn 2013 tapahtumat Pori Tampere Die Programme der finnisch-deutschen Vereine in Pori und Tampere f\u00fcr den Herbst 2013 befinden sich auf der Homepage des Verbandes. Diese erg\u00e4nzen die Informationen, die in der aktuellen Mitgliedszeitschrift Silta-Br\u00fccke [&hellip;]","og_url":"https:\/\/www.ssyl.fi\/de\/aktuelles\/syksyn-ohjelmatietoja-verkossa\/","og_site_name":"Suomi-Saksa Yhdistysten Liitto ry","article_publisher":"http:\/\/www.facebook.com\/ssyl.fi","article_published_time":"2013-08-29T12:02:52+00:00","article_modified_time":"2019-09-27T08:38:53+00:00","og_image":[{"width":1200,"height":630,"url":"https:\/\/www.ssyl.fi\/content\/uploads\/2019\/10\/some-jako_FB_1200x630px.jpg","type":"image\/jpeg"}],"author":"su","twitter_card":"summary_large_image","twitter_misc":{"Written by":"su"},"schema":{"@context":"https:\/\/schema.org","@graph":[{"@type":"Article","@id":"https:\/\/www.ssyl.fi\/de\/aktuelles\/syksyn-ohjelmatietoja-verkossa\/#article","isPartOf":{"@id":"https:\/\/www.ssyl.fi\/de\/aktuelles\/syksyn-ohjelmatietoja-verkossa\/"},"author":{"name":"su","@id":"https:\/\/www.ssyl.fi\/de\/#\/schema\/person\/bca1dcebb660e436912037dec6c0af97"},"headline":"Programmpunkte im Netz","datePublished":"2013-08-29T12:02:52+00:00","dateModified":"2019-09-27T08:38:53+00:00","mainEntityOfPage":{"@id":"https:\/\/www.ssyl.fi\/de\/aktuelles\/syksyn-ohjelmatietoja-verkossa\/"},"wordCount":68,"articleSection":["Aktuelles"],"inLanguage":"de-DE"},{"@type":"WebPage","@id":"https:\/\/www.ssyl.fi\/de\/aktuelles\/syksyn-ohjelmatietoja-verkossa\/","url":"https:\/\/www.ssyl.fi\/de\/aktuelles\/syksyn-ohjelmatietoja-verkossa\/","name":"Programmpunkte im Netz - Suomi-Saksa Yhdistysten Liitto ry","isPartOf":{"@id":"https:\/\/www.ssyl.fi\/de\/#website"},"datePublished":"2013-08-29T12:02:52+00:00","dateModified":"2019-09-27T08:38:53+00:00","author":{"@id":"https:\/\/www.ssyl.fi\/de\/#\/schema\/person\/bca1dcebb660e436912037dec6c0af97"},"breadcrumb":{"@id":"https:\/\/www.ssyl.fi\/de\/aktuelles\/syksyn-ohjelmatietoja-verkossa\/#breadcrumb"},"inLanguage":"de-DE","potentialAction":[{"@type":"ReadAction","target":["https:\/\/www.ssyl.fi\/de\/aktuelles\/syksyn-ohjelmatietoja-verkossa\/"]}]},{"@type":"BreadcrumbList","@id":"https:\/\/www.ssyl.fi\/de\/aktuelles\/syksyn-ohjelmatietoja-verkossa\/#breadcrumb","itemListElement":[{"@type":"ListItem","position":1,"name":"Home","item":"https:\/\/www.ssyl.fi\/de\/"},{"@type":"ListItem","position":2,"name":"Programmpunkte im Netz"}]},{"@type":"WebSite","@id":"https:\/\/www.ssyl.fi\/de\/#website","url":"https:\/\/www.ssyl.fi\/de\/","name":"Suomi-Saksa Yhdistysten Liitto ry","description":"","potentialAction":[{"@type":"SearchAction","target":{"@type":"EntryPoint","urlTemplate":"https:\/\/www.ssyl.fi\/de\/?s={search_term_string}"},"query-input":{"@type":"PropertyValueSpecification","valueRequired":true,"valueName":"search_term_string"}}],"inLanguage":"de-DE"},{"@type":"Person","@id":"https:\/\/www.ssyl.fi\/de\/#\/schema\/person\/bca1dcebb660e436912037dec6c0af97","name":"su","image":{"@type":"ImageObject","inLanguage":"de-DE","@id":"https:\/\/secure.gravatar.com\/avatar\/9b55bc1571b94e7d820a0d2181aad3ff43a88ed36fcd149690e9b3b58274f822?s=96&d=mm&r=g","url":"https:\/\/secure.gravatar.com\/avatar\/9b55bc1571b94e7d820a0d2181aad3ff43a88ed36fcd149690e9b3b58274f822?s=96&d=mm&r=g","contentUrl":"https:\/\/secure.gravatar.com\/avatar\/9b55bc1571b94e7d820a0d2181aad3ff43a88ed36fcd149690e9b3b58274f822?s=96&d=mm&r=g","caption":"su"},"url":"https:\/\/www.ssyl.fi\/de\/author\/su\/"}]}},"_links":{"self":[{"href":"https:\/\/www.ssyl.fi\/de\/wp-json\/wp\/v2\/posts\/2245","targetHints":{"allow":["GET"]}}],"collection":[{"href":"https:\/\/www.ssyl.fi\/de\/wp-json\/wp\/v2\/posts"}],"about":[{"href":"https:\/\/www.ssyl.fi\/de\/wp-json\/wp\/v2\/types\/post"}],"author":[{"embeddable":true,"href":"https:\/\/www.ssyl.fi\/de\/wp-json\/wp\/v2\/users\/1"}],"replies":[{"embeddable":true,"href":"https:\/\/www.ssyl.fi\/de\/wp-json\/wp\/v2\/comments?post=2245"}],"version-history":[{"count":1,"href":"https:\/\/www.ssyl.fi\/de\/wp-json\/wp\/v2\/posts\/2245\/revisions"}],"predecessor-version":[{"id":6969,"href":"https:\/\/www.ssyl.fi\/de\/wp-json\/wp\/v2\/posts\/2245\/revisions\/6969"}],"wp:attachment":[{"href":"https:\/\/www.ssyl.fi\/de\/wp-json\/wp\/v2\/media?parent=2245"}],"wp:term":[{"taxonomy":"category","embeddable":true,"href":"https:\/\/www.ssyl.fi\/de\/wp-json\/wp\/v2\/categories?post=2245"},{"taxonomy":"post_tag","embeddable":true,"href":"https:\/\/www.ssyl.fi\/de\/wp-json\/wp\/v2\/tags?post=2245"}],"curies":[{"name":"wp","href":"https:\/\/api.w.org\/{rel}","templated":true}]}}