{"id":2331,"date":"2013-10-30T10:22:06","date_gmt":"2013-10-30T08:22:06","guid":{"rendered":"https:\/\/www.ssyl.fi\/?p=2331"},"modified":"2019-09-27T11:38:17","modified_gmt":"2019-09-27T08:38:17","slug":"luise-lieflander-leskisesta-suomi-saksa-yhdistysten-liiton-puheenjohtaja","status":"publish","type":"post","link":"https:\/\/www.ssyl.fi\/de\/aktuelles\/luise-lieflander-leskisesta-suomi-saksa-yhdistysten-liiton-puheenjohtaja\/","title":{"rendered":"Luise Liefl\u00e4nder-Leskinen wird Vorsitzende des Verbandes der Finnisch-Deutschen Vereine"},"content":{"rendered":"<p><!--:fi--><\/p>\n<div id=\"attachment_2332\" style=\"width: 310px\" class=\"wp-caption alignright\"><a href=\"https:\/\/www.ssyl.fi\/content\/uploads\/2013\/10\/Luise12.jpg\"><img loading=\"lazy\" decoding=\"async\" aria-describedby=\"caption-attachment-2332\" class=\"size-medium wp-image-2332 \" title=\"Luise12\" src=\"https:\/\/www.ssyl.fi\/content\/uploads\/2013\/10\/Luise12-300x225.jpg\" alt=\"\" width=\"300\" height=\"225\" \/><\/a><p id=\"caption-attachment-2332\" class=\"wp-caption-text\">Luise Liefl\u00e4nder-Leskinen valittiin SSYL:n puheenjohtajaksi kaudelle 2014 &#8211; 2015. Valinta tehtiin liiton syyskokouksessa 27.10.2013.<\/p><\/div>\n<p>Suomi-Saksa Yhdistysten Liitto, SSYL on valinnut Luise Liefl\u00e4nder-Leskisen puheenjohtajakseen kaksivuotiskaudelle 2014\u20132015. Liefl\u00e4nder-Leskinen on koulutukseltaan filosofian tohtori ja h\u00e4n seuraa luottamusteht\u00e4v\u00e4ss\u00e4 v\u00e4istyv\u00e4\u00e4 puheenjohtajaa VTT <strong>Marjaliisa Hentil\u00e4\u00e4<\/strong>.<\/p>\n<p>Berliiniss\u00e4 vuonna 1951 syntynyt Liefl\u00e4nder-Leskinen muutti Suomeen vuonna 1977, mist\u00e4 l\u00e4htien h\u00e4n on toiminut professorin ja yliopistolehtorin teht\u00e4viss\u00e4 Oulun, Turun ja Joensuun yliopistoissa. Liefl\u00e4nder-Leskinen on germanisti. Parhaillaan h\u00e4n ty\u00f6skentelee yliopistolehtorina It\u00e4-Suomen yliopistossa Joensuussa Saksan kielen ja k\u00e4\u00e4nt\u00e4misen alalla.<\/p>\n<p>Savonlinnassa asuva Liefl\u00e4nder-Leskinen on kotikaupunkinsa Suomi-Saksa yhdistyksen puheenjohtaja. H\u00e4n on kunnostautunut etenkin aktiivisten yst\u00e4vyyskaupunkisuhteiden kehitt\u00e4j\u00e4n\u00e4 saksalaisen Detmoldin kanssa. Yst\u00e4vyyskuntatoiminta onkin Liefl\u00e4nder-Leskiselle syd\u00e4menasia.<\/p>\n<p><strong>Katso my\u00f6s<\/strong><\/p>\n<ul>\n<li><a href=\"http:\/\/ssysavonlinna.wordpress.com\/\" target=\"_blank\" rel=\"noopener noreferrer\">Savonlinnan Suomi-Saksa Yhdistys<\/a><\/li>\n<\/ul>\n<p><!--:--><!--:de--><\/p>\n<div id=\"attachment_2332\" style=\"width: 310px\" class=\"wp-caption alignright\"><a href=\"https:\/\/www.ssyl.fi\/content\/uploads\/2013\/10\/Luise12.jpg\"><img loading=\"lazy\" decoding=\"async\" aria-describedby=\"caption-attachment-2332\" class=\"size-medium wp-image-2332 \" title=\"Luise12\" src=\"https:\/\/www.ssyl.fi\/content\/uploads\/2013\/10\/Luise12-300x225.jpg\" alt=\"\" width=\"300\" height=\"225\" \/><\/a><p id=\"caption-attachment-2332\" class=\"wp-caption-text\">Die Herbstversammlung des SSYL hat Luise Liefl\u00e4nder-Leskinen am 27.10.2013 zu seiner Vorsitzenden f\u00fcr die Jahre 2014 &#8211; 2015 gew\u00e4hlt.<\/p><\/div>\n<p>Der Verband der Finnisch-Deutschen Vereine, SSYL hat Luise Liefl\u00e4nder-Leskinen zu seiner Vorsitzenden f\u00fcr die zweij\u00e4hrige Periode 2014\u20132015 gew\u00e4hlt. Liefl\u00e4nder-Leskinen hat promoviert und folgt im Amt der zur\u00fccktretenden Vorsitzenden Dr. <strong>Marjaliisa Hentil\u00e4<\/strong>.<\/p>\n<p>Liefl\u00e4nder-Leskinen wurde 1951 in Berlin geboren. Sie zog 1977 nach Finnland und hat seitdem als Professorin und Universit\u00e4tslektorin im Fach Germanistik an den Universit\u00e4ten Oulu, Turku und Joensuu fungiert. Liefl\u00e4nder-Leskinen ist Germanistin. Zurzeit ist sie als Universit\u00e4tslektorin f\u00fcr die deutsche Sprache und \u00dcbersetzung an der Universit\u00e4t Ost-Finnland t\u00e4tig.<\/p>\n<p>Ihren Wohnsitz hat Liefl\u00e4nder-Leskinen in Savonlinna, wo sie die Vorsitzende des dortigen Finnisch-Deutschen Vereins ist. In dieser Position ist sie als Entwicklerin von aktiven Beziehungen zwischen Savonlinna und dessen deutschen Partnerstadt Detmold bekannt. Die Pflege von St\u00e4dtepartnerschaften liegt Liefl\u00e4nder-Leskinen besonders nahe.<!--:--><\/p>\n","protected":false},"excerpt":{"rendered":"<p>Suomi-Saksa Yhdistysten Liitto, SSYL on valinnut Luise Liefl\u00e4nder-Leskisen puheenjohtajakseen kaksivuotiskaudelle 2014\u20132015. Liefl\u00e4nder-Leskinen on koulutukseltaan filosofian tohtori ja h\u00e4n seuraa luottamusteht\u00e4v\u00e4ss\u00e4 v\u00e4istyv\u00e4\u00e4 puheenjohtajaa VTT Marjaliisa Hentil\u00e4\u00e4. Berliiniss\u00e4 vuonna 1951 syntynyt Liefl\u00e4nder-Leskinen muutti Suomeen vuonna 1977, mist\u00e4 l\u00e4htien h\u00e4n on toiminut professorin ja yliopistolehtorin teht\u00e4viss\u00e4 Oulun, Turun ja Joensuun yliopistoissa. Liefl\u00e4nder-Leskinen on germanisti. Parhaillaan h\u00e4n ty\u00f6skentelee yliopistolehtorina [&hellip;]<\/p>\n","protected":false},"author":1,"featured_media":0,"comment_status":"closed","ping_status":"closed","sticky":false,"template":"","format":"standard","meta":{"footnotes":""},"categories":[14],"tags":[],"class_list":["post-2331","post","type-post","status-publish","format-standard","hentry","category-aktuelles"],"yoast_head":"<!-- This site is optimized with the Yoast SEO plugin v27.3 - https:\/\/yoast.com\/product\/yoast-seo-wordpress\/ -->\n<title>Luise Liefl\u00e4nder-Leskinen wird Vorsitzende des Verbandes der Finnisch-Deutschen Vereine - Suomi-Saksa Yhdistysten Liitto ry<\/title>\n<meta name=\"robots\" content=\"index, follow, max-snippet:-1, max-image-preview:large, max-video-preview:-1\" \/>\n<link rel=\"canonical\" href=\"https:\/\/www.ssyl.fi\/de\/aktuelles\/luise-lieflander-leskisesta-suomi-saksa-yhdistysten-liiton-puheenjohtaja\/\" \/>\n<meta property=\"og:locale\" content=\"de_DE\" \/>\n<meta property=\"og:type\" content=\"article\" \/>\n<meta property=\"og:title\" content=\"Luise Liefl\u00e4nder-Leskinen wird Vorsitzende des Verbandes der Finnisch-Deutschen Vereine - Suomi-Saksa Yhdistysten Liitto ry\" \/>\n<meta property=\"og:description\" content=\"Suomi-Saksa Yhdistysten Liitto, SSYL on valinnut Luise Liefl\u00e4nder-Leskisen puheenjohtajakseen kaksivuotiskaudelle 2014\u20132015. Liefl\u00e4nder-Leskinen on koulutukseltaan filosofian tohtori ja h\u00e4n seuraa luottamusteht\u00e4v\u00e4ss\u00e4 v\u00e4istyv\u00e4\u00e4 puheenjohtajaa VTT Marjaliisa Hentil\u00e4\u00e4. Berliiniss\u00e4 vuonna 1951 syntynyt Liefl\u00e4nder-Leskinen muutti Suomeen vuonna 1977, mist\u00e4 l\u00e4htien h\u00e4n on toiminut professorin ja yliopistolehtorin teht\u00e4viss\u00e4 Oulun, Turun ja Joensuun yliopistoissa. Liefl\u00e4nder-Leskinen on germanisti. Parhaillaan h\u00e4n ty\u00f6skentelee yliopistolehtorina [&hellip;]\" \/>\n<meta property=\"og:url\" content=\"https:\/\/www.ssyl.fi\/de\/aktuelles\/luise-lieflander-leskisesta-suomi-saksa-yhdistysten-liiton-puheenjohtaja\/\" \/>\n<meta property=\"og:site_name\" content=\"Suomi-Saksa Yhdistysten Liitto ry\" \/>\n<meta property=\"article:publisher\" content=\"http:\/\/www.facebook.com\/ssyl.fi\" \/>\n<meta property=\"article:published_time\" content=\"2013-10-30T08:22:06+00:00\" \/>\n<meta property=\"article:modified_time\" content=\"2019-09-27T08:38:17+00:00\" \/>\n<meta property=\"og:image\" content=\"https:\/\/www.ssyl.fi\/content\/uploads\/2013\/10\/Luise12-300x225.jpg\" \/>\n<meta name=\"author\" content=\"su\" \/>\n<meta name=\"twitter:card\" content=\"summary_large_image\" \/>\n<meta name=\"twitter:label1\" content=\"Written by\" \/>\n\t<meta name=\"twitter:data1\" content=\"su\" \/>\n\t<meta name=\"twitter:label2\" content=\"Est. reading time\" \/>\n\t<meta name=\"twitter:data2\" content=\"1 minute\" \/>\n<script type=\"application\/ld+json\" class=\"yoast-schema-graph\">{\"@context\":\"https:\\\/\\\/schema.org\",\"@graph\":[{\"@type\":\"Article\",\"@id\":\"https:\\\/\\\/www.ssyl.fi\\\/de\\\/aktuelles\\\/luise-lieflander-leskisesta-suomi-saksa-yhdistysten-liiton-puheenjohtaja\\\/#article\",\"isPartOf\":{\"@id\":\"https:\\\/\\\/www.ssyl.fi\\\/de\\\/aktuelles\\\/luise-lieflander-leskisesta-suomi-saksa-yhdistysten-liiton-puheenjohtaja\\\/\"},\"author\":{\"name\":\"su\",\"@id\":\"https:\\\/\\\/www.ssyl.fi\\\/de\\\/#\\\/schema\\\/person\\\/bca1dcebb660e436912037dec6c0af97\"},\"headline\":\"Luise Liefl\u00e4nder-Leskinen wird Vorsitzende des Verbandes der Finnisch-Deutschen Vereine\",\"datePublished\":\"2013-10-30T08:22:06+00:00\",\"dateModified\":\"2019-09-27T08:38:17+00:00\",\"mainEntityOfPage\":{\"@id\":\"https:\\\/\\\/www.ssyl.fi\\\/de\\\/aktuelles\\\/luise-lieflander-leskisesta-suomi-saksa-yhdistysten-liiton-puheenjohtaja\\\/\"},\"wordCount\":302,\"image\":{\"@id\":\"https:\\\/\\\/www.ssyl.fi\\\/de\\\/aktuelles\\\/luise-lieflander-leskisesta-suomi-saksa-yhdistysten-liiton-puheenjohtaja\\\/#primaryimage\"},\"thumbnailUrl\":\"https:\\\/\\\/www.ssyl.fi\\\/content\\\/uploads\\\/2013\\\/10\\\/Luise12-300x225.jpg\",\"articleSection\":[\"Aktuelles\"],\"inLanguage\":\"de-DE\"},{\"@type\":\"WebPage\",\"@id\":\"https:\\\/\\\/www.ssyl.fi\\\/de\\\/aktuelles\\\/luise-lieflander-leskisesta-suomi-saksa-yhdistysten-liiton-puheenjohtaja\\\/\",\"url\":\"https:\\\/\\\/www.ssyl.fi\\\/de\\\/aktuelles\\\/luise-lieflander-leskisesta-suomi-saksa-yhdistysten-liiton-puheenjohtaja\\\/\",\"name\":\"Luise Liefl\u00e4nder-Leskinen wird Vorsitzende des Verbandes der Finnisch-Deutschen Vereine - Suomi-Saksa Yhdistysten Liitto ry\",\"isPartOf\":{\"@id\":\"https:\\\/\\\/www.ssyl.fi\\\/de\\\/#website\"},\"primaryImageOfPage\":{\"@id\":\"https:\\\/\\\/www.ssyl.fi\\\/de\\\/aktuelles\\\/luise-lieflander-leskisesta-suomi-saksa-yhdistysten-liiton-puheenjohtaja\\\/#primaryimage\"},\"image\":{\"@id\":\"https:\\\/\\\/www.ssyl.fi\\\/de\\\/aktuelles\\\/luise-lieflander-leskisesta-suomi-saksa-yhdistysten-liiton-puheenjohtaja\\\/#primaryimage\"},\"thumbnailUrl\":\"https:\\\/\\\/www.ssyl.fi\\\/content\\\/uploads\\\/2013\\\/10\\\/Luise12-300x225.jpg\",\"datePublished\":\"2013-10-30T08:22:06+00:00\",\"dateModified\":\"2019-09-27T08:38:17+00:00\",\"author\":{\"@id\":\"https:\\\/\\\/www.ssyl.fi\\\/de\\\/#\\\/schema\\\/person\\\/bca1dcebb660e436912037dec6c0af97\"},\"breadcrumb\":{\"@id\":\"https:\\\/\\\/www.ssyl.fi\\\/de\\\/aktuelles\\\/luise-lieflander-leskisesta-suomi-saksa-yhdistysten-liiton-puheenjohtaja\\\/#breadcrumb\"},\"inLanguage\":\"de-DE\",\"potentialAction\":[{\"@type\":\"ReadAction\",\"target\":[\"https:\\\/\\\/www.ssyl.fi\\\/de\\\/aktuelles\\\/luise-lieflander-leskisesta-suomi-saksa-yhdistysten-liiton-puheenjohtaja\\\/\"]}]},{\"@type\":\"ImageObject\",\"inLanguage\":\"de-DE\",\"@id\":\"https:\\\/\\\/www.ssyl.fi\\\/de\\\/aktuelles\\\/luise-lieflander-leskisesta-suomi-saksa-yhdistysten-liiton-puheenjohtaja\\\/#primaryimage\",\"url\":\"https:\\\/\\\/www.ssyl.fi\\\/content\\\/uploads\\\/2013\\\/10\\\/Luise12-300x225.jpg\",\"contentUrl\":\"https:\\\/\\\/www.ssyl.fi\\\/content\\\/uploads\\\/2013\\\/10\\\/Luise12-300x225.jpg\"},{\"@type\":\"BreadcrumbList\",\"@id\":\"https:\\\/\\\/www.ssyl.fi\\\/de\\\/aktuelles\\\/luise-lieflander-leskisesta-suomi-saksa-yhdistysten-liiton-puheenjohtaja\\\/#breadcrumb\",\"itemListElement\":[{\"@type\":\"ListItem\",\"position\":1,\"name\":\"Home\",\"item\":\"https:\\\/\\\/www.ssyl.fi\\\/de\\\/\"},{\"@type\":\"ListItem\",\"position\":2,\"name\":\"Luise Liefl\u00e4nder-Leskinen wird Vorsitzende des Verbandes der Finnisch-Deutschen Vereine\"}]},{\"@type\":\"WebSite\",\"@id\":\"https:\\\/\\\/www.ssyl.fi\\\/de\\\/#website\",\"url\":\"https:\\\/\\\/www.ssyl.fi\\\/de\\\/\",\"name\":\"Suomi-Saksa Yhdistysten Liitto ry\",\"description\":\"\",\"potentialAction\":[{\"@type\":\"SearchAction\",\"target\":{\"@type\":\"EntryPoint\",\"urlTemplate\":\"https:\\\/\\\/www.ssyl.fi\\\/de\\\/?s={search_term_string}\"},\"query-input\":{\"@type\":\"PropertyValueSpecification\",\"valueRequired\":true,\"valueName\":\"search_term_string\"}}],\"inLanguage\":\"de-DE\"},{\"@type\":\"Person\",\"@id\":\"https:\\\/\\\/www.ssyl.fi\\\/de\\\/#\\\/schema\\\/person\\\/bca1dcebb660e436912037dec6c0af97\",\"name\":\"su\",\"image\":{\"@type\":\"ImageObject\",\"inLanguage\":\"de-DE\",\"@id\":\"https:\\\/\\\/secure.gravatar.com\\\/avatar\\\/9b55bc1571b94e7d820a0d2181aad3ff43a88ed36fcd149690e9b3b58274f822?s=96&d=mm&r=g\",\"url\":\"https:\\\/\\\/secure.gravatar.com\\\/avatar\\\/9b55bc1571b94e7d820a0d2181aad3ff43a88ed36fcd149690e9b3b58274f822?s=96&d=mm&r=g\",\"contentUrl\":\"https:\\\/\\\/secure.gravatar.com\\\/avatar\\\/9b55bc1571b94e7d820a0d2181aad3ff43a88ed36fcd149690e9b3b58274f822?s=96&d=mm&r=g\",\"caption\":\"su\"},\"url\":\"https:\\\/\\\/www.ssyl.fi\\\/de\\\/author\\\/su\\\/\"}]}<\/script>\n<!-- \/ Yoast SEO plugin. -->","yoast_head_json":{"title":"Luise Liefl\u00e4nder-Leskinen wird Vorsitzende des Verbandes der Finnisch-Deutschen Vereine - Suomi-Saksa Yhdistysten Liitto ry","robots":{"index":"index","follow":"follow","max-snippet":"max-snippet:-1","max-image-preview":"max-image-preview:large","max-video-preview":"max-video-preview:-1"},"canonical":"https:\/\/www.ssyl.fi\/de\/aktuelles\/luise-lieflander-leskisesta-suomi-saksa-yhdistysten-liiton-puheenjohtaja\/","og_locale":"de_DE","og_type":"article","og_title":"Luise Liefl\u00e4nder-Leskinen wird Vorsitzende des Verbandes der Finnisch-Deutschen Vereine - Suomi-Saksa Yhdistysten Liitto ry","og_description":"Suomi-Saksa Yhdistysten Liitto, SSYL on valinnut Luise Liefl\u00e4nder-Leskisen puheenjohtajakseen kaksivuotiskaudelle 2014\u20132015. Liefl\u00e4nder-Leskinen on koulutukseltaan filosofian tohtori ja h\u00e4n seuraa luottamusteht\u00e4v\u00e4ss\u00e4 v\u00e4istyv\u00e4\u00e4 puheenjohtajaa VTT Marjaliisa Hentil\u00e4\u00e4. Berliiniss\u00e4 vuonna 1951 syntynyt Liefl\u00e4nder-Leskinen muutti Suomeen vuonna 1977, mist\u00e4 l\u00e4htien h\u00e4n on toiminut professorin ja yliopistolehtorin teht\u00e4viss\u00e4 Oulun, Turun ja Joensuun yliopistoissa. Liefl\u00e4nder-Leskinen on germanisti. Parhaillaan h\u00e4n ty\u00f6skentelee yliopistolehtorina [&hellip;]","og_url":"https:\/\/www.ssyl.fi\/de\/aktuelles\/luise-lieflander-leskisesta-suomi-saksa-yhdistysten-liiton-puheenjohtaja\/","og_site_name":"Suomi-Saksa Yhdistysten Liitto ry","article_publisher":"http:\/\/www.facebook.com\/ssyl.fi","article_published_time":"2013-10-30T08:22:06+00:00","article_modified_time":"2019-09-27T08:38:17+00:00","og_image":[{"url":"https:\/\/www.ssyl.fi\/content\/uploads\/2013\/10\/Luise12-300x225.jpg","type":"","width":"","height":""}],"author":"su","twitter_card":"summary_large_image","twitter_misc":{"Written by":"su","Est. reading time":"1 minute"},"schema":{"@context":"https:\/\/schema.org","@graph":[{"@type":"Article","@id":"https:\/\/www.ssyl.fi\/de\/aktuelles\/luise-lieflander-leskisesta-suomi-saksa-yhdistysten-liiton-puheenjohtaja\/#article","isPartOf":{"@id":"https:\/\/www.ssyl.fi\/de\/aktuelles\/luise-lieflander-leskisesta-suomi-saksa-yhdistysten-liiton-puheenjohtaja\/"},"author":{"name":"su","@id":"https:\/\/www.ssyl.fi\/de\/#\/schema\/person\/bca1dcebb660e436912037dec6c0af97"},"headline":"Luise Liefl\u00e4nder-Leskinen wird Vorsitzende des Verbandes der Finnisch-Deutschen Vereine","datePublished":"2013-10-30T08:22:06+00:00","dateModified":"2019-09-27T08:38:17+00:00","mainEntityOfPage":{"@id":"https:\/\/www.ssyl.fi\/de\/aktuelles\/luise-lieflander-leskisesta-suomi-saksa-yhdistysten-liiton-puheenjohtaja\/"},"wordCount":302,"image":{"@id":"https:\/\/www.ssyl.fi\/de\/aktuelles\/luise-lieflander-leskisesta-suomi-saksa-yhdistysten-liiton-puheenjohtaja\/#primaryimage"},"thumbnailUrl":"https:\/\/www.ssyl.fi\/content\/uploads\/2013\/10\/Luise12-300x225.jpg","articleSection":["Aktuelles"],"inLanguage":"de-DE"},{"@type":"WebPage","@id":"https:\/\/www.ssyl.fi\/de\/aktuelles\/luise-lieflander-leskisesta-suomi-saksa-yhdistysten-liiton-puheenjohtaja\/","url":"https:\/\/www.ssyl.fi\/de\/aktuelles\/luise-lieflander-leskisesta-suomi-saksa-yhdistysten-liiton-puheenjohtaja\/","name":"Luise Liefl\u00e4nder-Leskinen wird Vorsitzende des Verbandes der Finnisch-Deutschen Vereine - Suomi-Saksa Yhdistysten Liitto ry","isPartOf":{"@id":"https:\/\/www.ssyl.fi\/de\/#website"},"primaryImageOfPage":{"@id":"https:\/\/www.ssyl.fi\/de\/aktuelles\/luise-lieflander-leskisesta-suomi-saksa-yhdistysten-liiton-puheenjohtaja\/#primaryimage"},"image":{"@id":"https:\/\/www.ssyl.fi\/de\/aktuelles\/luise-lieflander-leskisesta-suomi-saksa-yhdistysten-liiton-puheenjohtaja\/#primaryimage"},"thumbnailUrl":"https:\/\/www.ssyl.fi\/content\/uploads\/2013\/10\/Luise12-300x225.jpg","datePublished":"2013-10-30T08:22:06+00:00","dateModified":"2019-09-27T08:38:17+00:00","author":{"@id":"https:\/\/www.ssyl.fi\/de\/#\/schema\/person\/bca1dcebb660e436912037dec6c0af97"},"breadcrumb":{"@id":"https:\/\/www.ssyl.fi\/de\/aktuelles\/luise-lieflander-leskisesta-suomi-saksa-yhdistysten-liiton-puheenjohtaja\/#breadcrumb"},"inLanguage":"de-DE","potentialAction":[{"@type":"ReadAction","target":["https:\/\/www.ssyl.fi\/de\/aktuelles\/luise-lieflander-leskisesta-suomi-saksa-yhdistysten-liiton-puheenjohtaja\/"]}]},{"@type":"ImageObject","inLanguage":"de-DE","@id":"https:\/\/www.ssyl.fi\/de\/aktuelles\/luise-lieflander-leskisesta-suomi-saksa-yhdistysten-liiton-puheenjohtaja\/#primaryimage","url":"https:\/\/www.ssyl.fi\/content\/uploads\/2013\/10\/Luise12-300x225.jpg","contentUrl":"https:\/\/www.ssyl.fi\/content\/uploads\/2013\/10\/Luise12-300x225.jpg"},{"@type":"BreadcrumbList","@id":"https:\/\/www.ssyl.fi\/de\/aktuelles\/luise-lieflander-leskisesta-suomi-saksa-yhdistysten-liiton-puheenjohtaja\/#breadcrumb","itemListElement":[{"@type":"ListItem","position":1,"name":"Home","item":"https:\/\/www.ssyl.fi\/de\/"},{"@type":"ListItem","position":2,"name":"Luise Liefl\u00e4nder-Leskinen wird Vorsitzende des Verbandes der Finnisch-Deutschen Vereine"}]},{"@type":"WebSite","@id":"https:\/\/www.ssyl.fi\/de\/#website","url":"https:\/\/www.ssyl.fi\/de\/","name":"Suomi-Saksa Yhdistysten Liitto ry","description":"","potentialAction":[{"@type":"SearchAction","target":{"@type":"EntryPoint","urlTemplate":"https:\/\/www.ssyl.fi\/de\/?s={search_term_string}"},"query-input":{"@type":"PropertyValueSpecification","valueRequired":true,"valueName":"search_term_string"}}],"inLanguage":"de-DE"},{"@type":"Person","@id":"https:\/\/www.ssyl.fi\/de\/#\/schema\/person\/bca1dcebb660e436912037dec6c0af97","name":"su","image":{"@type":"ImageObject","inLanguage":"de-DE","@id":"https:\/\/secure.gravatar.com\/avatar\/9b55bc1571b94e7d820a0d2181aad3ff43a88ed36fcd149690e9b3b58274f822?s=96&d=mm&r=g","url":"https:\/\/secure.gravatar.com\/avatar\/9b55bc1571b94e7d820a0d2181aad3ff43a88ed36fcd149690e9b3b58274f822?s=96&d=mm&r=g","contentUrl":"https:\/\/secure.gravatar.com\/avatar\/9b55bc1571b94e7d820a0d2181aad3ff43a88ed36fcd149690e9b3b58274f822?s=96&d=mm&r=g","caption":"su"},"url":"https:\/\/www.ssyl.fi\/de\/author\/su\/"}]}},"_links":{"self":[{"href":"https:\/\/www.ssyl.fi\/de\/wp-json\/wp\/v2\/posts\/2331","targetHints":{"allow":["GET"]}}],"collection":[{"href":"https:\/\/www.ssyl.fi\/de\/wp-json\/wp\/v2\/posts"}],"about":[{"href":"https:\/\/www.ssyl.fi\/de\/wp-json\/wp\/v2\/types\/post"}],"author":[{"embeddable":true,"href":"https:\/\/www.ssyl.fi\/de\/wp-json\/wp\/v2\/users\/1"}],"replies":[{"embeddable":true,"href":"https:\/\/www.ssyl.fi\/de\/wp-json\/wp\/v2\/comments?post=2331"}],"version-history":[{"count":1,"href":"https:\/\/www.ssyl.fi\/de\/wp-json\/wp\/v2\/posts\/2331\/revisions"}],"predecessor-version":[{"id":6968,"href":"https:\/\/www.ssyl.fi\/de\/wp-json\/wp\/v2\/posts\/2331\/revisions\/6968"}],"wp:attachment":[{"href":"https:\/\/www.ssyl.fi\/de\/wp-json\/wp\/v2\/media?parent=2331"}],"wp:term":[{"taxonomy":"category","embeddable":true,"href":"https:\/\/www.ssyl.fi\/de\/wp-json\/wp\/v2\/categories?post=2331"},{"taxonomy":"post_tag","embeddable":true,"href":"https:\/\/www.ssyl.fi\/de\/wp-json\/wp\/v2\/tags?post=2331"}],"curies":[{"name":"wp","href":"https:\/\/api.w.org\/{rel}","templated":true}]}}