{"id":3051,"date":"2015-11-25T16:22:38","date_gmt":"2015-11-25T14:22:38","guid":{"rendered":"https:\/\/www.ssyl.fi\/?p=3051"},"modified":"2019-09-27T11:35:18","modified_gmt":"2019-09-27T08:35:18","slug":"seminaarin-wozu-uberhaupt-zur-lage-des-deutschen-esitykset-nahtavilla-verkossa","status":"publish","type":"post","link":"https:\/\/www.ssyl.fi\/de\/aktuelles\/seminaarin-wozu-uberhaupt-zur-lage-des-deutschen-esitykset-nahtavilla-verkossa\/","title":{"rendered":"Videoaufnahme des Seminars &#8220;Wozu \u00fcberhaupt? Zur Lage des Deutschen&#8221; jetzt online"},"content":{"rendered":"<p><!--:fi-->Aue-s\u00e4\u00e4ti\u00f6, eduskunnan Saksa-yst\u00e4vyysryhm\u00e4 ja SSYL j\u00e4rjestiv\u00e4t 13.11.2015 saksankielisen seminaarin \u201cWozu \u00fcberhaupt? \u2013 Zur Lage des Deutschen in Finnland 2015\u2033.<\/p>\n<p>Seminaarissa luodattiin saksan kielen merkityst\u00e4 yhteiskunnan eri osa-alueilla tietoiskujen ja henkil\u00f6kohtaisten kokemusten kautta. Puhujina olivat muun muassa jalkapalloilija <strong>Essi Sainio<\/strong>, opetusneuvos <strong>Kristiina Ikonen <\/strong>ja kansanedustaja, Saksa-yst\u00e4vyysryhm\u00e4n puheenjohtaja <strong>Tytti Tuppurainen<\/strong>.<\/p>\n<p>Seminaari on nyt n\u00e4ht\u00e4vill\u00e4 verkossa. Linkki l\u00f6ytyy <a href=\"http:\/\/www.aue-stiftung.org\/de\/aktuell\/wozu-%C3%BCberhaupt-%E2%80%93-zur-lage-des-deutschen-finnland-2015\" target=\"_blank\" rel=\"noopener noreferrer\">Aue-s\u00e4\u00e4ti\u00f6n verkkosivuilta<\/a>.<!--:--><!--:de--><\/p>\n<p>SSYL und die Freundschaftsgruppe\u00a0Deutschland des finnischen Parlaments organisierten zusammen mit der Aue-Stiftung am 13. November im Pikkuparlamentti das\u00a0Kurzseminar &#8220;Wozu \u00fcberhaupt? \u2013 Zur Lage des Deutschen in Finnland 2015&#8221;. Ziel des\u00a0Seminares war\u00a0es, die aktuelle Bedeutung des Deutschen f\u00fcr die verschiedenen Akteure der\u00a0finnischen Gesellschaft ins Bewusstsein zu rufen.<\/p>\n<p>Seminarsprache war\u00a0\u00fcberwiegend Deutsch. Die Veranstaltung wurde live im Internet auf der Seite des finnischen Parlaments \u00fcbertragen und ist auf der Seite des Parlaments anzuschauen. Den Link finden Sie auf der <a href=\"http:\/\/www.aue-stiftung.org\/de\/aktuell\/wozu-%C3%BCberhaupt-%E2%80%93-zur-lage-des-deutschen-finnland-2015\" target=\"_blank\" rel=\"noopener noreferrer\">Webseite der Aue-Stiftung<\/a>.<\/p>\n<p><!--:--><\/p>\n","protected":false},"excerpt":{"rendered":"<p>Aue-s\u00e4\u00e4ti\u00f6, eduskunnan Saksa-yst\u00e4vyysryhm\u00e4 ja SSYL j\u00e4rjestiv\u00e4t 13.11.2015 saksankielisen seminaarin \u201cWozu \u00fcberhaupt? \u2013 Zur Lage des Deutschen in Finnland 2015\u2033. Seminaarissa luodattiin saksan kielen merkityst\u00e4 yhteiskunnan eri osa-alueilla tietoiskujen ja henkil\u00f6kohtaisten kokemusten kautta. Puhujina olivat muun muassa jalkapalloilija Essi Sainio, opetusneuvos Kristiina Ikonen ja kansanedustaja, Saksa-yst\u00e4vyysryhm\u00e4n puheenjohtaja Tytti Tuppurainen. Seminaari on nyt n\u00e4ht\u00e4vill\u00e4 verkossa. Linkki l\u00f6ytyy [&hellip;]<\/p>\n","protected":false},"author":1,"featured_media":0,"comment_status":"closed","ping_status":"closed","sticky":false,"template":"","format":"standard","meta":{"footnotes":""},"categories":[14],"tags":[],"class_list":["post-3051","post","type-post","status-publish","format-standard","hentry","category-aktuelles"],"yoast_head":"<!-- This site is optimized with the Yoast SEO plugin v27.3 - https:\/\/yoast.com\/product\/yoast-seo-wordpress\/ -->\n<title>Videoaufnahme des Seminars &quot;Wozu \u00fcberhaupt? Zur Lage des Deutschen&quot; jetzt online - Suomi-Saksa Yhdistysten Liitto ry<\/title>\n<meta name=\"robots\" content=\"index, follow, max-snippet:-1, max-image-preview:large, max-video-preview:-1\" \/>\n<link rel=\"canonical\" href=\"https:\/\/www.ssyl.fi\/de\/aktuelles\/seminaarin-wozu-uberhaupt-zur-lage-des-deutschen-esitykset-nahtavilla-verkossa\/\" \/>\n<meta property=\"og:locale\" content=\"de_DE\" \/>\n<meta property=\"og:type\" content=\"article\" \/>\n<meta property=\"og:title\" content=\"Videoaufnahme des Seminars &quot;Wozu \u00fcberhaupt? Zur Lage des Deutschen&quot; jetzt online - Suomi-Saksa Yhdistysten Liitto ry\" \/>\n<meta property=\"og:description\" content=\"Aue-s\u00e4\u00e4ti\u00f6, eduskunnan Saksa-yst\u00e4vyysryhm\u00e4 ja SSYL j\u00e4rjestiv\u00e4t 13.11.2015 saksankielisen seminaarin \u201cWozu \u00fcberhaupt? \u2013 Zur Lage des Deutschen in Finnland 2015\u2033. Seminaarissa luodattiin saksan kielen merkityst\u00e4 yhteiskunnan eri osa-alueilla tietoiskujen ja henkil\u00f6kohtaisten kokemusten kautta. Puhujina olivat muun muassa jalkapalloilija Essi Sainio, opetusneuvos Kristiina Ikonen ja kansanedustaja, Saksa-yst\u00e4vyysryhm\u00e4n puheenjohtaja Tytti Tuppurainen. Seminaari on nyt n\u00e4ht\u00e4vill\u00e4 verkossa. Linkki l\u00f6ytyy [&hellip;]\" \/>\n<meta property=\"og:url\" content=\"https:\/\/www.ssyl.fi\/de\/aktuelles\/seminaarin-wozu-uberhaupt-zur-lage-des-deutschen-esitykset-nahtavilla-verkossa\/\" \/>\n<meta property=\"og:site_name\" content=\"Suomi-Saksa Yhdistysten Liitto ry\" \/>\n<meta property=\"article:publisher\" content=\"http:\/\/www.facebook.com\/ssyl.fi\" \/>\n<meta property=\"article:published_time\" content=\"2015-11-25T14:22:38+00:00\" \/>\n<meta property=\"article:modified_time\" content=\"2019-09-27T08:35:18+00:00\" \/>\n<meta property=\"og:image\" content=\"https:\/\/www.ssyl.fi\/content\/uploads\/2019\/10\/some-jako_FB_1200x630px.jpg\" \/>\n\t<meta property=\"og:image:width\" content=\"1200\" \/>\n\t<meta property=\"og:image:height\" content=\"630\" \/>\n\t<meta property=\"og:image:type\" content=\"image\/jpeg\" \/>\n<meta name=\"author\" content=\"su\" \/>\n<meta name=\"twitter:card\" content=\"summary_large_image\" \/>\n<meta name=\"twitter:label1\" content=\"Written by\" \/>\n\t<meta name=\"twitter:data1\" content=\"su\" \/>\n\t<meta name=\"twitter:label2\" content=\"Est. reading time\" \/>\n\t<meta name=\"twitter:data2\" content=\"1 minute\" \/>\n<script type=\"application\/ld+json\" class=\"yoast-schema-graph\">{\"@context\":\"https:\\\/\\\/schema.org\",\"@graph\":[{\"@type\":\"Article\",\"@id\":\"https:\\\/\\\/www.ssyl.fi\\\/de\\\/aktuelles\\\/seminaarin-wozu-uberhaupt-zur-lage-des-deutschen-esitykset-nahtavilla-verkossa\\\/#article\",\"isPartOf\":{\"@id\":\"https:\\\/\\\/www.ssyl.fi\\\/de\\\/aktuelles\\\/seminaarin-wozu-uberhaupt-zur-lage-des-deutschen-esitykset-nahtavilla-verkossa\\\/\"},\"author\":{\"name\":\"su\",\"@id\":\"https:\\\/\\\/www.ssyl.fi\\\/de\\\/#\\\/schema\\\/person\\\/bca1dcebb660e436912037dec6c0af97\"},\"headline\":\"Videoaufnahme des Seminars &#8220;Wozu \u00fcberhaupt? Zur Lage des Deutschen&#8221; jetzt online\",\"datePublished\":\"2015-11-25T14:22:38+00:00\",\"dateModified\":\"2019-09-27T08:35:18+00:00\",\"mainEntityOfPage\":{\"@id\":\"https:\\\/\\\/www.ssyl.fi\\\/de\\\/aktuelles\\\/seminaarin-wozu-uberhaupt-zur-lage-des-deutschen-esitykset-nahtavilla-verkossa\\\/\"},\"wordCount\":160,\"articleSection\":[\"Aktuelles\"],\"inLanguage\":\"de-DE\"},{\"@type\":\"WebPage\",\"@id\":\"https:\\\/\\\/www.ssyl.fi\\\/de\\\/aktuelles\\\/seminaarin-wozu-uberhaupt-zur-lage-des-deutschen-esitykset-nahtavilla-verkossa\\\/\",\"url\":\"https:\\\/\\\/www.ssyl.fi\\\/de\\\/aktuelles\\\/seminaarin-wozu-uberhaupt-zur-lage-des-deutschen-esitykset-nahtavilla-verkossa\\\/\",\"name\":\"Videoaufnahme des Seminars \\\"Wozu \u00fcberhaupt? Zur Lage des Deutschen\\\" jetzt online - Suomi-Saksa Yhdistysten Liitto ry\",\"isPartOf\":{\"@id\":\"https:\\\/\\\/www.ssyl.fi\\\/de\\\/#website\"},\"datePublished\":\"2015-11-25T14:22:38+00:00\",\"dateModified\":\"2019-09-27T08:35:18+00:00\",\"author\":{\"@id\":\"https:\\\/\\\/www.ssyl.fi\\\/de\\\/#\\\/schema\\\/person\\\/bca1dcebb660e436912037dec6c0af97\"},\"breadcrumb\":{\"@id\":\"https:\\\/\\\/www.ssyl.fi\\\/de\\\/aktuelles\\\/seminaarin-wozu-uberhaupt-zur-lage-des-deutschen-esitykset-nahtavilla-verkossa\\\/#breadcrumb\"},\"inLanguage\":\"de-DE\",\"potentialAction\":[{\"@type\":\"ReadAction\",\"target\":[\"https:\\\/\\\/www.ssyl.fi\\\/de\\\/aktuelles\\\/seminaarin-wozu-uberhaupt-zur-lage-des-deutschen-esitykset-nahtavilla-verkossa\\\/\"]}]},{\"@type\":\"BreadcrumbList\",\"@id\":\"https:\\\/\\\/www.ssyl.fi\\\/de\\\/aktuelles\\\/seminaarin-wozu-uberhaupt-zur-lage-des-deutschen-esitykset-nahtavilla-verkossa\\\/#breadcrumb\",\"itemListElement\":[{\"@type\":\"ListItem\",\"position\":1,\"name\":\"Home\",\"item\":\"https:\\\/\\\/www.ssyl.fi\\\/de\\\/\"},{\"@type\":\"ListItem\",\"position\":2,\"name\":\"Videoaufnahme des Seminars &#8220;Wozu \u00fcberhaupt? Zur Lage des Deutschen&#8221; jetzt online\"}]},{\"@type\":\"WebSite\",\"@id\":\"https:\\\/\\\/www.ssyl.fi\\\/de\\\/#website\",\"url\":\"https:\\\/\\\/www.ssyl.fi\\\/de\\\/\",\"name\":\"Suomi-Saksa Yhdistysten Liitto ry\",\"description\":\"\",\"potentialAction\":[{\"@type\":\"SearchAction\",\"target\":{\"@type\":\"EntryPoint\",\"urlTemplate\":\"https:\\\/\\\/www.ssyl.fi\\\/de\\\/?s={search_term_string}\"},\"query-input\":{\"@type\":\"PropertyValueSpecification\",\"valueRequired\":true,\"valueName\":\"search_term_string\"}}],\"inLanguage\":\"de-DE\"},{\"@type\":\"Person\",\"@id\":\"https:\\\/\\\/www.ssyl.fi\\\/de\\\/#\\\/schema\\\/person\\\/bca1dcebb660e436912037dec6c0af97\",\"name\":\"su\",\"image\":{\"@type\":\"ImageObject\",\"inLanguage\":\"de-DE\",\"@id\":\"https:\\\/\\\/secure.gravatar.com\\\/avatar\\\/9b55bc1571b94e7d820a0d2181aad3ff43a88ed36fcd149690e9b3b58274f822?s=96&d=mm&r=g\",\"url\":\"https:\\\/\\\/secure.gravatar.com\\\/avatar\\\/9b55bc1571b94e7d820a0d2181aad3ff43a88ed36fcd149690e9b3b58274f822?s=96&d=mm&r=g\",\"contentUrl\":\"https:\\\/\\\/secure.gravatar.com\\\/avatar\\\/9b55bc1571b94e7d820a0d2181aad3ff43a88ed36fcd149690e9b3b58274f822?s=96&d=mm&r=g\",\"caption\":\"su\"},\"url\":\"https:\\\/\\\/www.ssyl.fi\\\/de\\\/author\\\/su\\\/\"}]}<\/script>\n<!-- \/ Yoast SEO plugin. -->","yoast_head_json":{"title":"Videoaufnahme des Seminars \"Wozu \u00fcberhaupt? Zur Lage des Deutschen\" jetzt online - Suomi-Saksa Yhdistysten Liitto ry","robots":{"index":"index","follow":"follow","max-snippet":"max-snippet:-1","max-image-preview":"max-image-preview:large","max-video-preview":"max-video-preview:-1"},"canonical":"https:\/\/www.ssyl.fi\/de\/aktuelles\/seminaarin-wozu-uberhaupt-zur-lage-des-deutschen-esitykset-nahtavilla-verkossa\/","og_locale":"de_DE","og_type":"article","og_title":"Videoaufnahme des Seminars \"Wozu \u00fcberhaupt? Zur Lage des Deutschen\" jetzt online - Suomi-Saksa Yhdistysten Liitto ry","og_description":"Aue-s\u00e4\u00e4ti\u00f6, eduskunnan Saksa-yst\u00e4vyysryhm\u00e4 ja SSYL j\u00e4rjestiv\u00e4t 13.11.2015 saksankielisen seminaarin \u201cWozu \u00fcberhaupt? \u2013 Zur Lage des Deutschen in Finnland 2015\u2033. Seminaarissa luodattiin saksan kielen merkityst\u00e4 yhteiskunnan eri osa-alueilla tietoiskujen ja henkil\u00f6kohtaisten kokemusten kautta. Puhujina olivat muun muassa jalkapalloilija Essi Sainio, opetusneuvos Kristiina Ikonen ja kansanedustaja, Saksa-yst\u00e4vyysryhm\u00e4n puheenjohtaja Tytti Tuppurainen. Seminaari on nyt n\u00e4ht\u00e4vill\u00e4 verkossa. Linkki l\u00f6ytyy [&hellip;]","og_url":"https:\/\/www.ssyl.fi\/de\/aktuelles\/seminaarin-wozu-uberhaupt-zur-lage-des-deutschen-esitykset-nahtavilla-verkossa\/","og_site_name":"Suomi-Saksa Yhdistysten Liitto ry","article_publisher":"http:\/\/www.facebook.com\/ssyl.fi","article_published_time":"2015-11-25T14:22:38+00:00","article_modified_time":"2019-09-27T08:35:18+00:00","og_image":[{"width":1200,"height":630,"url":"https:\/\/www.ssyl.fi\/content\/uploads\/2019\/10\/some-jako_FB_1200x630px.jpg","type":"image\/jpeg"}],"author":"su","twitter_card":"summary_large_image","twitter_misc":{"Written by":"su","Est. reading time":"1 minute"},"schema":{"@context":"https:\/\/schema.org","@graph":[{"@type":"Article","@id":"https:\/\/www.ssyl.fi\/de\/aktuelles\/seminaarin-wozu-uberhaupt-zur-lage-des-deutschen-esitykset-nahtavilla-verkossa\/#article","isPartOf":{"@id":"https:\/\/www.ssyl.fi\/de\/aktuelles\/seminaarin-wozu-uberhaupt-zur-lage-des-deutschen-esitykset-nahtavilla-verkossa\/"},"author":{"name":"su","@id":"https:\/\/www.ssyl.fi\/de\/#\/schema\/person\/bca1dcebb660e436912037dec6c0af97"},"headline":"Videoaufnahme des Seminars &#8220;Wozu \u00fcberhaupt? Zur Lage des Deutschen&#8221; jetzt online","datePublished":"2015-11-25T14:22:38+00:00","dateModified":"2019-09-27T08:35:18+00:00","mainEntityOfPage":{"@id":"https:\/\/www.ssyl.fi\/de\/aktuelles\/seminaarin-wozu-uberhaupt-zur-lage-des-deutschen-esitykset-nahtavilla-verkossa\/"},"wordCount":160,"articleSection":["Aktuelles"],"inLanguage":"de-DE"},{"@type":"WebPage","@id":"https:\/\/www.ssyl.fi\/de\/aktuelles\/seminaarin-wozu-uberhaupt-zur-lage-des-deutschen-esitykset-nahtavilla-verkossa\/","url":"https:\/\/www.ssyl.fi\/de\/aktuelles\/seminaarin-wozu-uberhaupt-zur-lage-des-deutschen-esitykset-nahtavilla-verkossa\/","name":"Videoaufnahme des Seminars \"Wozu \u00fcberhaupt? Zur Lage des Deutschen\" jetzt online - Suomi-Saksa Yhdistysten Liitto ry","isPartOf":{"@id":"https:\/\/www.ssyl.fi\/de\/#website"},"datePublished":"2015-11-25T14:22:38+00:00","dateModified":"2019-09-27T08:35:18+00:00","author":{"@id":"https:\/\/www.ssyl.fi\/de\/#\/schema\/person\/bca1dcebb660e436912037dec6c0af97"},"breadcrumb":{"@id":"https:\/\/www.ssyl.fi\/de\/aktuelles\/seminaarin-wozu-uberhaupt-zur-lage-des-deutschen-esitykset-nahtavilla-verkossa\/#breadcrumb"},"inLanguage":"de-DE","potentialAction":[{"@type":"ReadAction","target":["https:\/\/www.ssyl.fi\/de\/aktuelles\/seminaarin-wozu-uberhaupt-zur-lage-des-deutschen-esitykset-nahtavilla-verkossa\/"]}]},{"@type":"BreadcrumbList","@id":"https:\/\/www.ssyl.fi\/de\/aktuelles\/seminaarin-wozu-uberhaupt-zur-lage-des-deutschen-esitykset-nahtavilla-verkossa\/#breadcrumb","itemListElement":[{"@type":"ListItem","position":1,"name":"Home","item":"https:\/\/www.ssyl.fi\/de\/"},{"@type":"ListItem","position":2,"name":"Videoaufnahme des Seminars &#8220;Wozu \u00fcberhaupt? Zur Lage des Deutschen&#8221; jetzt online"}]},{"@type":"WebSite","@id":"https:\/\/www.ssyl.fi\/de\/#website","url":"https:\/\/www.ssyl.fi\/de\/","name":"Suomi-Saksa Yhdistysten Liitto ry","description":"","potentialAction":[{"@type":"SearchAction","target":{"@type":"EntryPoint","urlTemplate":"https:\/\/www.ssyl.fi\/de\/?s={search_term_string}"},"query-input":{"@type":"PropertyValueSpecification","valueRequired":true,"valueName":"search_term_string"}}],"inLanguage":"de-DE"},{"@type":"Person","@id":"https:\/\/www.ssyl.fi\/de\/#\/schema\/person\/bca1dcebb660e436912037dec6c0af97","name":"su","image":{"@type":"ImageObject","inLanguage":"de-DE","@id":"https:\/\/secure.gravatar.com\/avatar\/9b55bc1571b94e7d820a0d2181aad3ff43a88ed36fcd149690e9b3b58274f822?s=96&d=mm&r=g","url":"https:\/\/secure.gravatar.com\/avatar\/9b55bc1571b94e7d820a0d2181aad3ff43a88ed36fcd149690e9b3b58274f822?s=96&d=mm&r=g","contentUrl":"https:\/\/secure.gravatar.com\/avatar\/9b55bc1571b94e7d820a0d2181aad3ff43a88ed36fcd149690e9b3b58274f822?s=96&d=mm&r=g","caption":"su"},"url":"https:\/\/www.ssyl.fi\/de\/author\/su\/"}]}},"_links":{"self":[{"href":"https:\/\/www.ssyl.fi\/de\/wp-json\/wp\/v2\/posts\/3051","targetHints":{"allow":["GET"]}}],"collection":[{"href":"https:\/\/www.ssyl.fi\/de\/wp-json\/wp\/v2\/posts"}],"about":[{"href":"https:\/\/www.ssyl.fi\/de\/wp-json\/wp\/v2\/types\/post"}],"author":[{"embeddable":true,"href":"https:\/\/www.ssyl.fi\/de\/wp-json\/wp\/v2\/users\/1"}],"replies":[{"embeddable":true,"href":"https:\/\/www.ssyl.fi\/de\/wp-json\/wp\/v2\/comments?post=3051"}],"version-history":[{"count":1,"href":"https:\/\/www.ssyl.fi\/de\/wp-json\/wp\/v2\/posts\/3051\/revisions"}],"predecessor-version":[{"id":6962,"href":"https:\/\/www.ssyl.fi\/de\/wp-json\/wp\/v2\/posts\/3051\/revisions\/6962"}],"wp:attachment":[{"href":"https:\/\/www.ssyl.fi\/de\/wp-json\/wp\/v2\/media?parent=3051"}],"wp:term":[{"taxonomy":"category","embeddable":true,"href":"https:\/\/www.ssyl.fi\/de\/wp-json\/wp\/v2\/categories?post=3051"},{"taxonomy":"post_tag","embeddable":true,"href":"https:\/\/www.ssyl.fi\/de\/wp-json\/wp\/v2\/tags?post=3051"}],"curies":[{"name":"wp","href":"https:\/\/api.w.org\/{rel}","templated":true}]}}