{"id":4045,"date":"2017-11-20T12:08:27","date_gmt":"2017-11-20T10:08:27","guid":{"rendered":"https:\/\/www.ssyl.fi\/?p=4045"},"modified":"2019-09-27T11:33:54","modified_gmt":"2019-09-27T08:33:54","slug":"de-muhsin-omurca-begeistert-auf-finnland-tournee","status":"publish","type":"post","link":"https:\/\/www.ssyl.fi\/de\/aktuelles\/de-muhsin-omurca-begeistert-auf-finnland-tournee\/","title":{"rendered":"Muhsin Omurca begeistert auf Finnland-Tournee"},"content":{"rendered":"<p><!--:fi-->Muhsin Omurca auf Finnland-Tournee &#8211; ein voller Erfolg!<\/p>\n<p>Gemeinsam mit den Mitgliedsvereinen hat der Verband der finnisch-deutschen Vereine den deutscht\u00fcrkischen Kabarettisten Muhsin Omurca f\u00fcr den Herbst 2017 auf Finnland-Tournee eingeladen. Muhsin besuchte letzte Woche auf seiner Tournee Joensuu (14.11.), Turku (15.11.), Tampere (16.11.) und Helsinki (17.11.) und begeisterte das Publikum. Die Finnland-Tournee von Muhsin Omurca wurde von der Aue-Stiftung unterst\u00fctzt.<\/p>\n<p>Hier einige Eindr\u00fccke aus Joensuu und Turku:<\/p>\n<p><a href=\"https:\/\/www.ssyl.fi\/content\/uploads\/2017\/11\/Joensuu-2.jpg\"><img loading=\"lazy\" decoding=\"async\" title=\"Joensuu 2\" src=\"https:\/\/www.ssyl.fi\/content\/uploads\/2017\/11\/Joensuu-2-300x225.jpg\" alt=\"\" width=\"300\" height=\"225\" \/><\/a><\/p>\n<p><em>\u201eDer Finnisch-Deutsche Verein Joensuu hat zusammen mit dem SSYL Muhsin Omurca nach Joensuu eingeladen. Der Abend wurde toll \u2013 der Raum war voll, und der Kabarettist hat uns verbal und mit Cartoons in die verzwickte Welt der Integration eingef\u00fchrt. Wir haben an der eigenen Haut erfahren, wie es ist, als T\u00fcrken Deutsche werden zu wollen. Was k\u00f6nnte ich aber davon erz\u00e4hlen, ohne die Geschichte zu verraten? Das kann ich hier nicht \u2013 denn was ist eigentlich besser, wenn man sich kennenlernen m\u00f6chte, als gemeinsam zu lachen? Das Lachen entsteht aus der Situation heraus und lebt von \u00dcberraschungsmomenten, die Muhsin Omurca als Profi perfekt einzusetzen wei\u00df. Seine lange Karriere als Kabarettist, Cartoonist und Karikaturist sieht man in der Vielfalt und Qualit\u00e4t des Abends.<\/em><\/p>\n<p><em>\u201eVielen Dank f\u00fcr den sch\u00f6nen Abend, Muhsin!&#8221;<\/em>\u00a0\u00a0\u00a0\u00a0\u00a0\u00a0\u00a0\u00a0\u00a0\u00a0\u00a0\u00a0\u00a0\u00a0\u00a0\u00a0\u00a0\u00a0\u00a0\u00a0\u00a0\u00a0\u00a0\u00a0\u00a0\u00a0\u00a0\u00a0\u00a0\u00a0\u00a0\u00a0\u00a0\u00a0\u00a0\u00a0\u00a0\u00a0\u00a0\u00a0\u00a0\u00a0\u00a0\u00a0\u00a0\u00a0\u00a0\u00a0\u00a0\u00a0\u00a0\u00a0\u00a0\u00a0\u00a0\u00a0\u00a0\u00a0\u00a0\u00a0\u00a0\u00a0\u00a0\u00a0\u00a0\u00a0\u00a0\u00a0\u00a0\u00a0\u00a0\u00a0\u00a0\u00a0\u00a0\u00a0\u00a0\u00a0\u00a0\u00a0\u00a0\u00a0\u00a0\u00a0\u00a0\u00a0\u00a0\u00a0\u00a0\u00a0\u00a0\u00a0\u00a0\u00a0\u00a0\u00a0\u00a0\u00a0\u00a0\u00a0\u00a0\u00a0\u00a0\u00a0\u00a0\u00a0\u00a0\u00a0\u00a0\u00a0\u00a0\u00a0\u00a0\u00a0\u00a0\u00a0\u00a0\u00a0\u00a0\u00a0\u00a0\u00a0\u00a0\u00a0\u00a0\u00a0\u00a0\u00a0\u00a0\u00a0\u00a0\u00a0\u00a0\u00a0\u00a0\u00a0\u00a0\u00a0\u00a0 (Teatteriklubi Joensuu, 14.11.2017, Johanna Albert)<\/p>\n<p><a href=\"https:\/\/www.ssyl.fi\/content\/uploads\/2017\/11\/Muhsin-Turku-2.jpg\"><img loading=\"lazy\" decoding=\"async\" title=\"Muhsin Turku 2\" src=\"https:\/\/www.ssyl.fi\/content\/uploads\/2017\/11\/Muhsin-Turku-2-300x225.jpg\" alt=\"\" width=\"300\" height=\"225\" \/><\/a><\/p>\n<p><em>\u201eIm stimmungsvollen Restaurantschiff Majland in Turku trat am 15.11. der deutsch-t\u00fcrkische Cartoon-Kabarettist Muhsin Omurca auf. Knapp 100 G\u00e4ste waren trotz str\u00f6mendem Regen gekommen: Vereinsmitglieder, Freunde, Studenten und Mitglieder unseres Fussballprojektes Turbine Turku, die an diesem Abend auch ihr neues Trikot vorstellten. Muhsin Omurca hat Aller Lachmuskeln kr\u00e4ftig strapaziert mit seinen treffenden und lustigen Beobachtungen \u00fcber die Deutschen und ihre Vorlieben sowie die T\u00fccken der Deutschen Sprache.&#8221;<\/em><\/p>\n<p><em>\u201eEin sehr gelungener Abend \u00a0&#8211; Dankesch\u00f6n!&#8221;<\/em>\u00a0\u00a0\u00a0\u00a0\u00a0\u00a0\u00a0\u00a0\u00a0\u00a0\u00a0\u00a0\u00a0\u00a0\u00a0\u00a0\u00a0\u00a0\u00a0\u00a0\u00a0\u00a0\u00a0\u00a0\u00a0\u00a0\u00a0\u00a0\u00a0\u00a0\u00a0\u00a0\u00a0\u00a0\u00a0\u00a0\u00a0\u00a0\u00a0\u00a0\u00a0\u00a0\u00a0\u00a0\u00a0\u00a0\u00a0\u00a0\u00a0\u00a0\u00a0\u00a0\u00a0\u00a0\u00a0\u00a0\u00a0\u00a0\u00a0\u00a0\u00a0\u00a0\u00a0\u00a0\u00a0\u00a0\u00a0\u00a0\u00a0\u00a0\u00a0\u00a0\u00a0\u00a0\u00a0\u00a0\u00a0\u00a0\u00a0\u00a0\u00a0\u00a0\u00a0\u00a0\u00a0\u00a0\u00a0\u00a0\u00a0\u00a0\u00a0\u00a0\u00a0\u00a0\u00a0\u00a0\u00a0\u00a0\u00a0\u00a0\u00a0\u00a0\u00a0\u00a0\u00a0\u00a0\u00a0\u00a0\u00a0\u00a0\u00a0\u00a0\u00a0\u00a0\u00a0\u00a0\u00a0\u00a0\u00a0\u00a0\u00a0\u00a0\u00a0\u00a0\u00a0\u00a0\u00a0\u00a0\u00a0\u00a0\u00a0\u00a0\u00a0\u00a0\u00a0\u00a0\u00a0\u00a0 (Restaurantschiff Majland Turku, 15.11.2017<em>, <\/em>SSY Turku)<\/p>\n<p>Und hier noch einige bildliche Eindr\u00fccke aus Tampere und Helsinki:<\/p>\n<p><a href=\"https:\/\/www.ssyl.fi\/content\/uploads\/2017\/11\/Muhsin-Tampere-4-pieni.jpg\"><img loading=\"lazy\" decoding=\"async\" title=\"Muhsin Tampere 4 pieni\" src=\"https:\/\/www.ssyl.fi\/content\/uploads\/2017\/11\/Muhsin-Tampere-4-pieni-300x225.jpg\" alt=\"\" width=\"300\" height=\"225\" \/><\/a><\/p>\n<p><a href=\"https:\/\/www.ssyl.fi\/content\/uploads\/2017\/11\/20171117_194626-pieni.jpg\"><img loading=\"lazy\" decoding=\"async\" title=\"20171117_194626 pieni\" src=\"https:\/\/www.ssyl.fi\/content\/uploads\/2017\/11\/20171117_194626-pieni-300x168.jpg\" alt=\"\" width=\"300\" height=\"168\" \/><\/a><\/p>\n<p><a href=\"https:\/\/www.ssyl.fi\/content\/uploads\/2017\/11\/IMG_0248.jpg\"><img loading=\"lazy\" decoding=\"async\" title=\"IMG_0248\" src=\"https:\/\/www.ssyl.fi\/content\/uploads\/2017\/11\/IMG_0248-300x225.jpg\" alt=\"\" width=\"300\" height=\"225\" \/><\/a><\/p>\n<p>Die Tournee von Muhsin Omurca wurde von dem Verband der Finnisch-Deutschen Vereine in Zusammenarbeit mit den Vereinen und mit freundlicher Unterst\u00fczung der Aue-Stiftung organisiert.<!--:--><!--:de-->Muhsin Omurca auf Finnland-Tournee &#8211; ein voller Erfolg!<\/p>\n<p>Gemeinsam mit den Mitgliedsvereinen hat der Verband der finnisch-deutsche Vereine den deutscht\u00fcrkischen Kabarettisten Muhsin Omurca f\u00fcr den Herbst 2017 auf Finnland-Tournee eingeladen. Muhsin besuchte letzte Woche auf seiner Tournee Joensuu (14.11.), Turku (15.11.), Tampere (16.11.) und Helsinki (17.11.) und begeisterte das Publikum. Die Finnland-Tournee von Muhsin Omurca wurde von der Aue-Stiftung unterst\u00fctzt.<\/p>\n<p>Hier einige Eindr\u00fccke aus Joensuu und Turku:<\/p>\n<p><a href=\"https:\/\/www.ssyl.fi\/content\/uploads\/2017\/11\/Joensuu-2.jpg\"><img loading=\"lazy\" decoding=\"async\" class=\"alignleft size-medium wp-image-4046\" title=\"Joensuu 2\" src=\"https:\/\/www.ssyl.fi\/content\/uploads\/2017\/11\/Joensuu-2-300x225.jpg\" alt=\"\" width=\"300\" height=\"225\" \/><\/a><\/p>\n<p><em>\u201eDer Finnisch-Deutsche Verein Joensuu hat zusammen mit dem SSYL Muhsin Omurca nach Joensuu eingeladen. Der Abend wurde toll \u2013 der Raum war voll, und der Kabarettist hat uns verbal und mit Cartoons in die verzwickte Welt der Integration eingef\u00fchrt. Wir haben an der eigenen Haut erfahren, wie es ist, als T\u00fcrken Deutsche werden zu wollen. Was k\u00f6nnte ich aber davon erz\u00e4hlen, ohne die Geschichte zu verraten? Das kann ich hier nicht \u2013 denn was ist eigentlich besser, wenn man sich kennenlernen m\u00f6chte, als gemeinsam zu lachen? Das Lachen entsteht aus der Situation heraus und lebt von \u00dcberraschungsmomenten, die Muhsin Omurca als Profi perfekt einzusetzen wei\u00df. Seine lange Karriere als Kabarettist, Cartoonist und Karikaturist sieht man in der Vielfalt und Qualit\u00e4t des Abends.<\/em><\/p>\n<p><em>\u201eVielen Dank f\u00fcr den sch\u00f6nen Abend, Muhsin!&#8221;\u00a0\u00a0\u00a0\u00a0\u00a0\u00a0\u00a0\u00a0\u00a0\u00a0\u00a0\u00a0\u00a0\u00a0\u00a0\u00a0\u00a0\u00a0\u00a0\u00a0\u00a0\u00a0\u00a0\u00a0\u00a0\u00a0\u00a0\u00a0\u00a0\u00a0\u00a0\u00a0\u00a0\u00a0\u00a0\u00a0\u00a0\u00a0\u00a0\u00a0\u00a0\u00a0\u00a0\u00a0\u00a0\u00a0\u00a0\u00a0\u00a0\u00a0\u00a0\u00a0\u00a0\u00a0\u00a0\u00a0\u00a0\u00a0\u00a0\u00a0\u00a0\u00a0\u00a0\u00a0\u00a0\u00a0\u00a0\u00a0\u00a0\u00a0\u00a0\u00a0\u00a0\u00a0\u00a0\u00a0\u00a0\u00a0\u00a0\u00a0\u00a0\u00a0\u00a0\u00a0\u00a0\u00a0\u00a0\u00a0\u00a0\u00a0\u00a0\u00a0\u00a0\u00a0\u00a0\u00a0\u00a0\u00a0\u00a0\u00a0\u00a0\u00a0\u00a0\u00a0\u00a0\u00a0\u00a0\u00a0\u00a0\u00a0\u00a0\u00a0\u00a0\u00a0\u00a0\u00a0\u00a0\u00a0\u00a0\u00a0\u00a0\u00a0\u00a0\u00a0\u00a0\u00a0\u00a0\u00a0\u00a0\u00a0\u00a0\u00a0\u00a0\u00a0\u00a0\u00a0\u00a0\u00a0 <\/em>(Teatteriklubi Joensuu, 14.11.2017, Johanna Albert)<\/p>\n<p><a href=\"https:\/\/www.ssyl.fi\/content\/uploads\/2017\/11\/Muhsin-Turku-2.jpg\"><img loading=\"lazy\" decoding=\"async\" class=\"alignleft size-medium wp-image-4047\" title=\"Muhsin Turku 2\" src=\"https:\/\/www.ssyl.fi\/content\/uploads\/2017\/11\/Muhsin-Turku-2-300x225.jpg\" alt=\"\" width=\"300\" height=\"225\" \/><\/a><\/p>\n<p><em>\u00a0\u00a0\u00a0\u00a0\u00a0\u00a0\u00a0\u00a0\u00a0\u00a0\u00a0\u00a0\u00a0\u00a0\u00a0\u00a0\u00a0\u00a0\u00a0\u00a0\u00a0\u00a0\u00a0\u00a0\u00a0\u00a0\u00a0\u00a0\u00a0\u00a0\u00a0\u00a0\u00a0\u00a0\u00a0\u00a0\u00a0\u00a0\u00a0\u00a0\u00a0\u00a0\u00a0\u00a0\u00a0\u00a0\u00a0\u00a0\u00a0\u00a0\u00a0\u00a0\u00a0\u00a0\u00a0\u00a0\u00a0\u00a0\u00a0\u00a0\u00a0\u00a0\u00a0\u00a0\u00a0\u00a0\u00a0\u00a0\u00a0\u00a0\u00a0\u00a0\u00a0\u00a0\u00a0\u00a0\u00a0\u00a0\u00a0\u00a0\u00a0\u00a0\u00a0\u00a0\u00a0\u00a0\u00a0\u00a0\u00a0\u00a0\u00a0\u00a0\u00a0\u00a0\u00a0\u00a0\u00a0\u00a0\u00a0\u00a0\u00a0\u00a0\u00a0\u00a0\u00a0\u00a0\u00a0\u00a0\u00a0\u00a0\u00a0\u00a0\u00a0\u00a0\u00a0\u00a0\u00a0\u00a0\u00a0\u00a0\u00a0\u00a0\u00a0\u00a0\u00a0\u00a0\u00a0\u00a0\u00a0\u00a0\u00a0\u00a0\u00a0\u00a0\u00a0\u00a0\u00a0\u00a0\u00a0\u00a0\u00a0 <\/em><\/p>\n<p><em>\u201eIm stimmungsvollen Restaurantschiff Majland in Turku trat am 15.11. der deutsch-t\u00fcrkische Cartoon-Kabarettist Muhsin Omurca auf. Knapp 100 G\u00e4ste waren trotz str\u00f6mendem Regen gekommen: Vereinsmitglieder, Freunde, Studenten und Mitglieder unseres Fussballprojektes Turbine Turku, die an diesem Abend auch ihr neues Trikot vorstellten. Muhsin Omurca hat Aller Lachmuskeln kr\u00e4ftig strapaziert mit seinen treffenden und lustigen Beobachtungen \u00fcber die Deutschen und ihre Vorlieben sowie die T\u00fccken der Deutschen Sprache.&#8221;<\/em><\/p>\n<p><em>\u201eEin sehr gelungener Abend \u00a0&#8211; Dankesch\u00f6n!&#8221;<\/em>\u00a0\u00a0\u00a0\u00a0\u00a0\u00a0\u00a0\u00a0\u00a0\u00a0\u00a0\u00a0\u00a0\u00a0\u00a0\u00a0\u00a0\u00a0\u00a0\u00a0\u00a0\u00a0\u00a0\u00a0\u00a0\u00a0\u00a0\u00a0\u00a0\u00a0\u00a0\u00a0\u00a0\u00a0\u00a0\u00a0\u00a0\u00a0\u00a0\u00a0\u00a0\u00a0\u00a0\u00a0\u00a0\u00a0\u00a0\u00a0\u00a0\u00a0\u00a0\u00a0\u00a0\u00a0\u00a0\u00a0\u00a0\u00a0\u00a0\u00a0\u00a0\u00a0\u00a0\u00a0\u00a0\u00a0\u00a0\u00a0\u00a0\u00a0\u00a0\u00a0\u00a0\u00a0\u00a0\u00a0\u00a0\u00a0\u00a0\u00a0\u00a0\u00a0\u00a0\u00a0\u00a0\u00a0\u00a0\u00a0\u00a0\u00a0\u00a0\u00a0\u00a0\u00a0\u00a0\u00a0\u00a0\u00a0\u00a0\u00a0\u00a0\u00a0\u00a0\u00a0\u00a0\u00a0\u00a0\u00a0\u00a0\u00a0\u00a0\u00a0\u00a0\u00a0\u00a0\u00a0\u00a0\u00a0\u00a0\u00a0\u00a0\u00a0\u00a0\u00a0\u00a0\u00a0\u00a0\u00a0\u00a0\u00a0\u00a0\u00a0\u00a0\u00a0\u00a0\u00a0\u00a0\u00a0\u00a0 (Restaurantschiff Majland Turku, 15.11.2017<em>, <\/em>SSY Turku)<\/p>\n<p>Und hier noch einige bildliche Eindr\u00fccke aus Tampere und Helsinki:<\/p>\n<p><a href=\"https:\/\/www.ssyl.fi\/content\/uploads\/2017\/11\/Muhsin-Tampere-4-pieni.jpg\"><img loading=\"lazy\" decoding=\"async\" title=\"Muhsin Tampere 4 pieni\" src=\"https:\/\/www.ssyl.fi\/content\/uploads\/2017\/11\/Muhsin-Tampere-4-pieni-300x225.jpg\" alt=\"\" width=\"300\" height=\"225\" \/><\/a><\/p>\n<p><a href=\"https:\/\/www.ssyl.fi\/content\/uploads\/2017\/11\/20171117_194626-pieni.jpg\"><img loading=\"lazy\" decoding=\"async\" title=\"20171117_194626 pieni\" src=\"https:\/\/www.ssyl.fi\/content\/uploads\/2017\/11\/20171117_194626-pieni-300x168.jpg\" alt=\"\" width=\"300\" height=\"168\" \/><\/a><\/p>\n<p><a href=\"https:\/\/www.ssyl.fi\/content\/uploads\/2017\/11\/IMG_0248.jpg\"><img loading=\"lazy\" decoding=\"async\" title=\"IMG_0248\" src=\"https:\/\/www.ssyl.fi\/content\/uploads\/2017\/11\/IMG_0248-300x225.jpg\" alt=\"\" width=\"300\" height=\"225\" \/><\/a><\/p>\n<p>Die Tournee von Muhsin Omurca wurde von dem Verband der Finnisch-Deutschen Vereine in Zusammenarbeit mit den Vereinen und mit freundlicher Unterst\u00fczung der Aue-Stiftung organisiert.<!--:--><\/p>\n","protected":false},"excerpt":{"rendered":"<p>Muhsin Omurca auf Finnland-Tournee &#8211; ein voller Erfolg! Gemeinsam mit den Mitgliedsvereinen hat der Verband der finnisch-deutschen Vereine den deutscht\u00fcrkischen Kabarettisten Muhsin Omurca f\u00fcr den Herbst 2017 auf Finnland-Tournee eingeladen. Muhsin besuchte letzte Woche auf seiner Tournee Joensuu (14.11.), Turku (15.11.), Tampere (16.11.) und Helsinki (17.11.) und begeisterte das Publikum. Die Finnland-Tournee von Muhsin Omurca [&hellip;]<\/p>\n","protected":false},"author":1,"featured_media":0,"comment_status":"closed","ping_status":"closed","sticky":false,"template":"","format":"standard","meta":{"footnotes":""},"categories":[14],"tags":[],"class_list":["post-4045","post","type-post","status-publish","format-standard","hentry","category-aktuelles"],"yoast_head":"<!-- This site is optimized with the Yoast SEO plugin v27.3 - https:\/\/yoast.com\/product\/yoast-seo-wordpress\/ -->\n<title>Muhsin Omurca begeistert auf Finnland-Tournee - Suomi-Saksa Yhdistysten Liitto ry<\/title>\n<meta name=\"robots\" content=\"index, follow, max-snippet:-1, max-image-preview:large, max-video-preview:-1\" \/>\n<link rel=\"canonical\" href=\"https:\/\/www.ssyl.fi\/de\/aktuelles\/de-muhsin-omurca-begeistert-auf-finnland-tournee\/\" \/>\n<meta property=\"og:locale\" content=\"de_DE\" \/>\n<meta property=\"og:type\" content=\"article\" \/>\n<meta property=\"og:title\" content=\"Muhsin Omurca begeistert auf Finnland-Tournee - Suomi-Saksa Yhdistysten Liitto ry\" \/>\n<meta property=\"og:description\" content=\"Muhsin Omurca auf Finnland-Tournee &#8211; ein voller Erfolg! Gemeinsam mit den Mitgliedsvereinen hat der Verband der finnisch-deutschen Vereine den deutscht\u00fcrkischen Kabarettisten Muhsin Omurca f\u00fcr den Herbst 2017 auf Finnland-Tournee eingeladen. Muhsin besuchte letzte Woche auf seiner Tournee Joensuu (14.11.), Turku (15.11.), Tampere (16.11.) und Helsinki (17.11.) und begeisterte das Publikum. Die Finnland-Tournee von Muhsin Omurca [&hellip;]\" \/>\n<meta property=\"og:url\" content=\"https:\/\/www.ssyl.fi\/de\/aktuelles\/de-muhsin-omurca-begeistert-auf-finnland-tournee\/\" \/>\n<meta property=\"og:site_name\" content=\"Suomi-Saksa Yhdistysten Liitto ry\" \/>\n<meta property=\"article:publisher\" content=\"http:\/\/www.facebook.com\/ssyl.fi\" \/>\n<meta property=\"article:published_time\" content=\"2017-11-20T10:08:27+00:00\" \/>\n<meta property=\"article:modified_time\" content=\"2019-09-27T08:33:54+00:00\" \/>\n<meta property=\"og:image\" content=\"https:\/\/www.ssyl.fi\/content\/uploads\/2017\/11\/Joensuu-2-300x225.jpg\" \/>\n<meta name=\"author\" content=\"su\" \/>\n<meta name=\"twitter:card\" content=\"summary_large_image\" \/>\n<meta name=\"twitter:label1\" content=\"Written by\" \/>\n\t<meta name=\"twitter:data1\" content=\"su\" \/>\n\t<meta name=\"twitter:label2\" content=\"Est. reading time\" \/>\n\t<meta name=\"twitter:data2\" content=\"3 minutes\" \/>\n<script type=\"application\/ld+json\" class=\"yoast-schema-graph\">{\"@context\":\"https:\\\/\\\/schema.org\",\"@graph\":[{\"@type\":\"Article\",\"@id\":\"https:\\\/\\\/www.ssyl.fi\\\/de\\\/aktuelles\\\/de-muhsin-omurca-begeistert-auf-finnland-tournee\\\/#article\",\"isPartOf\":{\"@id\":\"https:\\\/\\\/www.ssyl.fi\\\/de\\\/aktuelles\\\/de-muhsin-omurca-begeistert-auf-finnland-tournee\\\/\"},\"author\":{\"name\":\"su\",\"@id\":\"https:\\\/\\\/www.ssyl.fi\\\/de\\\/#\\\/schema\\\/person\\\/bca1dcebb660e436912037dec6c0af97\"},\"headline\":\"Muhsin Omurca begeistert auf Finnland-Tournee\",\"datePublished\":\"2017-11-20T10:08:27+00:00\",\"dateModified\":\"2019-09-27T08:33:54+00:00\",\"mainEntityOfPage\":{\"@id\":\"https:\\\/\\\/www.ssyl.fi\\\/de\\\/aktuelles\\\/de-muhsin-omurca-begeistert-auf-finnland-tournee\\\/\"},\"wordCount\":649,\"image\":{\"@id\":\"https:\\\/\\\/www.ssyl.fi\\\/de\\\/aktuelles\\\/de-muhsin-omurca-begeistert-auf-finnland-tournee\\\/#primaryimage\"},\"thumbnailUrl\":\"https:\\\/\\\/www.ssyl.fi\\\/content\\\/uploads\\\/2017\\\/11\\\/Joensuu-2-300x225.jpg\",\"articleSection\":[\"Aktuelles\"],\"inLanguage\":\"de-DE\"},{\"@type\":\"WebPage\",\"@id\":\"https:\\\/\\\/www.ssyl.fi\\\/de\\\/aktuelles\\\/de-muhsin-omurca-begeistert-auf-finnland-tournee\\\/\",\"url\":\"https:\\\/\\\/www.ssyl.fi\\\/de\\\/aktuelles\\\/de-muhsin-omurca-begeistert-auf-finnland-tournee\\\/\",\"name\":\"Muhsin Omurca begeistert auf Finnland-Tournee - Suomi-Saksa Yhdistysten Liitto ry\",\"isPartOf\":{\"@id\":\"https:\\\/\\\/www.ssyl.fi\\\/de\\\/#website\"},\"primaryImageOfPage\":{\"@id\":\"https:\\\/\\\/www.ssyl.fi\\\/de\\\/aktuelles\\\/de-muhsin-omurca-begeistert-auf-finnland-tournee\\\/#primaryimage\"},\"image\":{\"@id\":\"https:\\\/\\\/www.ssyl.fi\\\/de\\\/aktuelles\\\/de-muhsin-omurca-begeistert-auf-finnland-tournee\\\/#primaryimage\"},\"thumbnailUrl\":\"https:\\\/\\\/www.ssyl.fi\\\/content\\\/uploads\\\/2017\\\/11\\\/Joensuu-2-300x225.jpg\",\"datePublished\":\"2017-11-20T10:08:27+00:00\",\"dateModified\":\"2019-09-27T08:33:54+00:00\",\"author\":{\"@id\":\"https:\\\/\\\/www.ssyl.fi\\\/de\\\/#\\\/schema\\\/person\\\/bca1dcebb660e436912037dec6c0af97\"},\"breadcrumb\":{\"@id\":\"https:\\\/\\\/www.ssyl.fi\\\/de\\\/aktuelles\\\/de-muhsin-omurca-begeistert-auf-finnland-tournee\\\/#breadcrumb\"},\"inLanguage\":\"de-DE\",\"potentialAction\":[{\"@type\":\"ReadAction\",\"target\":[\"https:\\\/\\\/www.ssyl.fi\\\/de\\\/aktuelles\\\/de-muhsin-omurca-begeistert-auf-finnland-tournee\\\/\"]}]},{\"@type\":\"ImageObject\",\"inLanguage\":\"de-DE\",\"@id\":\"https:\\\/\\\/www.ssyl.fi\\\/de\\\/aktuelles\\\/de-muhsin-omurca-begeistert-auf-finnland-tournee\\\/#primaryimage\",\"url\":\"https:\\\/\\\/www.ssyl.fi\\\/content\\\/uploads\\\/2017\\\/11\\\/Joensuu-2-300x225.jpg\",\"contentUrl\":\"https:\\\/\\\/www.ssyl.fi\\\/content\\\/uploads\\\/2017\\\/11\\\/Joensuu-2-300x225.jpg\"},{\"@type\":\"BreadcrumbList\",\"@id\":\"https:\\\/\\\/www.ssyl.fi\\\/de\\\/aktuelles\\\/de-muhsin-omurca-begeistert-auf-finnland-tournee\\\/#breadcrumb\",\"itemListElement\":[{\"@type\":\"ListItem\",\"position\":1,\"name\":\"Home\",\"item\":\"https:\\\/\\\/www.ssyl.fi\\\/de\\\/\"},{\"@type\":\"ListItem\",\"position\":2,\"name\":\"Muhsin Omurca begeistert auf Finnland-Tournee\"}]},{\"@type\":\"WebSite\",\"@id\":\"https:\\\/\\\/www.ssyl.fi\\\/de\\\/#website\",\"url\":\"https:\\\/\\\/www.ssyl.fi\\\/de\\\/\",\"name\":\"Suomi-Saksa Yhdistysten Liitto ry\",\"description\":\"\",\"potentialAction\":[{\"@type\":\"SearchAction\",\"target\":{\"@type\":\"EntryPoint\",\"urlTemplate\":\"https:\\\/\\\/www.ssyl.fi\\\/de\\\/?s={search_term_string}\"},\"query-input\":{\"@type\":\"PropertyValueSpecification\",\"valueRequired\":true,\"valueName\":\"search_term_string\"}}],\"inLanguage\":\"de-DE\"},{\"@type\":\"Person\",\"@id\":\"https:\\\/\\\/www.ssyl.fi\\\/de\\\/#\\\/schema\\\/person\\\/bca1dcebb660e436912037dec6c0af97\",\"name\":\"su\",\"image\":{\"@type\":\"ImageObject\",\"inLanguage\":\"de-DE\",\"@id\":\"https:\\\/\\\/secure.gravatar.com\\\/avatar\\\/9b55bc1571b94e7d820a0d2181aad3ff43a88ed36fcd149690e9b3b58274f822?s=96&d=mm&r=g\",\"url\":\"https:\\\/\\\/secure.gravatar.com\\\/avatar\\\/9b55bc1571b94e7d820a0d2181aad3ff43a88ed36fcd149690e9b3b58274f822?s=96&d=mm&r=g\",\"contentUrl\":\"https:\\\/\\\/secure.gravatar.com\\\/avatar\\\/9b55bc1571b94e7d820a0d2181aad3ff43a88ed36fcd149690e9b3b58274f822?s=96&d=mm&r=g\",\"caption\":\"su\"},\"url\":\"https:\\\/\\\/www.ssyl.fi\\\/de\\\/author\\\/su\\\/\"}]}<\/script>\n<!-- \/ Yoast SEO plugin. -->","yoast_head_json":{"title":"Muhsin Omurca begeistert auf Finnland-Tournee - Suomi-Saksa Yhdistysten Liitto ry","robots":{"index":"index","follow":"follow","max-snippet":"max-snippet:-1","max-image-preview":"max-image-preview:large","max-video-preview":"max-video-preview:-1"},"canonical":"https:\/\/www.ssyl.fi\/de\/aktuelles\/de-muhsin-omurca-begeistert-auf-finnland-tournee\/","og_locale":"de_DE","og_type":"article","og_title":"Muhsin Omurca begeistert auf Finnland-Tournee - Suomi-Saksa Yhdistysten Liitto ry","og_description":"Muhsin Omurca auf Finnland-Tournee &#8211; ein voller Erfolg! Gemeinsam mit den Mitgliedsvereinen hat der Verband der finnisch-deutschen Vereine den deutscht\u00fcrkischen Kabarettisten Muhsin Omurca f\u00fcr den Herbst 2017 auf Finnland-Tournee eingeladen. Muhsin besuchte letzte Woche auf seiner Tournee Joensuu (14.11.), Turku (15.11.), Tampere (16.11.) und Helsinki (17.11.) und begeisterte das Publikum. Die Finnland-Tournee von Muhsin Omurca [&hellip;]","og_url":"https:\/\/www.ssyl.fi\/de\/aktuelles\/de-muhsin-omurca-begeistert-auf-finnland-tournee\/","og_site_name":"Suomi-Saksa Yhdistysten Liitto ry","article_publisher":"http:\/\/www.facebook.com\/ssyl.fi","article_published_time":"2017-11-20T10:08:27+00:00","article_modified_time":"2019-09-27T08:33:54+00:00","og_image":[{"url":"https:\/\/www.ssyl.fi\/content\/uploads\/2017\/11\/Joensuu-2-300x225.jpg","type":"","width":"","height":""}],"author":"su","twitter_card":"summary_large_image","twitter_misc":{"Written by":"su","Est. reading time":"3 minutes"},"schema":{"@context":"https:\/\/schema.org","@graph":[{"@type":"Article","@id":"https:\/\/www.ssyl.fi\/de\/aktuelles\/de-muhsin-omurca-begeistert-auf-finnland-tournee\/#article","isPartOf":{"@id":"https:\/\/www.ssyl.fi\/de\/aktuelles\/de-muhsin-omurca-begeistert-auf-finnland-tournee\/"},"author":{"name":"su","@id":"https:\/\/www.ssyl.fi\/de\/#\/schema\/person\/bca1dcebb660e436912037dec6c0af97"},"headline":"Muhsin Omurca begeistert auf Finnland-Tournee","datePublished":"2017-11-20T10:08:27+00:00","dateModified":"2019-09-27T08:33:54+00:00","mainEntityOfPage":{"@id":"https:\/\/www.ssyl.fi\/de\/aktuelles\/de-muhsin-omurca-begeistert-auf-finnland-tournee\/"},"wordCount":649,"image":{"@id":"https:\/\/www.ssyl.fi\/de\/aktuelles\/de-muhsin-omurca-begeistert-auf-finnland-tournee\/#primaryimage"},"thumbnailUrl":"https:\/\/www.ssyl.fi\/content\/uploads\/2017\/11\/Joensuu-2-300x225.jpg","articleSection":["Aktuelles"],"inLanguage":"de-DE"},{"@type":"WebPage","@id":"https:\/\/www.ssyl.fi\/de\/aktuelles\/de-muhsin-omurca-begeistert-auf-finnland-tournee\/","url":"https:\/\/www.ssyl.fi\/de\/aktuelles\/de-muhsin-omurca-begeistert-auf-finnland-tournee\/","name":"Muhsin Omurca begeistert auf Finnland-Tournee - Suomi-Saksa Yhdistysten Liitto ry","isPartOf":{"@id":"https:\/\/www.ssyl.fi\/de\/#website"},"primaryImageOfPage":{"@id":"https:\/\/www.ssyl.fi\/de\/aktuelles\/de-muhsin-omurca-begeistert-auf-finnland-tournee\/#primaryimage"},"image":{"@id":"https:\/\/www.ssyl.fi\/de\/aktuelles\/de-muhsin-omurca-begeistert-auf-finnland-tournee\/#primaryimage"},"thumbnailUrl":"https:\/\/www.ssyl.fi\/content\/uploads\/2017\/11\/Joensuu-2-300x225.jpg","datePublished":"2017-11-20T10:08:27+00:00","dateModified":"2019-09-27T08:33:54+00:00","author":{"@id":"https:\/\/www.ssyl.fi\/de\/#\/schema\/person\/bca1dcebb660e436912037dec6c0af97"},"breadcrumb":{"@id":"https:\/\/www.ssyl.fi\/de\/aktuelles\/de-muhsin-omurca-begeistert-auf-finnland-tournee\/#breadcrumb"},"inLanguage":"de-DE","potentialAction":[{"@type":"ReadAction","target":["https:\/\/www.ssyl.fi\/de\/aktuelles\/de-muhsin-omurca-begeistert-auf-finnland-tournee\/"]}]},{"@type":"ImageObject","inLanguage":"de-DE","@id":"https:\/\/www.ssyl.fi\/de\/aktuelles\/de-muhsin-omurca-begeistert-auf-finnland-tournee\/#primaryimage","url":"https:\/\/www.ssyl.fi\/content\/uploads\/2017\/11\/Joensuu-2-300x225.jpg","contentUrl":"https:\/\/www.ssyl.fi\/content\/uploads\/2017\/11\/Joensuu-2-300x225.jpg"},{"@type":"BreadcrumbList","@id":"https:\/\/www.ssyl.fi\/de\/aktuelles\/de-muhsin-omurca-begeistert-auf-finnland-tournee\/#breadcrumb","itemListElement":[{"@type":"ListItem","position":1,"name":"Home","item":"https:\/\/www.ssyl.fi\/de\/"},{"@type":"ListItem","position":2,"name":"Muhsin Omurca begeistert auf Finnland-Tournee"}]},{"@type":"WebSite","@id":"https:\/\/www.ssyl.fi\/de\/#website","url":"https:\/\/www.ssyl.fi\/de\/","name":"Suomi-Saksa Yhdistysten Liitto ry","description":"","potentialAction":[{"@type":"SearchAction","target":{"@type":"EntryPoint","urlTemplate":"https:\/\/www.ssyl.fi\/de\/?s={search_term_string}"},"query-input":{"@type":"PropertyValueSpecification","valueRequired":true,"valueName":"search_term_string"}}],"inLanguage":"de-DE"},{"@type":"Person","@id":"https:\/\/www.ssyl.fi\/de\/#\/schema\/person\/bca1dcebb660e436912037dec6c0af97","name":"su","image":{"@type":"ImageObject","inLanguage":"de-DE","@id":"https:\/\/secure.gravatar.com\/avatar\/9b55bc1571b94e7d820a0d2181aad3ff43a88ed36fcd149690e9b3b58274f822?s=96&d=mm&r=g","url":"https:\/\/secure.gravatar.com\/avatar\/9b55bc1571b94e7d820a0d2181aad3ff43a88ed36fcd149690e9b3b58274f822?s=96&d=mm&r=g","contentUrl":"https:\/\/secure.gravatar.com\/avatar\/9b55bc1571b94e7d820a0d2181aad3ff43a88ed36fcd149690e9b3b58274f822?s=96&d=mm&r=g","caption":"su"},"url":"https:\/\/www.ssyl.fi\/de\/author\/su\/"}]}},"_links":{"self":[{"href":"https:\/\/www.ssyl.fi\/de\/wp-json\/wp\/v2\/posts\/4045","targetHints":{"allow":["GET"]}}],"collection":[{"href":"https:\/\/www.ssyl.fi\/de\/wp-json\/wp\/v2\/posts"}],"about":[{"href":"https:\/\/www.ssyl.fi\/de\/wp-json\/wp\/v2\/types\/post"}],"author":[{"embeddable":true,"href":"https:\/\/www.ssyl.fi\/de\/wp-json\/wp\/v2\/users\/1"}],"replies":[{"embeddable":true,"href":"https:\/\/www.ssyl.fi\/de\/wp-json\/wp\/v2\/comments?post=4045"}],"version-history":[{"count":1,"href":"https:\/\/www.ssyl.fi\/de\/wp-json\/wp\/v2\/posts\/4045\/revisions"}],"predecessor-version":[{"id":6961,"href":"https:\/\/www.ssyl.fi\/de\/wp-json\/wp\/v2\/posts\/4045\/revisions\/6961"}],"wp:attachment":[{"href":"https:\/\/www.ssyl.fi\/de\/wp-json\/wp\/v2\/media?parent=4045"}],"wp:term":[{"taxonomy":"category","embeddable":true,"href":"https:\/\/www.ssyl.fi\/de\/wp-json\/wp\/v2\/categories?post=4045"},{"taxonomy":"post_tag","embeddable":true,"href":"https:\/\/www.ssyl.fi\/de\/wp-json\/wp\/v2\/tags?post=4045"}],"curies":[{"name":"wp","href":"https:\/\/api.w.org\/{rel}","templated":true}]}}