{"id":4293,"date":"2018-02-08T08:00:15","date_gmt":"2018-02-08T06:00:15","guid":{"rendered":"https:\/\/www.ssyl.fi\/?p=4293"},"modified":"2019-09-27T11:45:55","modified_gmt":"2019-09-27T08:45:55","slug":"valokuvakilpailu-saksalainen-turkurovaniemimikkeli","status":"publish","type":"post","link":"https:\/\/www.ssyl.fi\/de\/aktuelles\/valokuvakilpailu-saksalainen-turkurovaniemimikkeli\/","title":{"rendered":"Fotowettbewerb  \u201eDeutsches Turku\/Rovaniemi\/Mikkeli\u201c."},"content":{"rendered":"<p><!--:fi--><strong>Valokuvakilpailu &#8220;Saksalainen Turku\/Rovaniemi\/Mikkeli&#8221;. <\/strong>Turun yhdistyksen innoittamana innostamme muitakin yhdistyksi\u00e4 aktivoimaan j\u00e4seni\u00e4\u00e4n t\u00e4n\u00e4 vuonna yhteisen valokuvakilpailun merkeiss\u00e4. Tarkoituksena on saada oman kotikaupungin saksalaisuus\/saksankielisyys vangittua kuviksi. Jos saamme tarpeeksi yhdistyksi\u00e4 mukaan, j\u00e4rjest\u00e4mme syksyll\u00e4 Helsingiss\u00e4 kaikkien yhdistysten parhaista kuvista koostuvan yhteisn\u00e4yttelyn. Ohessa Turun yhdistyksen tekem\u00e4 mainos kilpailusta, jota voi vapaasti muokata omaan k\u00e4ytt\u00f6\u00f6ns\u00e4 sopivaksi. Ilmoitattehan viel\u00e4 t\u00e4nne liiton toimistoon (info@ssyl.fi), josko rupeatte kilpailua toteuttamaan.<\/p>\n<p>Mukavia hetki\u00e4 kameran parissa!<\/p>\n<p>T\u00e4ss\u00e4 viel\u00e4 Turun yhdistyksen kilpailukutsu tiedoksenne ja mallliksi muillekin yhdistyksille:<a href=\"https:\/\/www.ssyl.fi\/content\/uploads\/2018\/02\/Fotowettbewerb-2017-18.pdf\"> Fotowettbewerb 2017-18<\/a><!--:--><!--:de--><\/p>\n<p>Macht mit beim Fotowettbewerb mit dem Thema \u201eDeutsches Turku\u201c!<\/p>\n<p>Ziel ist es, Schilder, Aufschriften usw. in eurer eigene Stadt zu fotografieren, die Deutschsprachiges enthalten (z.B. Zeitungsanzeigen,<\/p>\n<p>Stra\u00dfenschilder, Produkte, Firmennamen, mehrsprachige Schilder, Inschriften an Geb\u00e4ude, Gedenksteine usw.).<\/p>\n<p>Ihr als Verein k\u00f6nnt als Abschluss des Wettbewerbs eine Fotoausstellung organisieren. Falls sich gen\u00fcgen Vereine an dem Projekt beteiligen w\u00e4re es m\u00f6glich ende des Jahres in Helsinki eine gemeinsame Ausstellung zu pr\u00e4sentieren.<\/p>\n<p>Also raus aus dem Sessel und rein in die Stadt. Es lohnt sich!<\/p>\n<p>Wenn ihr als Verein Lust habt mitzumachen, dann meldet euch bitte noch beim Verband (info@ssyl.fi).<\/p>\n<p>Hier noch als Info die Werbung des Turkuer Vereins zu ihrem Wettbewerb.<\/p>\n<p><a href=\"https:\/\/www.ssyl.fi\/content\/uploads\/2018\/02\/Fotowettbewerb-2017-18.pdf\">Fotowettbewerb 2017-18<\/a><\/p>\n<p><!--:--><\/p>\n","protected":false},"excerpt":{"rendered":"<p>Valokuvakilpailu &#8220;Saksalainen Turku\/Rovaniemi\/Mikkeli&#8221;. Turun yhdistyksen innoittamana innostamme muitakin yhdistyksi\u00e4 aktivoimaan j\u00e4seni\u00e4\u00e4n t\u00e4n\u00e4 vuonna yhteisen valokuvakilpailun merkeiss\u00e4. Tarkoituksena on saada oman kotikaupungin saksalaisuus\/saksankielisyys vangittua kuviksi. Jos saamme tarpeeksi yhdistyksi\u00e4 mukaan, j\u00e4rjest\u00e4mme syksyll\u00e4 Helsingiss\u00e4 kaikkien yhdistysten parhaista kuvista koostuvan yhteisn\u00e4yttelyn. Ohessa Turun yhdistyksen tekem\u00e4 mainos kilpailusta, jota voi vapaasti muokata omaan k\u00e4ytt\u00f6\u00f6ns\u00e4 sopivaksi. Ilmoitattehan viel\u00e4 t\u00e4nne liiton [&hellip;]<\/p>\n","protected":false},"author":1,"featured_media":0,"comment_status":"closed","ping_status":"closed","sticky":false,"template":"","format":"standard","meta":{"footnotes":""},"categories":[14],"tags":[],"class_list":["post-4293","post","type-post","status-publish","format-standard","hentry","category-aktuelles"],"yoast_head":"<!-- This site is optimized with the Yoast SEO plugin v27.3 - https:\/\/yoast.com\/product\/yoast-seo-wordpress\/ -->\n<title>Fotowettbewerb \u201eDeutsches Turku\/Rovaniemi\/Mikkeli\u201c. - Suomi-Saksa Yhdistysten Liitto ry<\/title>\n<meta name=\"robots\" content=\"index, follow, max-snippet:-1, max-image-preview:large, max-video-preview:-1\" \/>\n<link rel=\"canonical\" href=\"https:\/\/www.ssyl.fi\/de\/aktuelles\/valokuvakilpailu-saksalainen-turkurovaniemimikkeli\/\" \/>\n<meta property=\"og:locale\" content=\"de_DE\" \/>\n<meta property=\"og:type\" content=\"article\" \/>\n<meta property=\"og:title\" content=\"Fotowettbewerb \u201eDeutsches Turku\/Rovaniemi\/Mikkeli\u201c. - Suomi-Saksa Yhdistysten Liitto ry\" \/>\n<meta property=\"og:description\" content=\"Valokuvakilpailu &#8220;Saksalainen Turku\/Rovaniemi\/Mikkeli&#8221;. Turun yhdistyksen innoittamana innostamme muitakin yhdistyksi\u00e4 aktivoimaan j\u00e4seni\u00e4\u00e4n t\u00e4n\u00e4 vuonna yhteisen valokuvakilpailun merkeiss\u00e4. Tarkoituksena on saada oman kotikaupungin saksalaisuus\/saksankielisyys vangittua kuviksi. Jos saamme tarpeeksi yhdistyksi\u00e4 mukaan, j\u00e4rjest\u00e4mme syksyll\u00e4 Helsingiss\u00e4 kaikkien yhdistysten parhaista kuvista koostuvan yhteisn\u00e4yttelyn. Ohessa Turun yhdistyksen tekem\u00e4 mainos kilpailusta, jota voi vapaasti muokata omaan k\u00e4ytt\u00f6\u00f6ns\u00e4 sopivaksi. Ilmoitattehan viel\u00e4 t\u00e4nne liiton [&hellip;]\" \/>\n<meta property=\"og:url\" content=\"https:\/\/www.ssyl.fi\/de\/aktuelles\/valokuvakilpailu-saksalainen-turkurovaniemimikkeli\/\" \/>\n<meta property=\"og:site_name\" content=\"Suomi-Saksa Yhdistysten Liitto ry\" \/>\n<meta property=\"article:publisher\" content=\"http:\/\/www.facebook.com\/ssyl.fi\" \/>\n<meta property=\"article:published_time\" content=\"2018-02-08T06:00:15+00:00\" \/>\n<meta property=\"article:modified_time\" content=\"2019-09-27T08:45:55+00:00\" \/>\n<meta property=\"og:image\" content=\"https:\/\/www.ssyl.fi\/content\/uploads\/2019\/10\/some-jako_FB_1200x630px.jpg\" \/>\n\t<meta property=\"og:image:width\" content=\"1200\" \/>\n\t<meta property=\"og:image:height\" content=\"630\" \/>\n\t<meta property=\"og:image:type\" content=\"image\/jpeg\" \/>\n<meta name=\"author\" content=\"su\" \/>\n<meta name=\"twitter:card\" content=\"summary_large_image\" \/>\n<meta name=\"twitter:label1\" content=\"Written by\" \/>\n\t<meta name=\"twitter:data1\" content=\"su\" \/>\n\t<meta name=\"twitter:label2\" content=\"Est. reading time\" \/>\n\t<meta name=\"twitter:data2\" content=\"1 minute\" \/>\n<script type=\"application\/ld+json\" class=\"yoast-schema-graph\">{\"@context\":\"https:\\\/\\\/schema.org\",\"@graph\":[{\"@type\":\"Article\",\"@id\":\"https:\\\/\\\/www.ssyl.fi\\\/de\\\/aktuelles\\\/valokuvakilpailu-saksalainen-turkurovaniemimikkeli\\\/#article\",\"isPartOf\":{\"@id\":\"https:\\\/\\\/www.ssyl.fi\\\/de\\\/aktuelles\\\/valokuvakilpailu-saksalainen-turkurovaniemimikkeli\\\/\"},\"author\":{\"name\":\"su\",\"@id\":\"https:\\\/\\\/www.ssyl.fi\\\/de\\\/#\\\/schema\\\/person\\\/bca1dcebb660e436912037dec6c0af97\"},\"headline\":\"Fotowettbewerb \u201eDeutsches Turku\\\/Rovaniemi\\\/Mikkeli\u201c.\",\"datePublished\":\"2018-02-08T06:00:15+00:00\",\"dateModified\":\"2019-09-27T08:45:55+00:00\",\"mainEntityOfPage\":{\"@id\":\"https:\\\/\\\/www.ssyl.fi\\\/de\\\/aktuelles\\\/valokuvakilpailu-saksalainen-turkurovaniemimikkeli\\\/\"},\"wordCount\":217,\"articleSection\":[\"Aktuelles\"],\"inLanguage\":\"de-DE\"},{\"@type\":\"WebPage\",\"@id\":\"https:\\\/\\\/www.ssyl.fi\\\/de\\\/aktuelles\\\/valokuvakilpailu-saksalainen-turkurovaniemimikkeli\\\/\",\"url\":\"https:\\\/\\\/www.ssyl.fi\\\/de\\\/aktuelles\\\/valokuvakilpailu-saksalainen-turkurovaniemimikkeli\\\/\",\"name\":\"Fotowettbewerb \u201eDeutsches Turku\\\/Rovaniemi\\\/Mikkeli\u201c. - Suomi-Saksa Yhdistysten Liitto ry\",\"isPartOf\":{\"@id\":\"https:\\\/\\\/www.ssyl.fi\\\/de\\\/#website\"},\"datePublished\":\"2018-02-08T06:00:15+00:00\",\"dateModified\":\"2019-09-27T08:45:55+00:00\",\"author\":{\"@id\":\"https:\\\/\\\/www.ssyl.fi\\\/de\\\/#\\\/schema\\\/person\\\/bca1dcebb660e436912037dec6c0af97\"},\"breadcrumb\":{\"@id\":\"https:\\\/\\\/www.ssyl.fi\\\/de\\\/aktuelles\\\/valokuvakilpailu-saksalainen-turkurovaniemimikkeli\\\/#breadcrumb\"},\"inLanguage\":\"de-DE\",\"potentialAction\":[{\"@type\":\"ReadAction\",\"target\":[\"https:\\\/\\\/www.ssyl.fi\\\/de\\\/aktuelles\\\/valokuvakilpailu-saksalainen-turkurovaniemimikkeli\\\/\"]}]},{\"@type\":\"BreadcrumbList\",\"@id\":\"https:\\\/\\\/www.ssyl.fi\\\/de\\\/aktuelles\\\/valokuvakilpailu-saksalainen-turkurovaniemimikkeli\\\/#breadcrumb\",\"itemListElement\":[{\"@type\":\"ListItem\",\"position\":1,\"name\":\"Home\",\"item\":\"https:\\\/\\\/www.ssyl.fi\\\/de\\\/\"},{\"@type\":\"ListItem\",\"position\":2,\"name\":\"Fotowettbewerb \u201eDeutsches Turku\\\/Rovaniemi\\\/Mikkeli\u201c.\"}]},{\"@type\":\"WebSite\",\"@id\":\"https:\\\/\\\/www.ssyl.fi\\\/de\\\/#website\",\"url\":\"https:\\\/\\\/www.ssyl.fi\\\/de\\\/\",\"name\":\"Suomi-Saksa Yhdistysten Liitto ry\",\"description\":\"\",\"potentialAction\":[{\"@type\":\"SearchAction\",\"target\":{\"@type\":\"EntryPoint\",\"urlTemplate\":\"https:\\\/\\\/www.ssyl.fi\\\/de\\\/?s={search_term_string}\"},\"query-input\":{\"@type\":\"PropertyValueSpecification\",\"valueRequired\":true,\"valueName\":\"search_term_string\"}}],\"inLanguage\":\"de-DE\"},{\"@type\":\"Person\",\"@id\":\"https:\\\/\\\/www.ssyl.fi\\\/de\\\/#\\\/schema\\\/person\\\/bca1dcebb660e436912037dec6c0af97\",\"name\":\"su\",\"image\":{\"@type\":\"ImageObject\",\"inLanguage\":\"de-DE\",\"@id\":\"https:\\\/\\\/secure.gravatar.com\\\/avatar\\\/9b55bc1571b94e7d820a0d2181aad3ff43a88ed36fcd149690e9b3b58274f822?s=96&d=mm&r=g\",\"url\":\"https:\\\/\\\/secure.gravatar.com\\\/avatar\\\/9b55bc1571b94e7d820a0d2181aad3ff43a88ed36fcd149690e9b3b58274f822?s=96&d=mm&r=g\",\"contentUrl\":\"https:\\\/\\\/secure.gravatar.com\\\/avatar\\\/9b55bc1571b94e7d820a0d2181aad3ff43a88ed36fcd149690e9b3b58274f822?s=96&d=mm&r=g\",\"caption\":\"su\"},\"url\":\"https:\\\/\\\/www.ssyl.fi\\\/de\\\/author\\\/su\\\/\"}]}<\/script>\n<!-- \/ Yoast SEO plugin. -->","yoast_head_json":{"title":"Fotowettbewerb \u201eDeutsches Turku\/Rovaniemi\/Mikkeli\u201c. - Suomi-Saksa Yhdistysten Liitto ry","robots":{"index":"index","follow":"follow","max-snippet":"max-snippet:-1","max-image-preview":"max-image-preview:large","max-video-preview":"max-video-preview:-1"},"canonical":"https:\/\/www.ssyl.fi\/de\/aktuelles\/valokuvakilpailu-saksalainen-turkurovaniemimikkeli\/","og_locale":"de_DE","og_type":"article","og_title":"Fotowettbewerb \u201eDeutsches Turku\/Rovaniemi\/Mikkeli\u201c. - Suomi-Saksa Yhdistysten Liitto ry","og_description":"Valokuvakilpailu &#8220;Saksalainen Turku\/Rovaniemi\/Mikkeli&#8221;. Turun yhdistyksen innoittamana innostamme muitakin yhdistyksi\u00e4 aktivoimaan j\u00e4seni\u00e4\u00e4n t\u00e4n\u00e4 vuonna yhteisen valokuvakilpailun merkeiss\u00e4. Tarkoituksena on saada oman kotikaupungin saksalaisuus\/saksankielisyys vangittua kuviksi. Jos saamme tarpeeksi yhdistyksi\u00e4 mukaan, j\u00e4rjest\u00e4mme syksyll\u00e4 Helsingiss\u00e4 kaikkien yhdistysten parhaista kuvista koostuvan yhteisn\u00e4yttelyn. Ohessa Turun yhdistyksen tekem\u00e4 mainos kilpailusta, jota voi vapaasti muokata omaan k\u00e4ytt\u00f6\u00f6ns\u00e4 sopivaksi. Ilmoitattehan viel\u00e4 t\u00e4nne liiton [&hellip;]","og_url":"https:\/\/www.ssyl.fi\/de\/aktuelles\/valokuvakilpailu-saksalainen-turkurovaniemimikkeli\/","og_site_name":"Suomi-Saksa Yhdistysten Liitto ry","article_publisher":"http:\/\/www.facebook.com\/ssyl.fi","article_published_time":"2018-02-08T06:00:15+00:00","article_modified_time":"2019-09-27T08:45:55+00:00","og_image":[{"width":1200,"height":630,"url":"https:\/\/www.ssyl.fi\/content\/uploads\/2019\/10\/some-jako_FB_1200x630px.jpg","type":"image\/jpeg"}],"author":"su","twitter_card":"summary_large_image","twitter_misc":{"Written by":"su","Est. reading time":"1 minute"},"schema":{"@context":"https:\/\/schema.org","@graph":[{"@type":"Article","@id":"https:\/\/www.ssyl.fi\/de\/aktuelles\/valokuvakilpailu-saksalainen-turkurovaniemimikkeli\/#article","isPartOf":{"@id":"https:\/\/www.ssyl.fi\/de\/aktuelles\/valokuvakilpailu-saksalainen-turkurovaniemimikkeli\/"},"author":{"name":"su","@id":"https:\/\/www.ssyl.fi\/de\/#\/schema\/person\/bca1dcebb660e436912037dec6c0af97"},"headline":"Fotowettbewerb \u201eDeutsches Turku\/Rovaniemi\/Mikkeli\u201c.","datePublished":"2018-02-08T06:00:15+00:00","dateModified":"2019-09-27T08:45:55+00:00","mainEntityOfPage":{"@id":"https:\/\/www.ssyl.fi\/de\/aktuelles\/valokuvakilpailu-saksalainen-turkurovaniemimikkeli\/"},"wordCount":217,"articleSection":["Aktuelles"],"inLanguage":"de-DE"},{"@type":"WebPage","@id":"https:\/\/www.ssyl.fi\/de\/aktuelles\/valokuvakilpailu-saksalainen-turkurovaniemimikkeli\/","url":"https:\/\/www.ssyl.fi\/de\/aktuelles\/valokuvakilpailu-saksalainen-turkurovaniemimikkeli\/","name":"Fotowettbewerb \u201eDeutsches Turku\/Rovaniemi\/Mikkeli\u201c. - Suomi-Saksa Yhdistysten Liitto ry","isPartOf":{"@id":"https:\/\/www.ssyl.fi\/de\/#website"},"datePublished":"2018-02-08T06:00:15+00:00","dateModified":"2019-09-27T08:45:55+00:00","author":{"@id":"https:\/\/www.ssyl.fi\/de\/#\/schema\/person\/bca1dcebb660e436912037dec6c0af97"},"breadcrumb":{"@id":"https:\/\/www.ssyl.fi\/de\/aktuelles\/valokuvakilpailu-saksalainen-turkurovaniemimikkeli\/#breadcrumb"},"inLanguage":"de-DE","potentialAction":[{"@type":"ReadAction","target":["https:\/\/www.ssyl.fi\/de\/aktuelles\/valokuvakilpailu-saksalainen-turkurovaniemimikkeli\/"]}]},{"@type":"BreadcrumbList","@id":"https:\/\/www.ssyl.fi\/de\/aktuelles\/valokuvakilpailu-saksalainen-turkurovaniemimikkeli\/#breadcrumb","itemListElement":[{"@type":"ListItem","position":1,"name":"Home","item":"https:\/\/www.ssyl.fi\/de\/"},{"@type":"ListItem","position":2,"name":"Fotowettbewerb \u201eDeutsches Turku\/Rovaniemi\/Mikkeli\u201c."}]},{"@type":"WebSite","@id":"https:\/\/www.ssyl.fi\/de\/#website","url":"https:\/\/www.ssyl.fi\/de\/","name":"Suomi-Saksa Yhdistysten Liitto ry","description":"","potentialAction":[{"@type":"SearchAction","target":{"@type":"EntryPoint","urlTemplate":"https:\/\/www.ssyl.fi\/de\/?s={search_term_string}"},"query-input":{"@type":"PropertyValueSpecification","valueRequired":true,"valueName":"search_term_string"}}],"inLanguage":"de-DE"},{"@type":"Person","@id":"https:\/\/www.ssyl.fi\/de\/#\/schema\/person\/bca1dcebb660e436912037dec6c0af97","name":"su","image":{"@type":"ImageObject","inLanguage":"de-DE","@id":"https:\/\/secure.gravatar.com\/avatar\/9b55bc1571b94e7d820a0d2181aad3ff43a88ed36fcd149690e9b3b58274f822?s=96&d=mm&r=g","url":"https:\/\/secure.gravatar.com\/avatar\/9b55bc1571b94e7d820a0d2181aad3ff43a88ed36fcd149690e9b3b58274f822?s=96&d=mm&r=g","contentUrl":"https:\/\/secure.gravatar.com\/avatar\/9b55bc1571b94e7d820a0d2181aad3ff43a88ed36fcd149690e9b3b58274f822?s=96&d=mm&r=g","caption":"su"},"url":"https:\/\/www.ssyl.fi\/de\/author\/su\/"}]}},"_links":{"self":[{"href":"https:\/\/www.ssyl.fi\/de\/wp-json\/wp\/v2\/posts\/4293","targetHints":{"allow":["GET"]}}],"collection":[{"href":"https:\/\/www.ssyl.fi\/de\/wp-json\/wp\/v2\/posts"}],"about":[{"href":"https:\/\/www.ssyl.fi\/de\/wp-json\/wp\/v2\/types\/post"}],"author":[{"embeddable":true,"href":"https:\/\/www.ssyl.fi\/de\/wp-json\/wp\/v2\/users\/1"}],"replies":[{"embeddable":true,"href":"https:\/\/www.ssyl.fi\/de\/wp-json\/wp\/v2\/comments?post=4293"}],"version-history":[{"count":1,"href":"https:\/\/www.ssyl.fi\/de\/wp-json\/wp\/v2\/posts\/4293\/revisions"}],"predecessor-version":[{"id":6990,"href":"https:\/\/www.ssyl.fi\/de\/wp-json\/wp\/v2\/posts\/4293\/revisions\/6990"}],"wp:attachment":[{"href":"https:\/\/www.ssyl.fi\/de\/wp-json\/wp\/v2\/media?parent=4293"}],"wp:term":[{"taxonomy":"category","embeddable":true,"href":"https:\/\/www.ssyl.fi\/de\/wp-json\/wp\/v2\/categories?post=4293"},{"taxonomy":"post_tag","embeddable":true,"href":"https:\/\/www.ssyl.fi\/de\/wp-json\/wp\/v2\/tags?post=4293"}],"curies":[{"name":"wp","href":"https:\/\/api.w.org\/{rel}","templated":true}]}}