{"id":4327,"date":"2018-03-20T09:40:15","date_gmt":"2018-03-20T07:40:15","guid":{"rendered":"https:\/\/www.ssyl.fi\/?p=4327"},"modified":"2019-09-27T11:32:18","modified_gmt":"2019-09-27T08:32:18","slug":"ssyln-kevatkokous-7-4-turussa","status":"publish","type":"post","link":"https:\/\/www.ssyl.fi\/de\/aktuelles\/ssyln-kevatkokous-7-4-turussa\/","title":{"rendered":"Fr\u00fchjahrsversammlung in Turku am 7.4.2018"},"content":{"rendered":"<p><!--:fi-->J\u00e4senyhdistyksille tiedoksi:<\/p>\n<p><a href=\"https:\/\/www.ssyl.fi\/content\/uploads\/2018\/03\/SSYL.png\"><img loading=\"lazy\" decoding=\"async\" class=\"alignleft size-thumbnail wp-image-4328\" title=\"SSYL\" src=\"https:\/\/www.ssyl.fi\/content\/uploads\/2018\/03\/SSYL-220x218.png\" alt=\"\" width=\"220\" height=\"218\" \/><\/a>Suomi-Saksa Yhdistysten Liitto ry:n (SSYL) kev\u00e4tkokous j\u00e4rjestet\u00e4\u00e4n <strong>lauantaina 7.4.2018 klo 13.30 alkaen Turussa, merenkulun erikoismuseo Forum Marinumissa (seminaariluokka, II krs.), <\/strong><strong>Linnankatu 72.<\/strong><\/p>\n<p>KEV\u00c4TKOKOUKSEN OHJELMA lauantaina 7.4.2018<\/p>\n<p>Klo 12.00 \u00a0\u00a0\u00a0\u00a0\u00a0\u00a0\u00a0\u00a0\u00a0 SSYL:n hallituksen kokous <em>(hallituksen j\u00e4senille\/varaj\u00e4senille)<\/em><\/p>\n<p>Klo 13 \u00a0\u00a0\u00a0\u00a0\u00a0\u00a0\u00a0\u00a0\u00a0\u00a0\u00a0\u00a0\u00a0\u00a0 Kahvi<\/p>\n<p>Klo 13.30\u00a0\u00a0\u00a0\u00a0\u00a0\u00a0\u00a0\u00a0\u00a0\u00a0 SSYL:n kev\u00e4tkokous, tervehdyssanat Turun kaupunginjohtaja Minna Arve ja Saksan\u00a0\u00a0\u00a0\u00a0 suurl\u00e4hetyston edustaja Joachim Bussian<\/p>\n<p>Klo 14.30\u00a0\u00a0\u00a0\u00a0\u00a0\u00a0\u00a0\u00a0\u00a0\u00a0 Mikko Meronen: Suomalais-saksalainen sukellusvenerakentaminen Turussa<\/p>\n<p>Klo 17.00\u00a0\u00a0\u00a0\u00a0\u00a0\u00a0\u00a0\u00a0\u00a0\u00a0 Mahdollisuus yhteiseen illalliseen Ravintola G\u00f6ranissa, Forum Marinum<\/p>\n<p>OHEISOHJELMA lauantaina 7.4.2018<\/p>\n<p>Turun Suomalais-Saksalainen Yhdistys toivottaa kev\u00e4tkokoukseen osallistujat l\u00e4mpim\u00e4sti tervetulleeksi lauantaina 7.4.2018 klo 20\u201322 pidett\u00e4v\u00e4\u00e4n saksankielisten jalkapallojoukkueiden mestaruusotteluun (HUOM! Muttunut ottelupaikka\/Impivaaran jalkapallohalli, Eskonkatu 1).<\/p>\n<p>OHEISOHJELMA sunnuntaina 8.4.2018<\/p>\n<p>Turun Suomalais-Saksalainen Yhdistys toivottaa kev\u00e4tkokoukseen osallistujat l\u00e4mpim\u00e4sti tervetulleeksi sunnuntaina 8.4.2018 klo 10.30\u201311.30 pidett\u00e4v\u00e4\u00e4n saksankieliseen opastukseen Turun linnaan. Vaatii ennakkoilmoittautumisen.<\/p>\n<p>ILMOITTAUTUMINEN<\/p>\n<p>Ilmoittautumiset 23.3.2018 menness\u00e4 SSYL:n toimistoon (p. 044 7005511 tai <a href=\"mailto:info@ssyl.fi\">info@ssyl.fi<\/a>). Ilmoittautumisten yhteydess\u00e4 pyydet\u00e4\u00e4n t\u00e4sment\u00e4m\u00e4\u00e4n, osallistuuko kokouksen ohella my\u00f6s 1) yhteiseen illalliseen (Ravintola G\u00f6ran, Forum Marinum ja 2) saksankieliseen linnaopastukseen sunnuntaina 8.4. klo 10.30\u201311.30 (opastus ilmainen kev\u00e4tkokouksen osallistujille, linnaan p\u00e4\u00e4symaksu).<\/p>\n<p>Kev\u00e4tkokouksen kutsu ja kokouksen esityslista on l\u00e4hetetty s\u00e4hk\u00f6postitse j\u00e4senyhdistysten puheenjohtajille.<\/p>\n<p>Lis\u00e4tietoja SSYL:n toimistosta: vs. toiminnanjohtaja Paula Schuth, p. 044 7005511 tai <a href=\"mailto:info@ssyl.fi\">info@ssyl.fi.<\/a><!--:--><!--:de-->J\u00e4senyhdistyksille tiedoksi:<\/p>\n<p><a href=\"https:\/\/www.ssyl.fi\/content\/uploads\/2018\/03\/SSYL.png\"><img loading=\"lazy\" decoding=\"async\" title=\"SSYL\" src=\"https:\/\/www.ssyl.fi\/content\/uploads\/2018\/03\/SSYL-220x218.png\" alt=\"\" width=\"220\" height=\"218\" \/><\/a>Suomi-Saksa Yhdistysten Liitto ry:n (SSYL) kev\u00e4tkokous j\u00e4rjestet\u00e4\u00e4n <strong>lauantaina 7.4.2018 klo 13.30 alkaen Turussa, merenkulun erikoismuseo Forum Marinumissa (seminaariluokka, II krs.), <\/strong><strong>Linnankatu 72.<\/strong><\/p>\n<p>KEV\u00c4TKOKOUKSEN OHJELMA lauantaina 7.4.2018<\/p>\n<p>Klo 12.00 \u00a0\u00a0\u00a0\u00a0\u00a0\u00a0\u00a0\u00a0\u00a0 SSYL:n hallituksen kokous <em>(hallituksen j\u00e4senille\/varaj\u00e4senille)<\/em><\/p>\n<p>Klo 13 \u00a0\u00a0\u00a0\u00a0\u00a0\u00a0\u00a0\u00a0\u00a0\u00a0\u00a0\u00a0\u00a0\u00a0 Kahvi<\/p>\n<p>Klo 13.30\u00a0\u00a0\u00a0\u00a0\u00a0\u00a0\u00a0\u00a0\u00a0\u00a0 SSYL:n kev\u00e4tkokous, tervehdyssanat Turun kaupunginjohtaja Minna Arve ja Saksan\u00a0\u00a0\u00a0\u00a0 suurl\u00e4hetyston edustaja Joachim Bussian<\/p>\n<p>Klo 14.30\u00a0\u00a0\u00a0\u00a0\u00a0\u00a0\u00a0\u00a0\u00a0\u00a0 Mikko Meronen: Suomalais-saksalainen sukellusvenerakentaminen Turussa<\/p>\n<p>Klo 17.00\u00a0\u00a0\u00a0\u00a0\u00a0\u00a0\u00a0\u00a0\u00a0\u00a0 Mahdollisuus yhteiseen illalliseen Ravintola G\u00f6ranissa, Forum Marinum<\/p>\n<p>OHEISOHJELMA lauantaina 7.4.2018<\/p>\n<p>Turun Suomalais-Saksalainen Yhdistys toivottaa kev\u00e4tkokoukseen osallistujat l\u00e4mpim\u00e4sti tervetulleeksi lauantaina 7.4.2018 klo 20\u201322 pidett\u00e4v\u00e4\u00e4n saksankielisten jalkapallojoukkueiden mestaruusotteluun (HUOM! Muttunut ottelupaikka\/Impivaaran jalkapallohalli, Eskonkatu 1).<\/p>\n<p>OHEISOHJELMA sunnuntaina 8.4.2018<\/p>\n<p>Turun Suomalais-Saksalainen Yhdistys toivottaa kev\u00e4tkokoukseen osallistujat l\u00e4mpim\u00e4sti tervetulleeksi sunnuntaina 8.4.2018 klo 10.30\u201311.30 pidett\u00e4v\u00e4\u00e4n saksankieliseen opastukseen Turun linnaan. Vaatii ennakkoilmoittautumisen.<\/p>\n<p>ILMOITTAUTUMINEN<\/p>\n<p>Ilmoittautumiset 23.3.2018 menness\u00e4 SSYL:n toimistoon (p. 044 7005511 tai <a href=\"mailto:info@ssyl.fi\">info@ssyl.fi<\/a>). Ilmoittautumisten yhteydess\u00e4 pyydet\u00e4\u00e4n t\u00e4sment\u00e4m\u00e4\u00e4n, osallistuuko kokouksen ohella my\u00f6s 1) yhteiseen illalliseen (Ravintola G\u00f6ran, Forum Marinum ja 2) saksankieliseen linnaopastukseen sunnuntaina 8.4. klo 10.30\u201311.30 (opastus ilmainen kev\u00e4tkokouksen osallistujille, linnaan p\u00e4\u00e4symaksu).<\/p>\n<p>Kev\u00e4tkokouksen kutsu ja kokouksen esityslista on l\u00e4hetetty s\u00e4hk\u00f6postitse j\u00e4senyhdistysten puheenjohtajille.<\/p>\n<p>Lis\u00e4tietoja SSYL:n toimistosta: vs. toiminnanjohtaja Paula Schuth, p. 044 7005511 tai<!--:--><\/p>\n","protected":false},"excerpt":{"rendered":"<p>J\u00e4senyhdistyksille tiedoksi: Suomi-Saksa Yhdistysten Liitto ry:n (SSYL) kev\u00e4tkokous j\u00e4rjestet\u00e4\u00e4n lauantaina 7.4.2018 klo 13.30 alkaen Turussa, merenkulun erikoismuseo Forum Marinumissa (seminaariluokka, II krs.), Linnankatu 72. KEV\u00c4TKOKOUKSEN OHJELMA lauantaina 7.4.2018 Klo 12.00 \u00a0\u00a0\u00a0\u00a0\u00a0\u00a0\u00a0\u00a0\u00a0 SSYL:n hallituksen kokous (hallituksen j\u00e4senille\/varaj\u00e4senille) Klo 13 \u00a0\u00a0\u00a0\u00a0\u00a0\u00a0\u00a0\u00a0\u00a0\u00a0\u00a0\u00a0\u00a0\u00a0 Kahvi Klo 13.30\u00a0\u00a0\u00a0\u00a0\u00a0\u00a0\u00a0\u00a0\u00a0\u00a0 SSYL:n kev\u00e4tkokous, tervehdyssanat Turun kaupunginjohtaja Minna Arve ja Saksan\u00a0\u00a0\u00a0\u00a0 suurl\u00e4hetyston edustaja Joachim Bussian [&hellip;]<\/p>\n","protected":false},"author":1,"featured_media":0,"comment_status":"closed","ping_status":"closed","sticky":false,"template":"","format":"standard","meta":{"footnotes":""},"categories":[14],"tags":[],"class_list":["post-4327","post","type-post","status-publish","format-standard","hentry","category-aktuelles"],"yoast_head":"<!-- This site is optimized with the Yoast SEO plugin v27.3 - https:\/\/yoast.com\/product\/yoast-seo-wordpress\/ -->\n<title>Fr\u00fchjahrsversammlung in Turku am 7.4.2018 - Suomi-Saksa Yhdistysten Liitto ry<\/title>\n<meta name=\"robots\" content=\"index, follow, max-snippet:-1, max-image-preview:large, max-video-preview:-1\" \/>\n<link rel=\"canonical\" href=\"https:\/\/www.ssyl.fi\/de\/aktuelles\/ssyln-kevatkokous-7-4-turussa\/\" \/>\n<meta property=\"og:locale\" content=\"de_DE\" \/>\n<meta property=\"og:type\" content=\"article\" \/>\n<meta property=\"og:title\" content=\"Fr\u00fchjahrsversammlung in Turku am 7.4.2018 - Suomi-Saksa Yhdistysten Liitto ry\" \/>\n<meta property=\"og:description\" content=\"J\u00e4senyhdistyksille tiedoksi: Suomi-Saksa Yhdistysten Liitto ry:n (SSYL) kev\u00e4tkokous j\u00e4rjestet\u00e4\u00e4n lauantaina 7.4.2018 klo 13.30 alkaen Turussa, merenkulun erikoismuseo Forum Marinumissa (seminaariluokka, II krs.), Linnankatu 72. KEV\u00c4TKOKOUKSEN OHJELMA lauantaina 7.4.2018 Klo 12.00 \u00a0\u00a0\u00a0\u00a0\u00a0\u00a0\u00a0\u00a0\u00a0 SSYL:n hallituksen kokous (hallituksen j\u00e4senille\/varaj\u00e4senille) Klo 13 \u00a0\u00a0\u00a0\u00a0\u00a0\u00a0\u00a0\u00a0\u00a0\u00a0\u00a0\u00a0\u00a0\u00a0 Kahvi Klo 13.30\u00a0\u00a0\u00a0\u00a0\u00a0\u00a0\u00a0\u00a0\u00a0\u00a0 SSYL:n kev\u00e4tkokous, tervehdyssanat Turun kaupunginjohtaja Minna Arve ja Saksan\u00a0\u00a0\u00a0\u00a0 suurl\u00e4hetyston edustaja Joachim Bussian [&hellip;]\" \/>\n<meta property=\"og:url\" content=\"https:\/\/www.ssyl.fi\/de\/aktuelles\/ssyln-kevatkokous-7-4-turussa\/\" \/>\n<meta property=\"og:site_name\" content=\"Suomi-Saksa Yhdistysten Liitto ry\" \/>\n<meta property=\"article:publisher\" content=\"http:\/\/www.facebook.com\/ssyl.fi\" \/>\n<meta property=\"article:published_time\" content=\"2018-03-20T07:40:15+00:00\" \/>\n<meta property=\"article:modified_time\" content=\"2019-09-27T08:32:18+00:00\" \/>\n<meta property=\"og:image\" content=\"https:\/\/www.ssyl.fi\/content\/uploads\/2018\/03\/SSYL-220x218.png\" \/>\n<meta name=\"author\" content=\"su\" \/>\n<meta name=\"twitter:card\" content=\"summary_large_image\" \/>\n<meta name=\"twitter:label1\" content=\"Written by\" \/>\n\t<meta name=\"twitter:data1\" content=\"su\" \/>\n\t<meta name=\"twitter:label2\" content=\"Est. reading time\" \/>\n\t<meta name=\"twitter:data2\" content=\"2 minutes\" \/>\n<script type=\"application\/ld+json\" class=\"yoast-schema-graph\">{\"@context\":\"https:\\\/\\\/schema.org\",\"@graph\":[{\"@type\":\"Article\",\"@id\":\"https:\\\/\\\/www.ssyl.fi\\\/de\\\/aktuelles\\\/ssyln-kevatkokous-7-4-turussa\\\/#article\",\"isPartOf\":{\"@id\":\"https:\\\/\\\/www.ssyl.fi\\\/de\\\/aktuelles\\\/ssyln-kevatkokous-7-4-turussa\\\/\"},\"author\":{\"name\":\"su\",\"@id\":\"https:\\\/\\\/www.ssyl.fi\\\/de\\\/#\\\/schema\\\/person\\\/bca1dcebb660e436912037dec6c0af97\"},\"headline\":\"Fr\u00fchjahrsversammlung in Turku am 7.4.2018\",\"datePublished\":\"2018-03-20T07:40:15+00:00\",\"dateModified\":\"2019-09-27T08:32:18+00:00\",\"mainEntityOfPage\":{\"@id\":\"https:\\\/\\\/www.ssyl.fi\\\/de\\\/aktuelles\\\/ssyln-kevatkokous-7-4-turussa\\\/\"},\"wordCount\":398,\"image\":{\"@id\":\"https:\\\/\\\/www.ssyl.fi\\\/de\\\/aktuelles\\\/ssyln-kevatkokous-7-4-turussa\\\/#primaryimage\"},\"thumbnailUrl\":\"https:\\\/\\\/www.ssyl.fi\\\/content\\\/uploads\\\/2018\\\/03\\\/SSYL-220x218.png\",\"articleSection\":[\"Aktuelles\"],\"inLanguage\":\"de-DE\"},{\"@type\":\"WebPage\",\"@id\":\"https:\\\/\\\/www.ssyl.fi\\\/de\\\/aktuelles\\\/ssyln-kevatkokous-7-4-turussa\\\/\",\"url\":\"https:\\\/\\\/www.ssyl.fi\\\/de\\\/aktuelles\\\/ssyln-kevatkokous-7-4-turussa\\\/\",\"name\":\"Fr\u00fchjahrsversammlung in Turku am 7.4.2018 - Suomi-Saksa Yhdistysten Liitto ry\",\"isPartOf\":{\"@id\":\"https:\\\/\\\/www.ssyl.fi\\\/de\\\/#website\"},\"primaryImageOfPage\":{\"@id\":\"https:\\\/\\\/www.ssyl.fi\\\/de\\\/aktuelles\\\/ssyln-kevatkokous-7-4-turussa\\\/#primaryimage\"},\"image\":{\"@id\":\"https:\\\/\\\/www.ssyl.fi\\\/de\\\/aktuelles\\\/ssyln-kevatkokous-7-4-turussa\\\/#primaryimage\"},\"thumbnailUrl\":\"https:\\\/\\\/www.ssyl.fi\\\/content\\\/uploads\\\/2018\\\/03\\\/SSYL-220x218.png\",\"datePublished\":\"2018-03-20T07:40:15+00:00\",\"dateModified\":\"2019-09-27T08:32:18+00:00\",\"author\":{\"@id\":\"https:\\\/\\\/www.ssyl.fi\\\/de\\\/#\\\/schema\\\/person\\\/bca1dcebb660e436912037dec6c0af97\"},\"breadcrumb\":{\"@id\":\"https:\\\/\\\/www.ssyl.fi\\\/de\\\/aktuelles\\\/ssyln-kevatkokous-7-4-turussa\\\/#breadcrumb\"},\"inLanguage\":\"de-DE\",\"potentialAction\":[{\"@type\":\"ReadAction\",\"target\":[\"https:\\\/\\\/www.ssyl.fi\\\/de\\\/aktuelles\\\/ssyln-kevatkokous-7-4-turussa\\\/\"]}]},{\"@type\":\"ImageObject\",\"inLanguage\":\"de-DE\",\"@id\":\"https:\\\/\\\/www.ssyl.fi\\\/de\\\/aktuelles\\\/ssyln-kevatkokous-7-4-turussa\\\/#primaryimage\",\"url\":\"https:\\\/\\\/www.ssyl.fi\\\/content\\\/uploads\\\/2018\\\/03\\\/SSYL-220x218.png\",\"contentUrl\":\"https:\\\/\\\/www.ssyl.fi\\\/content\\\/uploads\\\/2018\\\/03\\\/SSYL-220x218.png\"},{\"@type\":\"BreadcrumbList\",\"@id\":\"https:\\\/\\\/www.ssyl.fi\\\/de\\\/aktuelles\\\/ssyln-kevatkokous-7-4-turussa\\\/#breadcrumb\",\"itemListElement\":[{\"@type\":\"ListItem\",\"position\":1,\"name\":\"Home\",\"item\":\"https:\\\/\\\/www.ssyl.fi\\\/de\\\/\"},{\"@type\":\"ListItem\",\"position\":2,\"name\":\"Fr\u00fchjahrsversammlung in Turku am 7.4.2018\"}]},{\"@type\":\"WebSite\",\"@id\":\"https:\\\/\\\/www.ssyl.fi\\\/de\\\/#website\",\"url\":\"https:\\\/\\\/www.ssyl.fi\\\/de\\\/\",\"name\":\"Suomi-Saksa Yhdistysten Liitto ry\",\"description\":\"\",\"potentialAction\":[{\"@type\":\"SearchAction\",\"target\":{\"@type\":\"EntryPoint\",\"urlTemplate\":\"https:\\\/\\\/www.ssyl.fi\\\/de\\\/?s={search_term_string}\"},\"query-input\":{\"@type\":\"PropertyValueSpecification\",\"valueRequired\":true,\"valueName\":\"search_term_string\"}}],\"inLanguage\":\"de-DE\"},{\"@type\":\"Person\",\"@id\":\"https:\\\/\\\/www.ssyl.fi\\\/de\\\/#\\\/schema\\\/person\\\/bca1dcebb660e436912037dec6c0af97\",\"name\":\"su\",\"image\":{\"@type\":\"ImageObject\",\"inLanguage\":\"de-DE\",\"@id\":\"https:\\\/\\\/secure.gravatar.com\\\/avatar\\\/9b55bc1571b94e7d820a0d2181aad3ff43a88ed36fcd149690e9b3b58274f822?s=96&d=mm&r=g\",\"url\":\"https:\\\/\\\/secure.gravatar.com\\\/avatar\\\/9b55bc1571b94e7d820a0d2181aad3ff43a88ed36fcd149690e9b3b58274f822?s=96&d=mm&r=g\",\"contentUrl\":\"https:\\\/\\\/secure.gravatar.com\\\/avatar\\\/9b55bc1571b94e7d820a0d2181aad3ff43a88ed36fcd149690e9b3b58274f822?s=96&d=mm&r=g\",\"caption\":\"su\"},\"url\":\"https:\\\/\\\/www.ssyl.fi\\\/de\\\/author\\\/su\\\/\"}]}<\/script>\n<!-- \/ Yoast SEO plugin. -->","yoast_head_json":{"title":"Fr\u00fchjahrsversammlung in Turku am 7.4.2018 - Suomi-Saksa Yhdistysten Liitto ry","robots":{"index":"index","follow":"follow","max-snippet":"max-snippet:-1","max-image-preview":"max-image-preview:large","max-video-preview":"max-video-preview:-1"},"canonical":"https:\/\/www.ssyl.fi\/de\/aktuelles\/ssyln-kevatkokous-7-4-turussa\/","og_locale":"de_DE","og_type":"article","og_title":"Fr\u00fchjahrsversammlung in Turku am 7.4.2018 - Suomi-Saksa Yhdistysten Liitto ry","og_description":"J\u00e4senyhdistyksille tiedoksi: Suomi-Saksa Yhdistysten Liitto ry:n (SSYL) kev\u00e4tkokous j\u00e4rjestet\u00e4\u00e4n lauantaina 7.4.2018 klo 13.30 alkaen Turussa, merenkulun erikoismuseo Forum Marinumissa (seminaariluokka, II krs.), Linnankatu 72. KEV\u00c4TKOKOUKSEN OHJELMA lauantaina 7.4.2018 Klo 12.00 \u00a0\u00a0\u00a0\u00a0\u00a0\u00a0\u00a0\u00a0\u00a0 SSYL:n hallituksen kokous (hallituksen j\u00e4senille\/varaj\u00e4senille) Klo 13 \u00a0\u00a0\u00a0\u00a0\u00a0\u00a0\u00a0\u00a0\u00a0\u00a0\u00a0\u00a0\u00a0\u00a0 Kahvi Klo 13.30\u00a0\u00a0\u00a0\u00a0\u00a0\u00a0\u00a0\u00a0\u00a0\u00a0 SSYL:n kev\u00e4tkokous, tervehdyssanat Turun kaupunginjohtaja Minna Arve ja Saksan\u00a0\u00a0\u00a0\u00a0 suurl\u00e4hetyston edustaja Joachim Bussian [&hellip;]","og_url":"https:\/\/www.ssyl.fi\/de\/aktuelles\/ssyln-kevatkokous-7-4-turussa\/","og_site_name":"Suomi-Saksa Yhdistysten Liitto ry","article_publisher":"http:\/\/www.facebook.com\/ssyl.fi","article_published_time":"2018-03-20T07:40:15+00:00","article_modified_time":"2019-09-27T08:32:18+00:00","og_image":[{"url":"https:\/\/www.ssyl.fi\/content\/uploads\/2018\/03\/SSYL-220x218.png","type":"","width":"","height":""}],"author":"su","twitter_card":"summary_large_image","twitter_misc":{"Written by":"su","Est. reading time":"2 minutes"},"schema":{"@context":"https:\/\/schema.org","@graph":[{"@type":"Article","@id":"https:\/\/www.ssyl.fi\/de\/aktuelles\/ssyln-kevatkokous-7-4-turussa\/#article","isPartOf":{"@id":"https:\/\/www.ssyl.fi\/de\/aktuelles\/ssyln-kevatkokous-7-4-turussa\/"},"author":{"name":"su","@id":"https:\/\/www.ssyl.fi\/de\/#\/schema\/person\/bca1dcebb660e436912037dec6c0af97"},"headline":"Fr\u00fchjahrsversammlung in Turku am 7.4.2018","datePublished":"2018-03-20T07:40:15+00:00","dateModified":"2019-09-27T08:32:18+00:00","mainEntityOfPage":{"@id":"https:\/\/www.ssyl.fi\/de\/aktuelles\/ssyln-kevatkokous-7-4-turussa\/"},"wordCount":398,"image":{"@id":"https:\/\/www.ssyl.fi\/de\/aktuelles\/ssyln-kevatkokous-7-4-turussa\/#primaryimage"},"thumbnailUrl":"https:\/\/www.ssyl.fi\/content\/uploads\/2018\/03\/SSYL-220x218.png","articleSection":["Aktuelles"],"inLanguage":"de-DE"},{"@type":"WebPage","@id":"https:\/\/www.ssyl.fi\/de\/aktuelles\/ssyln-kevatkokous-7-4-turussa\/","url":"https:\/\/www.ssyl.fi\/de\/aktuelles\/ssyln-kevatkokous-7-4-turussa\/","name":"Fr\u00fchjahrsversammlung in Turku am 7.4.2018 - Suomi-Saksa Yhdistysten Liitto ry","isPartOf":{"@id":"https:\/\/www.ssyl.fi\/de\/#website"},"primaryImageOfPage":{"@id":"https:\/\/www.ssyl.fi\/de\/aktuelles\/ssyln-kevatkokous-7-4-turussa\/#primaryimage"},"image":{"@id":"https:\/\/www.ssyl.fi\/de\/aktuelles\/ssyln-kevatkokous-7-4-turussa\/#primaryimage"},"thumbnailUrl":"https:\/\/www.ssyl.fi\/content\/uploads\/2018\/03\/SSYL-220x218.png","datePublished":"2018-03-20T07:40:15+00:00","dateModified":"2019-09-27T08:32:18+00:00","author":{"@id":"https:\/\/www.ssyl.fi\/de\/#\/schema\/person\/bca1dcebb660e436912037dec6c0af97"},"breadcrumb":{"@id":"https:\/\/www.ssyl.fi\/de\/aktuelles\/ssyln-kevatkokous-7-4-turussa\/#breadcrumb"},"inLanguage":"de-DE","potentialAction":[{"@type":"ReadAction","target":["https:\/\/www.ssyl.fi\/de\/aktuelles\/ssyln-kevatkokous-7-4-turussa\/"]}]},{"@type":"ImageObject","inLanguage":"de-DE","@id":"https:\/\/www.ssyl.fi\/de\/aktuelles\/ssyln-kevatkokous-7-4-turussa\/#primaryimage","url":"https:\/\/www.ssyl.fi\/content\/uploads\/2018\/03\/SSYL-220x218.png","contentUrl":"https:\/\/www.ssyl.fi\/content\/uploads\/2018\/03\/SSYL-220x218.png"},{"@type":"BreadcrumbList","@id":"https:\/\/www.ssyl.fi\/de\/aktuelles\/ssyln-kevatkokous-7-4-turussa\/#breadcrumb","itemListElement":[{"@type":"ListItem","position":1,"name":"Home","item":"https:\/\/www.ssyl.fi\/de\/"},{"@type":"ListItem","position":2,"name":"Fr\u00fchjahrsversammlung in Turku am 7.4.2018"}]},{"@type":"WebSite","@id":"https:\/\/www.ssyl.fi\/de\/#website","url":"https:\/\/www.ssyl.fi\/de\/","name":"Suomi-Saksa Yhdistysten Liitto ry","description":"","potentialAction":[{"@type":"SearchAction","target":{"@type":"EntryPoint","urlTemplate":"https:\/\/www.ssyl.fi\/de\/?s={search_term_string}"},"query-input":{"@type":"PropertyValueSpecification","valueRequired":true,"valueName":"search_term_string"}}],"inLanguage":"de-DE"},{"@type":"Person","@id":"https:\/\/www.ssyl.fi\/de\/#\/schema\/person\/bca1dcebb660e436912037dec6c0af97","name":"su","image":{"@type":"ImageObject","inLanguage":"de-DE","@id":"https:\/\/secure.gravatar.com\/avatar\/9b55bc1571b94e7d820a0d2181aad3ff43a88ed36fcd149690e9b3b58274f822?s=96&d=mm&r=g","url":"https:\/\/secure.gravatar.com\/avatar\/9b55bc1571b94e7d820a0d2181aad3ff43a88ed36fcd149690e9b3b58274f822?s=96&d=mm&r=g","contentUrl":"https:\/\/secure.gravatar.com\/avatar\/9b55bc1571b94e7d820a0d2181aad3ff43a88ed36fcd149690e9b3b58274f822?s=96&d=mm&r=g","caption":"su"},"url":"https:\/\/www.ssyl.fi\/de\/author\/su\/"}]}},"_links":{"self":[{"href":"https:\/\/www.ssyl.fi\/de\/wp-json\/wp\/v2\/posts\/4327","targetHints":{"allow":["GET"]}}],"collection":[{"href":"https:\/\/www.ssyl.fi\/de\/wp-json\/wp\/v2\/posts"}],"about":[{"href":"https:\/\/www.ssyl.fi\/de\/wp-json\/wp\/v2\/types\/post"}],"author":[{"embeddable":true,"href":"https:\/\/www.ssyl.fi\/de\/wp-json\/wp\/v2\/users\/1"}],"replies":[{"embeddable":true,"href":"https:\/\/www.ssyl.fi\/de\/wp-json\/wp\/v2\/comments?post=4327"}],"version-history":[{"count":1,"href":"https:\/\/www.ssyl.fi\/de\/wp-json\/wp\/v2\/posts\/4327\/revisions"}],"predecessor-version":[{"id":6959,"href":"https:\/\/www.ssyl.fi\/de\/wp-json\/wp\/v2\/posts\/4327\/revisions\/6959"}],"wp:attachment":[{"href":"https:\/\/www.ssyl.fi\/de\/wp-json\/wp\/v2\/media?parent=4327"}],"wp:term":[{"taxonomy":"category","embeddable":true,"href":"https:\/\/www.ssyl.fi\/de\/wp-json\/wp\/v2\/categories?post=4327"},{"taxonomy":"post_tag","embeddable":true,"href":"https:\/\/www.ssyl.fi\/de\/wp-json\/wp\/v2\/tags?post=4327"}],"curies":[{"name":"wp","href":"https:\/\/api.w.org\/{rel}","templated":true}]}}