{"id":4478,"date":"2018-06-05T10:17:54","date_gmt":"2018-06-05T07:17:54","guid":{"rendered":"https:\/\/www.ssyl.fi\/?p=4478"},"modified":"2019-09-27T11:30:58","modified_gmt":"2019-09-27T08:30:58","slug":"ssyln-toimisto-kesatauolla-25-6-31-7","status":"publish","type":"post","link":"https:\/\/www.ssyl.fi\/de\/aktuelles\/ssyln-toimisto-kesatauolla-25-6-31-7\/","title":{"rendered":"SSYL-B\u00fcro 25.6.-31.7. in Sommerpause"},"content":{"rendered":"<p><!--:fi--><a href=\"https:\/\/www.ssyl.fi\/content\/uploads\/2018\/06\/Kansi_valkeat-kukat-nettiin.jpg\"><img loading=\"lazy\" decoding=\"async\" class=\"alignleft size-medium wp-image-4479\" title=\"Kansi_valkeat kukat nettiin\" src=\"https:\/\/www.ssyl.fi\/content\/uploads\/2018\/06\/Kansi_valkeat-kukat-nettiin-300x200.jpg\" alt=\"\" width=\"300\" height=\"200\" \/><\/a>SSYL:n toimisto on kes\u00e4tauolla suljettuna 25.6.-31.7.2018. Tavoitatte meid\u00e4t taas 1. elokuuta alkaen.<\/p>\n<p>Toivotamme kaikille oikein hyv\u00e4\u00e4 kes\u00e4\u00e4 &#8211; wir w\u00fcnschen Ihnen einen sch\u00f6nen Sommer!<!--:--><!--:de--><\/p>\n<p><a href=\"https:\/\/www.ssyl.fi\/content\/uploads\/2018\/06\/Kansi_valkeat-kukat-nettiin.jpg\"><img loading=\"lazy\" decoding=\"async\" class=\"alignleft wp-image-4479\" title=\"Kansi_valkeat kukat nettiin\" src=\"https:\/\/www.ssyl.fi\/content\/uploads\/2018\/06\/Kansi_valkeat-kukat-nettiin-300x200.jpg\" alt=\"\" width=\"300\" height=\"200\" \/><\/a>Das B\u00fcro des SSYL ist vom 25.6.-31.7. in der Sommerpause geschlossen. Sie erreichen uns wieder ab den 1. August.<\/p>\n<p>Wir w\u00fcnschen allen einen sch\u00f6nen Sommer!<\/p>\n<p><!--:--><\/p>\n","protected":false},"excerpt":{"rendered":"<p>SSYL:n toimisto on kes\u00e4tauolla suljettuna 25.6.-31.7.2018. Tavoitatte meid\u00e4t taas 1. elokuuta alkaen. Toivotamme kaikille oikein hyv\u00e4\u00e4 kes\u00e4\u00e4 &#8211; wir w\u00fcnschen Ihnen einen sch\u00f6nen Sommer! Das B\u00fcro des SSYL ist vom 25.6.-31.7. in der Sommerpause geschlossen. Sie erreichen uns wieder ab den 1. August. Wir w\u00fcnschen allen einen sch\u00f6nen Sommer!<\/p>\n","protected":false},"author":1,"featured_media":0,"comment_status":"closed","ping_status":"closed","sticky":false,"template":"","format":"standard","meta":{"footnotes":""},"categories":[14],"tags":[],"class_list":["post-4478","post","type-post","status-publish","format-standard","hentry","category-aktuelles"],"yoast_head":"<!-- This site is optimized with the Yoast SEO plugin v27.3 - https:\/\/yoast.com\/product\/yoast-seo-wordpress\/ -->\n<title>SSYL-B\u00fcro 25.6.-31.7. in Sommerpause - Suomi-Saksa Yhdistysten Liitto ry<\/title>\n<meta name=\"robots\" content=\"index, follow, max-snippet:-1, max-image-preview:large, max-video-preview:-1\" \/>\n<link rel=\"canonical\" href=\"https:\/\/www.ssyl.fi\/de\/aktuelles\/ssyln-toimisto-kesatauolla-25-6-31-7\/\" \/>\n<meta property=\"og:locale\" content=\"de_DE\" \/>\n<meta property=\"og:type\" content=\"article\" \/>\n<meta property=\"og:title\" content=\"SSYL-B\u00fcro 25.6.-31.7. in Sommerpause - Suomi-Saksa Yhdistysten Liitto ry\" \/>\n<meta property=\"og:description\" content=\"SSYL:n toimisto on kes\u00e4tauolla suljettuna 25.6.-31.7.2018. Tavoitatte meid\u00e4t taas 1. elokuuta alkaen. Toivotamme kaikille oikein hyv\u00e4\u00e4 kes\u00e4\u00e4 &#8211; wir w\u00fcnschen Ihnen einen sch\u00f6nen Sommer! Das B\u00fcro des SSYL ist vom 25.6.-31.7. in der Sommerpause geschlossen. Sie erreichen uns wieder ab den 1. August. Wir w\u00fcnschen allen einen sch\u00f6nen Sommer!\" \/>\n<meta property=\"og:url\" content=\"https:\/\/www.ssyl.fi\/de\/aktuelles\/ssyln-toimisto-kesatauolla-25-6-31-7\/\" \/>\n<meta property=\"og:site_name\" content=\"Suomi-Saksa Yhdistysten Liitto ry\" \/>\n<meta property=\"article:publisher\" content=\"http:\/\/www.facebook.com\/ssyl.fi\" \/>\n<meta property=\"article:published_time\" content=\"2018-06-05T07:17:54+00:00\" \/>\n<meta property=\"article:modified_time\" content=\"2019-09-27T08:30:58+00:00\" \/>\n<meta property=\"og:image\" content=\"https:\/\/www.ssyl.fi\/content\/uploads\/2018\/06\/Kansi_valkeat-kukat-nettiin-300x200.jpg\" \/>\n<meta name=\"author\" content=\"su\" \/>\n<meta name=\"twitter:card\" content=\"summary_large_image\" \/>\n<meta name=\"twitter:label1\" content=\"Written by\" \/>\n\t<meta name=\"twitter:data1\" content=\"su\" \/>\n<script type=\"application\/ld+json\" class=\"yoast-schema-graph\">{\"@context\":\"https:\\\/\\\/schema.org\",\"@graph\":[{\"@type\":\"Article\",\"@id\":\"https:\\\/\\\/www.ssyl.fi\\\/de\\\/aktuelles\\\/ssyln-toimisto-kesatauolla-25-6-31-7\\\/#article\",\"isPartOf\":{\"@id\":\"https:\\\/\\\/www.ssyl.fi\\\/de\\\/aktuelles\\\/ssyln-toimisto-kesatauolla-25-6-31-7\\\/\"},\"author\":{\"name\":\"su\",\"@id\":\"https:\\\/\\\/www.ssyl.fi\\\/de\\\/#\\\/schema\\\/person\\\/bca1dcebb660e436912037dec6c0af97\"},\"headline\":\"SSYL-B\u00fcro 25.6.-31.7. in Sommerpause\",\"datePublished\":\"2018-06-05T07:17:54+00:00\",\"dateModified\":\"2019-09-27T08:30:58+00:00\",\"mainEntityOfPage\":{\"@id\":\"https:\\\/\\\/www.ssyl.fi\\\/de\\\/aktuelles\\\/ssyln-toimisto-kesatauolla-25-6-31-7\\\/\"},\"wordCount\":60,\"image\":{\"@id\":\"https:\\\/\\\/www.ssyl.fi\\\/de\\\/aktuelles\\\/ssyln-toimisto-kesatauolla-25-6-31-7\\\/#primaryimage\"},\"thumbnailUrl\":\"https:\\\/\\\/www.ssyl.fi\\\/content\\\/uploads\\\/2018\\\/06\\\/Kansi_valkeat-kukat-nettiin-300x200.jpg\",\"articleSection\":[\"Aktuelles\"],\"inLanguage\":\"de-DE\"},{\"@type\":\"WebPage\",\"@id\":\"https:\\\/\\\/www.ssyl.fi\\\/de\\\/aktuelles\\\/ssyln-toimisto-kesatauolla-25-6-31-7\\\/\",\"url\":\"https:\\\/\\\/www.ssyl.fi\\\/de\\\/aktuelles\\\/ssyln-toimisto-kesatauolla-25-6-31-7\\\/\",\"name\":\"SSYL-B\u00fcro 25.6.-31.7. in Sommerpause - Suomi-Saksa Yhdistysten Liitto ry\",\"isPartOf\":{\"@id\":\"https:\\\/\\\/www.ssyl.fi\\\/de\\\/#website\"},\"primaryImageOfPage\":{\"@id\":\"https:\\\/\\\/www.ssyl.fi\\\/de\\\/aktuelles\\\/ssyln-toimisto-kesatauolla-25-6-31-7\\\/#primaryimage\"},\"image\":{\"@id\":\"https:\\\/\\\/www.ssyl.fi\\\/de\\\/aktuelles\\\/ssyln-toimisto-kesatauolla-25-6-31-7\\\/#primaryimage\"},\"thumbnailUrl\":\"https:\\\/\\\/www.ssyl.fi\\\/content\\\/uploads\\\/2018\\\/06\\\/Kansi_valkeat-kukat-nettiin-300x200.jpg\",\"datePublished\":\"2018-06-05T07:17:54+00:00\",\"dateModified\":\"2019-09-27T08:30:58+00:00\",\"author\":{\"@id\":\"https:\\\/\\\/www.ssyl.fi\\\/de\\\/#\\\/schema\\\/person\\\/bca1dcebb660e436912037dec6c0af97\"},\"breadcrumb\":{\"@id\":\"https:\\\/\\\/www.ssyl.fi\\\/de\\\/aktuelles\\\/ssyln-toimisto-kesatauolla-25-6-31-7\\\/#breadcrumb\"},\"inLanguage\":\"de-DE\",\"potentialAction\":[{\"@type\":\"ReadAction\",\"target\":[\"https:\\\/\\\/www.ssyl.fi\\\/de\\\/aktuelles\\\/ssyln-toimisto-kesatauolla-25-6-31-7\\\/\"]}]},{\"@type\":\"ImageObject\",\"inLanguage\":\"de-DE\",\"@id\":\"https:\\\/\\\/www.ssyl.fi\\\/de\\\/aktuelles\\\/ssyln-toimisto-kesatauolla-25-6-31-7\\\/#primaryimage\",\"url\":\"https:\\\/\\\/www.ssyl.fi\\\/content\\\/uploads\\\/2018\\\/06\\\/Kansi_valkeat-kukat-nettiin-300x200.jpg\",\"contentUrl\":\"https:\\\/\\\/www.ssyl.fi\\\/content\\\/uploads\\\/2018\\\/06\\\/Kansi_valkeat-kukat-nettiin-300x200.jpg\"},{\"@type\":\"BreadcrumbList\",\"@id\":\"https:\\\/\\\/www.ssyl.fi\\\/de\\\/aktuelles\\\/ssyln-toimisto-kesatauolla-25-6-31-7\\\/#breadcrumb\",\"itemListElement\":[{\"@type\":\"ListItem\",\"position\":1,\"name\":\"Home\",\"item\":\"https:\\\/\\\/www.ssyl.fi\\\/de\\\/\"},{\"@type\":\"ListItem\",\"position\":2,\"name\":\"SSYL-B\u00fcro 25.6.-31.7. in Sommerpause\"}]},{\"@type\":\"WebSite\",\"@id\":\"https:\\\/\\\/www.ssyl.fi\\\/de\\\/#website\",\"url\":\"https:\\\/\\\/www.ssyl.fi\\\/de\\\/\",\"name\":\"Suomi-Saksa Yhdistysten Liitto ry\",\"description\":\"\",\"potentialAction\":[{\"@type\":\"SearchAction\",\"target\":{\"@type\":\"EntryPoint\",\"urlTemplate\":\"https:\\\/\\\/www.ssyl.fi\\\/de\\\/?s={search_term_string}\"},\"query-input\":{\"@type\":\"PropertyValueSpecification\",\"valueRequired\":true,\"valueName\":\"search_term_string\"}}],\"inLanguage\":\"de-DE\"},{\"@type\":\"Person\",\"@id\":\"https:\\\/\\\/www.ssyl.fi\\\/de\\\/#\\\/schema\\\/person\\\/bca1dcebb660e436912037dec6c0af97\",\"name\":\"su\",\"image\":{\"@type\":\"ImageObject\",\"inLanguage\":\"de-DE\",\"@id\":\"https:\\\/\\\/secure.gravatar.com\\\/avatar\\\/9b55bc1571b94e7d820a0d2181aad3ff43a88ed36fcd149690e9b3b58274f822?s=96&d=mm&r=g\",\"url\":\"https:\\\/\\\/secure.gravatar.com\\\/avatar\\\/9b55bc1571b94e7d820a0d2181aad3ff43a88ed36fcd149690e9b3b58274f822?s=96&d=mm&r=g\",\"contentUrl\":\"https:\\\/\\\/secure.gravatar.com\\\/avatar\\\/9b55bc1571b94e7d820a0d2181aad3ff43a88ed36fcd149690e9b3b58274f822?s=96&d=mm&r=g\",\"caption\":\"su\"},\"url\":\"https:\\\/\\\/www.ssyl.fi\\\/de\\\/author\\\/su\\\/\"}]}<\/script>\n<!-- \/ Yoast SEO plugin. -->","yoast_head_json":{"title":"SSYL-B\u00fcro 25.6.-31.7. in Sommerpause - Suomi-Saksa Yhdistysten Liitto ry","robots":{"index":"index","follow":"follow","max-snippet":"max-snippet:-1","max-image-preview":"max-image-preview:large","max-video-preview":"max-video-preview:-1"},"canonical":"https:\/\/www.ssyl.fi\/de\/aktuelles\/ssyln-toimisto-kesatauolla-25-6-31-7\/","og_locale":"de_DE","og_type":"article","og_title":"SSYL-B\u00fcro 25.6.-31.7. in Sommerpause - Suomi-Saksa Yhdistysten Liitto ry","og_description":"SSYL:n toimisto on kes\u00e4tauolla suljettuna 25.6.-31.7.2018. Tavoitatte meid\u00e4t taas 1. elokuuta alkaen. Toivotamme kaikille oikein hyv\u00e4\u00e4 kes\u00e4\u00e4 &#8211; wir w\u00fcnschen Ihnen einen sch\u00f6nen Sommer! Das B\u00fcro des SSYL ist vom 25.6.-31.7. in der Sommerpause geschlossen. Sie erreichen uns wieder ab den 1. August. Wir w\u00fcnschen allen einen sch\u00f6nen Sommer!","og_url":"https:\/\/www.ssyl.fi\/de\/aktuelles\/ssyln-toimisto-kesatauolla-25-6-31-7\/","og_site_name":"Suomi-Saksa Yhdistysten Liitto ry","article_publisher":"http:\/\/www.facebook.com\/ssyl.fi","article_published_time":"2018-06-05T07:17:54+00:00","article_modified_time":"2019-09-27T08:30:58+00:00","og_image":[{"url":"https:\/\/www.ssyl.fi\/content\/uploads\/2018\/06\/Kansi_valkeat-kukat-nettiin-300x200.jpg","type":"","width":"","height":""}],"author":"su","twitter_card":"summary_large_image","twitter_misc":{"Written by":"su"},"schema":{"@context":"https:\/\/schema.org","@graph":[{"@type":"Article","@id":"https:\/\/www.ssyl.fi\/de\/aktuelles\/ssyln-toimisto-kesatauolla-25-6-31-7\/#article","isPartOf":{"@id":"https:\/\/www.ssyl.fi\/de\/aktuelles\/ssyln-toimisto-kesatauolla-25-6-31-7\/"},"author":{"name":"su","@id":"https:\/\/www.ssyl.fi\/de\/#\/schema\/person\/bca1dcebb660e436912037dec6c0af97"},"headline":"SSYL-B\u00fcro 25.6.-31.7. in Sommerpause","datePublished":"2018-06-05T07:17:54+00:00","dateModified":"2019-09-27T08:30:58+00:00","mainEntityOfPage":{"@id":"https:\/\/www.ssyl.fi\/de\/aktuelles\/ssyln-toimisto-kesatauolla-25-6-31-7\/"},"wordCount":60,"image":{"@id":"https:\/\/www.ssyl.fi\/de\/aktuelles\/ssyln-toimisto-kesatauolla-25-6-31-7\/#primaryimage"},"thumbnailUrl":"https:\/\/www.ssyl.fi\/content\/uploads\/2018\/06\/Kansi_valkeat-kukat-nettiin-300x200.jpg","articleSection":["Aktuelles"],"inLanguage":"de-DE"},{"@type":"WebPage","@id":"https:\/\/www.ssyl.fi\/de\/aktuelles\/ssyln-toimisto-kesatauolla-25-6-31-7\/","url":"https:\/\/www.ssyl.fi\/de\/aktuelles\/ssyln-toimisto-kesatauolla-25-6-31-7\/","name":"SSYL-B\u00fcro 25.6.-31.7. in Sommerpause - Suomi-Saksa Yhdistysten Liitto ry","isPartOf":{"@id":"https:\/\/www.ssyl.fi\/de\/#website"},"primaryImageOfPage":{"@id":"https:\/\/www.ssyl.fi\/de\/aktuelles\/ssyln-toimisto-kesatauolla-25-6-31-7\/#primaryimage"},"image":{"@id":"https:\/\/www.ssyl.fi\/de\/aktuelles\/ssyln-toimisto-kesatauolla-25-6-31-7\/#primaryimage"},"thumbnailUrl":"https:\/\/www.ssyl.fi\/content\/uploads\/2018\/06\/Kansi_valkeat-kukat-nettiin-300x200.jpg","datePublished":"2018-06-05T07:17:54+00:00","dateModified":"2019-09-27T08:30:58+00:00","author":{"@id":"https:\/\/www.ssyl.fi\/de\/#\/schema\/person\/bca1dcebb660e436912037dec6c0af97"},"breadcrumb":{"@id":"https:\/\/www.ssyl.fi\/de\/aktuelles\/ssyln-toimisto-kesatauolla-25-6-31-7\/#breadcrumb"},"inLanguage":"de-DE","potentialAction":[{"@type":"ReadAction","target":["https:\/\/www.ssyl.fi\/de\/aktuelles\/ssyln-toimisto-kesatauolla-25-6-31-7\/"]}]},{"@type":"ImageObject","inLanguage":"de-DE","@id":"https:\/\/www.ssyl.fi\/de\/aktuelles\/ssyln-toimisto-kesatauolla-25-6-31-7\/#primaryimage","url":"https:\/\/www.ssyl.fi\/content\/uploads\/2018\/06\/Kansi_valkeat-kukat-nettiin-300x200.jpg","contentUrl":"https:\/\/www.ssyl.fi\/content\/uploads\/2018\/06\/Kansi_valkeat-kukat-nettiin-300x200.jpg"},{"@type":"BreadcrumbList","@id":"https:\/\/www.ssyl.fi\/de\/aktuelles\/ssyln-toimisto-kesatauolla-25-6-31-7\/#breadcrumb","itemListElement":[{"@type":"ListItem","position":1,"name":"Home","item":"https:\/\/www.ssyl.fi\/de\/"},{"@type":"ListItem","position":2,"name":"SSYL-B\u00fcro 25.6.-31.7. in Sommerpause"}]},{"@type":"WebSite","@id":"https:\/\/www.ssyl.fi\/de\/#website","url":"https:\/\/www.ssyl.fi\/de\/","name":"Suomi-Saksa Yhdistysten Liitto ry","description":"","potentialAction":[{"@type":"SearchAction","target":{"@type":"EntryPoint","urlTemplate":"https:\/\/www.ssyl.fi\/de\/?s={search_term_string}"},"query-input":{"@type":"PropertyValueSpecification","valueRequired":true,"valueName":"search_term_string"}}],"inLanguage":"de-DE"},{"@type":"Person","@id":"https:\/\/www.ssyl.fi\/de\/#\/schema\/person\/bca1dcebb660e436912037dec6c0af97","name":"su","image":{"@type":"ImageObject","inLanguage":"de-DE","@id":"https:\/\/secure.gravatar.com\/avatar\/9b55bc1571b94e7d820a0d2181aad3ff43a88ed36fcd149690e9b3b58274f822?s=96&d=mm&r=g","url":"https:\/\/secure.gravatar.com\/avatar\/9b55bc1571b94e7d820a0d2181aad3ff43a88ed36fcd149690e9b3b58274f822?s=96&d=mm&r=g","contentUrl":"https:\/\/secure.gravatar.com\/avatar\/9b55bc1571b94e7d820a0d2181aad3ff43a88ed36fcd149690e9b3b58274f822?s=96&d=mm&r=g","caption":"su"},"url":"https:\/\/www.ssyl.fi\/de\/author\/su\/"}]}},"_links":{"self":[{"href":"https:\/\/www.ssyl.fi\/de\/wp-json\/wp\/v2\/posts\/4478","targetHints":{"allow":["GET"]}}],"collection":[{"href":"https:\/\/www.ssyl.fi\/de\/wp-json\/wp\/v2\/posts"}],"about":[{"href":"https:\/\/www.ssyl.fi\/de\/wp-json\/wp\/v2\/types\/post"}],"author":[{"embeddable":true,"href":"https:\/\/www.ssyl.fi\/de\/wp-json\/wp\/v2\/users\/1"}],"replies":[{"embeddable":true,"href":"https:\/\/www.ssyl.fi\/de\/wp-json\/wp\/v2\/comments?post=4478"}],"version-history":[{"count":1,"href":"https:\/\/www.ssyl.fi\/de\/wp-json\/wp\/v2\/posts\/4478\/revisions"}],"predecessor-version":[{"id":6957,"href":"https:\/\/www.ssyl.fi\/de\/wp-json\/wp\/v2\/posts\/4478\/revisions\/6957"}],"wp:attachment":[{"href":"https:\/\/www.ssyl.fi\/de\/wp-json\/wp\/v2\/media?parent=4478"}],"wp:term":[{"taxonomy":"category","embeddable":true,"href":"https:\/\/www.ssyl.fi\/de\/wp-json\/wp\/v2\/categories?post=4478"},{"taxonomy":"post_tag","embeddable":true,"href":"https:\/\/www.ssyl.fi\/de\/wp-json\/wp\/v2\/tags?post=4478"}],"curies":[{"name":"wp","href":"https:\/\/api.w.org\/{rel}","templated":true}]}}