{"id":4511,"date":"2018-10-02T08:00:23","date_gmt":"2018-10-02T05:00:23","guid":{"rendered":"https:\/\/www.ssyl.fi\/?p=4511"},"modified":"2019-09-27T11:30:00","modified_gmt":"2019-09-27T08:30:00","slug":"de-musik-kabarett-im-herbst-marco-tschirpke-auf-vereinstournee","status":"publish","type":"post","link":"https:\/\/www.ssyl.fi\/de\/aktuelles\/de-musik-kabarett-im-herbst-marco-tschirpke-auf-vereinstournee\/","title":{"rendered":"Musik-Kabarett im Herbst! Marco Tschirpke auf Vereinstournee"},"content":{"rendered":"<p><!--:fi--><strong><strong><a href=\"https:\/\/www.ssyl.fi\/content\/uploads\/2018\/08\/Marco-Tschirpke-kuva-Programm1.png\"><img loading=\"lazy\" decoding=\"async\" class=\"alignleft size-medium wp-image-4514\" title=\"Marco Tschirpke kuva Programm\" src=\"https:\/\/www.ssyl.fi\/content\/uploads\/2018\/08\/Marco-Tschirpke-kuva-Programm1-212x300.png\" alt=\"\" width=\"212\" height=\"300\" \/><\/a>Marco Tschirpke auf Finnland-Tournee 7.-11.10.2018<\/strong><\/strong><\/p>\n<p><strong>EMPIRISCH BELEGTE BR\u00d6TCHEN<\/strong><\/p>\n<p><strong>Gedichte &amp; Lieder \u2013 in \u00fcberwiegend komischer Manier<\/strong><\/p>\n<p>Ob Gedicht oder Klavierlied \u2013 der Komiker Marco Tschirpke wei\u00df sich kurzzufassen. Gespickt mit Verweisen auf Kunst und Geschichte, bedeutet ein Abend mit dem Gewinner des Deutschen Kleinkunstpreises 2018 vor allem ein intellektuelles Vergn\u00fcgen.<\/p>\n<p>Wie er das Heute mit dem Gestern und das Hohe mit dem Tiefen verquickt, das ist so unversch\u00e4mt lustvoll und unterhaltsam, da\u00df sein Publikum davon oft nicht genug bekommen kann. Wobei auch die K\u00fcchenlyrik nicht zu kurz kommt. Kostprobe gef\u00e4llig? \u201eFONDUE \u2013 das meint: An runden Tischen \/ Gemeinschaftlich im Tr\u00fcben fischen.\u201c<\/p>\n<p>Da\u00df Tschirpke zugleich als einer der gewieftesten Pianist seiner Branche gilt, verdankt er einer Spielfreude, die ihn oft zu halsbrecherischen Man\u00f6vern verf\u00fchrt. Sein letzter Gedichtband \u201eFr\u00fchling, Sommer, Herbst und G\u00fcnther\u201c (2015) avancierte zum Spiegelbestseller.<\/p>\n<p>Auftrittstermine:<\/p>\n<p>So 7.10. OULU, Voimala 1889, Kasarmintie 1, 18 Uhr<\/p>\n<p>Mo 8.10. HELSINKI, Deutsche Schule Helsinki, Malminkatu 14, 18 Uhr<\/p>\n<p>Di 9.10. TAMPERE, Kulturhaus Laikku, Keskustori 4, 19.30 Uhr<\/p>\n<p>Mi 10.10. TURKU, Ravintolalaiva Majland, Linnankatu 38, 19 Uhr, Einlass 18 Uhr<\/p>\n<p>Do 11.10. JYV\u00c4SKYL\u00c4, Talliteatteri Julius, H\u00e4meenpohjantie 50, 18 Uhr<\/p>\n<p>Eintritt frei &#8211; herzlich willkommen!<\/p>\n<p>Die Tournee von Marco Tschirpke wird von dem Verband der Finnisch-Deutschen Vereine e.V. organisiert und von der Aue Stiftung unterst\u00fctzt. Wir danken der Deutschen Schule f\u00fcr die Unterst\u00fctzung des Auftrittes in Helsinki.<\/p>\n<p><strong><br \/>\n<\/strong><!--:--><!--:de--><strong><a href=\"https:\/\/www.ssyl.fi\/content\/uploads\/2018\/08\/Marco-Tschirpke-kuva-Programm1.png\"><img loading=\"lazy\" decoding=\"async\" class=\"alignleft size-medium wp-image-4514\" title=\"Marco Tschirpke kuva Programm\" src=\"https:\/\/www.ssyl.fi\/content\/uploads\/2018\/08\/Marco-Tschirpke-kuva-Programm1-212x300.png\" alt=\"\" width=\"212\" height=\"300\" \/><\/a>Marco Tschirpke auf Finnland-Tournee 7.-11.10.2018<\/strong><\/p>\n<p><strong>EMPIRISCH BELEGTE BR\u00d6TCHEN<\/strong><\/p>\n<p><strong>Gedichte &amp; Lieder \u2013 in \u00fcberwiegend komischer Manier<\/strong><\/p>\n<p>Ob Gedicht oder Klavierlied \u2013 der Komiker Marco Tschirpke wei\u00df sich kurzzufassen. Gespickt mit Verweisen auf Kunst und Geschichte, bedeutet ein Abend mit dem Gewinner des Deutschen Kleinkunstpreises 2018 vor allem ein intellektuelles Vergn\u00fcgen.<\/p>\n<p>Wie er das Heute mit dem Gestern und das Hohe mit dem Tiefen verquickt, das ist so unversch\u00e4mt lustvoll und unterhaltsam, da\u00df sein Publikum davon oft nicht genug bekommen kann. Wobei auch die K\u00fcchenlyrik nicht zu kurz kommt. Kostprobe gef\u00e4llig? \u201eFONDUE \u2013 das meint: An runden Tischen \/ Gemeinschaftlich im Tr\u00fcben fischen.\u201c<\/p>\n<p>Da\u00df Tschirpke zugleich als einer der gewieftesten Pianist seiner Branche gilt, verdankt er einer Spielfreude, die ihn oft zu halsbrecherischen Man\u00f6vern verf\u00fchrt. Sein letzter Gedichtband \u201eFr\u00fchling, Sommer, Herbst und G\u00fcnther\u201c (2015) avancierte zum Spiegelbestseller.<\/p>\n<p>Auftrittstermine:<\/p>\n<p>So 7.10. OULU, Voimala 1889, Kasarmintie 1, 18 Uhr<\/p>\n<p>Mo 8.10. HELSINKI, Deutsche Schule Helsinki, Malminkatu 14, 18 Uhr<\/p>\n<p>Di 9.10. TAMPERE, Kulturhaus Laikku, Keskustori 4, 19.30 Uhr<\/p>\n<p>Mi 10.10. TURKU, Ravintolalaiva Majland, Linnankatu 38, 19 Uhr, Einlass 18 Uhr<\/p>\n<p>Do 11.10. JYV\u00c4SKYL\u00c4, Talliteatteri Julius, H\u00e4meenpohjantie 50, 18 Uhr<\/p>\n<p>Eintritt frei &#8211; herzlich willkommen!<\/p>\n<p>Die Tournee von Marco Tschirpke wird von dem Verband der Finnisch-Deutschen Vereine e.V. organisiert und von der Aue Stiftung unterst\u00fctzt. Wir danken der Deutschen Schule f\u00fcr die Unterst\u00fctzung des Auftrittes in Helsinki.<!--:--><\/p>\n","protected":false},"excerpt":{"rendered":"<p>Marco Tschirpke auf Finnland-Tournee 7.-11.10.2018 EMPIRISCH BELEGTE BR\u00d6TCHEN Gedichte &amp; Lieder \u2013 in \u00fcberwiegend komischer Manier Ob Gedicht oder Klavierlied \u2013 der Komiker Marco Tschirpke wei\u00df sich kurzzufassen. Gespickt mit Verweisen auf Kunst und Geschichte, bedeutet ein Abend mit dem Gewinner des Deutschen Kleinkunstpreises 2018 vor allem ein intellektuelles Vergn\u00fcgen. Wie er das Heute mit [&hellip;]<\/p>\n","protected":false},"author":1,"featured_media":0,"comment_status":"closed","ping_status":"closed","sticky":false,"template":"","format":"standard","meta":{"footnotes":""},"categories":[14],"tags":[],"class_list":["post-4511","post","type-post","status-publish","format-standard","hentry","category-aktuelles"],"yoast_head":"<!-- This site is optimized with the Yoast SEO plugin v27.3 - https:\/\/yoast.com\/product\/yoast-seo-wordpress\/ -->\n<title>Musik-Kabarett im Herbst! Marco Tschirpke auf Vereinstournee - Suomi-Saksa Yhdistysten Liitto ry<\/title>\n<meta name=\"robots\" content=\"index, follow, max-snippet:-1, max-image-preview:large, max-video-preview:-1\" \/>\n<link rel=\"canonical\" href=\"https:\/\/www.ssyl.fi\/de\/aktuelles\/de-musik-kabarett-im-herbst-marco-tschirpke-auf-vereinstournee\/\" \/>\n<meta property=\"og:locale\" content=\"de_DE\" \/>\n<meta property=\"og:type\" content=\"article\" \/>\n<meta property=\"og:title\" content=\"Musik-Kabarett im Herbst! Marco Tschirpke auf Vereinstournee - Suomi-Saksa Yhdistysten Liitto ry\" \/>\n<meta property=\"og:description\" content=\"Marco Tschirpke auf Finnland-Tournee 7.-11.10.2018 EMPIRISCH BELEGTE BR\u00d6TCHEN Gedichte &amp; Lieder \u2013 in \u00fcberwiegend komischer Manier Ob Gedicht oder Klavierlied \u2013 der Komiker Marco Tschirpke wei\u00df sich kurzzufassen. Gespickt mit Verweisen auf Kunst und Geschichte, bedeutet ein Abend mit dem Gewinner des Deutschen Kleinkunstpreises 2018 vor allem ein intellektuelles Vergn\u00fcgen. Wie er das Heute mit [&hellip;]\" \/>\n<meta property=\"og:url\" content=\"https:\/\/www.ssyl.fi\/de\/aktuelles\/de-musik-kabarett-im-herbst-marco-tschirpke-auf-vereinstournee\/\" \/>\n<meta property=\"og:site_name\" content=\"Suomi-Saksa Yhdistysten Liitto ry\" \/>\n<meta property=\"article:publisher\" content=\"http:\/\/www.facebook.com\/ssyl.fi\" \/>\n<meta property=\"article:published_time\" content=\"2018-10-02T05:00:23+00:00\" \/>\n<meta property=\"article:modified_time\" content=\"2019-09-27T08:30:00+00:00\" \/>\n<meta property=\"og:image\" content=\"https:\/\/www.ssyl.fi\/content\/uploads\/2018\/08\/Marco-Tschirpke-kuva-Programm1-212x300.png\" \/>\n<meta name=\"author\" content=\"su\" \/>\n<meta name=\"twitter:card\" content=\"summary_large_image\" \/>\n<meta name=\"twitter:label1\" content=\"Written by\" \/>\n\t<meta name=\"twitter:data1\" content=\"su\" \/>\n\t<meta name=\"twitter:label2\" content=\"Est. reading time\" \/>\n\t<meta name=\"twitter:data2\" content=\"2 minutes\" \/>\n<script type=\"application\/ld+json\" class=\"yoast-schema-graph\">{\"@context\":\"https:\\\/\\\/schema.org\",\"@graph\":[{\"@type\":\"Article\",\"@id\":\"https:\\\/\\\/www.ssyl.fi\\\/de\\\/aktuelles\\\/de-musik-kabarett-im-herbst-marco-tschirpke-auf-vereinstournee\\\/#article\",\"isPartOf\":{\"@id\":\"https:\\\/\\\/www.ssyl.fi\\\/de\\\/aktuelles\\\/de-musik-kabarett-im-herbst-marco-tschirpke-auf-vereinstournee\\\/\"},\"author\":{\"name\":\"su\",\"@id\":\"https:\\\/\\\/www.ssyl.fi\\\/de\\\/#\\\/schema\\\/person\\\/bca1dcebb660e436912037dec6c0af97\"},\"headline\":\"Musik-Kabarett im Herbst! Marco Tschirpke auf Vereinstournee\",\"datePublished\":\"2018-10-02T05:00:23+00:00\",\"dateModified\":\"2019-09-27T08:30:00+00:00\",\"mainEntityOfPage\":{\"@id\":\"https:\\\/\\\/www.ssyl.fi\\\/de\\\/aktuelles\\\/de-musik-kabarett-im-herbst-marco-tschirpke-auf-vereinstournee\\\/\"},\"wordCount\":439,\"image\":{\"@id\":\"https:\\\/\\\/www.ssyl.fi\\\/de\\\/aktuelles\\\/de-musik-kabarett-im-herbst-marco-tschirpke-auf-vereinstournee\\\/#primaryimage\"},\"thumbnailUrl\":\"https:\\\/\\\/www.ssyl.fi\\\/content\\\/uploads\\\/2018\\\/08\\\/Marco-Tschirpke-kuva-Programm1-212x300.png\",\"articleSection\":[\"Aktuelles\"],\"inLanguage\":\"de-DE\"},{\"@type\":\"WebPage\",\"@id\":\"https:\\\/\\\/www.ssyl.fi\\\/de\\\/aktuelles\\\/de-musik-kabarett-im-herbst-marco-tschirpke-auf-vereinstournee\\\/\",\"url\":\"https:\\\/\\\/www.ssyl.fi\\\/de\\\/aktuelles\\\/de-musik-kabarett-im-herbst-marco-tschirpke-auf-vereinstournee\\\/\",\"name\":\"Musik-Kabarett im Herbst! Marco Tschirpke auf Vereinstournee - Suomi-Saksa Yhdistysten Liitto ry\",\"isPartOf\":{\"@id\":\"https:\\\/\\\/www.ssyl.fi\\\/de\\\/#website\"},\"primaryImageOfPage\":{\"@id\":\"https:\\\/\\\/www.ssyl.fi\\\/de\\\/aktuelles\\\/de-musik-kabarett-im-herbst-marco-tschirpke-auf-vereinstournee\\\/#primaryimage\"},\"image\":{\"@id\":\"https:\\\/\\\/www.ssyl.fi\\\/de\\\/aktuelles\\\/de-musik-kabarett-im-herbst-marco-tschirpke-auf-vereinstournee\\\/#primaryimage\"},\"thumbnailUrl\":\"https:\\\/\\\/www.ssyl.fi\\\/content\\\/uploads\\\/2018\\\/08\\\/Marco-Tschirpke-kuva-Programm1-212x300.png\",\"datePublished\":\"2018-10-02T05:00:23+00:00\",\"dateModified\":\"2019-09-27T08:30:00+00:00\",\"author\":{\"@id\":\"https:\\\/\\\/www.ssyl.fi\\\/de\\\/#\\\/schema\\\/person\\\/bca1dcebb660e436912037dec6c0af97\"},\"breadcrumb\":{\"@id\":\"https:\\\/\\\/www.ssyl.fi\\\/de\\\/aktuelles\\\/de-musik-kabarett-im-herbst-marco-tschirpke-auf-vereinstournee\\\/#breadcrumb\"},\"inLanguage\":\"de-DE\",\"potentialAction\":[{\"@type\":\"ReadAction\",\"target\":[\"https:\\\/\\\/www.ssyl.fi\\\/de\\\/aktuelles\\\/de-musik-kabarett-im-herbst-marco-tschirpke-auf-vereinstournee\\\/\"]}]},{\"@type\":\"ImageObject\",\"inLanguage\":\"de-DE\",\"@id\":\"https:\\\/\\\/www.ssyl.fi\\\/de\\\/aktuelles\\\/de-musik-kabarett-im-herbst-marco-tschirpke-auf-vereinstournee\\\/#primaryimage\",\"url\":\"https:\\\/\\\/www.ssyl.fi\\\/content\\\/uploads\\\/2018\\\/08\\\/Marco-Tschirpke-kuva-Programm1-212x300.png\",\"contentUrl\":\"https:\\\/\\\/www.ssyl.fi\\\/content\\\/uploads\\\/2018\\\/08\\\/Marco-Tschirpke-kuva-Programm1-212x300.png\"},{\"@type\":\"BreadcrumbList\",\"@id\":\"https:\\\/\\\/www.ssyl.fi\\\/de\\\/aktuelles\\\/de-musik-kabarett-im-herbst-marco-tschirpke-auf-vereinstournee\\\/#breadcrumb\",\"itemListElement\":[{\"@type\":\"ListItem\",\"position\":1,\"name\":\"Home\",\"item\":\"https:\\\/\\\/www.ssyl.fi\\\/de\\\/\"},{\"@type\":\"ListItem\",\"position\":2,\"name\":\"Musik-Kabarett im Herbst! Marco Tschirpke auf Vereinstournee\"}]},{\"@type\":\"WebSite\",\"@id\":\"https:\\\/\\\/www.ssyl.fi\\\/de\\\/#website\",\"url\":\"https:\\\/\\\/www.ssyl.fi\\\/de\\\/\",\"name\":\"Suomi-Saksa Yhdistysten Liitto ry\",\"description\":\"\",\"potentialAction\":[{\"@type\":\"SearchAction\",\"target\":{\"@type\":\"EntryPoint\",\"urlTemplate\":\"https:\\\/\\\/www.ssyl.fi\\\/de\\\/?s={search_term_string}\"},\"query-input\":{\"@type\":\"PropertyValueSpecification\",\"valueRequired\":true,\"valueName\":\"search_term_string\"}}],\"inLanguage\":\"de-DE\"},{\"@type\":\"Person\",\"@id\":\"https:\\\/\\\/www.ssyl.fi\\\/de\\\/#\\\/schema\\\/person\\\/bca1dcebb660e436912037dec6c0af97\",\"name\":\"su\",\"image\":{\"@type\":\"ImageObject\",\"inLanguage\":\"de-DE\",\"@id\":\"https:\\\/\\\/secure.gravatar.com\\\/avatar\\\/9b55bc1571b94e7d820a0d2181aad3ff43a88ed36fcd149690e9b3b58274f822?s=96&d=mm&r=g\",\"url\":\"https:\\\/\\\/secure.gravatar.com\\\/avatar\\\/9b55bc1571b94e7d820a0d2181aad3ff43a88ed36fcd149690e9b3b58274f822?s=96&d=mm&r=g\",\"contentUrl\":\"https:\\\/\\\/secure.gravatar.com\\\/avatar\\\/9b55bc1571b94e7d820a0d2181aad3ff43a88ed36fcd149690e9b3b58274f822?s=96&d=mm&r=g\",\"caption\":\"su\"},\"url\":\"https:\\\/\\\/www.ssyl.fi\\\/de\\\/author\\\/su\\\/\"}]}<\/script>\n<!-- \/ Yoast SEO plugin. -->","yoast_head_json":{"title":"Musik-Kabarett im Herbst! Marco Tschirpke auf Vereinstournee - Suomi-Saksa Yhdistysten Liitto ry","robots":{"index":"index","follow":"follow","max-snippet":"max-snippet:-1","max-image-preview":"max-image-preview:large","max-video-preview":"max-video-preview:-1"},"canonical":"https:\/\/www.ssyl.fi\/de\/aktuelles\/de-musik-kabarett-im-herbst-marco-tschirpke-auf-vereinstournee\/","og_locale":"de_DE","og_type":"article","og_title":"Musik-Kabarett im Herbst! Marco Tschirpke auf Vereinstournee - Suomi-Saksa Yhdistysten Liitto ry","og_description":"Marco Tschirpke auf Finnland-Tournee 7.-11.10.2018 EMPIRISCH BELEGTE BR\u00d6TCHEN Gedichte &amp; Lieder \u2013 in \u00fcberwiegend komischer Manier Ob Gedicht oder Klavierlied \u2013 der Komiker Marco Tschirpke wei\u00df sich kurzzufassen. Gespickt mit Verweisen auf Kunst und Geschichte, bedeutet ein Abend mit dem Gewinner des Deutschen Kleinkunstpreises 2018 vor allem ein intellektuelles Vergn\u00fcgen. Wie er das Heute mit [&hellip;]","og_url":"https:\/\/www.ssyl.fi\/de\/aktuelles\/de-musik-kabarett-im-herbst-marco-tschirpke-auf-vereinstournee\/","og_site_name":"Suomi-Saksa Yhdistysten Liitto ry","article_publisher":"http:\/\/www.facebook.com\/ssyl.fi","article_published_time":"2018-10-02T05:00:23+00:00","article_modified_time":"2019-09-27T08:30:00+00:00","og_image":[{"url":"https:\/\/www.ssyl.fi\/content\/uploads\/2018\/08\/Marco-Tschirpke-kuva-Programm1-212x300.png","type":"","width":"","height":""}],"author":"su","twitter_card":"summary_large_image","twitter_misc":{"Written by":"su","Est. reading time":"2 minutes"},"schema":{"@context":"https:\/\/schema.org","@graph":[{"@type":"Article","@id":"https:\/\/www.ssyl.fi\/de\/aktuelles\/de-musik-kabarett-im-herbst-marco-tschirpke-auf-vereinstournee\/#article","isPartOf":{"@id":"https:\/\/www.ssyl.fi\/de\/aktuelles\/de-musik-kabarett-im-herbst-marco-tschirpke-auf-vereinstournee\/"},"author":{"name":"su","@id":"https:\/\/www.ssyl.fi\/de\/#\/schema\/person\/bca1dcebb660e436912037dec6c0af97"},"headline":"Musik-Kabarett im Herbst! Marco Tschirpke auf Vereinstournee","datePublished":"2018-10-02T05:00:23+00:00","dateModified":"2019-09-27T08:30:00+00:00","mainEntityOfPage":{"@id":"https:\/\/www.ssyl.fi\/de\/aktuelles\/de-musik-kabarett-im-herbst-marco-tschirpke-auf-vereinstournee\/"},"wordCount":439,"image":{"@id":"https:\/\/www.ssyl.fi\/de\/aktuelles\/de-musik-kabarett-im-herbst-marco-tschirpke-auf-vereinstournee\/#primaryimage"},"thumbnailUrl":"https:\/\/www.ssyl.fi\/content\/uploads\/2018\/08\/Marco-Tschirpke-kuva-Programm1-212x300.png","articleSection":["Aktuelles"],"inLanguage":"de-DE"},{"@type":"WebPage","@id":"https:\/\/www.ssyl.fi\/de\/aktuelles\/de-musik-kabarett-im-herbst-marco-tschirpke-auf-vereinstournee\/","url":"https:\/\/www.ssyl.fi\/de\/aktuelles\/de-musik-kabarett-im-herbst-marco-tschirpke-auf-vereinstournee\/","name":"Musik-Kabarett im Herbst! Marco Tschirpke auf Vereinstournee - Suomi-Saksa Yhdistysten Liitto ry","isPartOf":{"@id":"https:\/\/www.ssyl.fi\/de\/#website"},"primaryImageOfPage":{"@id":"https:\/\/www.ssyl.fi\/de\/aktuelles\/de-musik-kabarett-im-herbst-marco-tschirpke-auf-vereinstournee\/#primaryimage"},"image":{"@id":"https:\/\/www.ssyl.fi\/de\/aktuelles\/de-musik-kabarett-im-herbst-marco-tschirpke-auf-vereinstournee\/#primaryimage"},"thumbnailUrl":"https:\/\/www.ssyl.fi\/content\/uploads\/2018\/08\/Marco-Tschirpke-kuva-Programm1-212x300.png","datePublished":"2018-10-02T05:00:23+00:00","dateModified":"2019-09-27T08:30:00+00:00","author":{"@id":"https:\/\/www.ssyl.fi\/de\/#\/schema\/person\/bca1dcebb660e436912037dec6c0af97"},"breadcrumb":{"@id":"https:\/\/www.ssyl.fi\/de\/aktuelles\/de-musik-kabarett-im-herbst-marco-tschirpke-auf-vereinstournee\/#breadcrumb"},"inLanguage":"de-DE","potentialAction":[{"@type":"ReadAction","target":["https:\/\/www.ssyl.fi\/de\/aktuelles\/de-musik-kabarett-im-herbst-marco-tschirpke-auf-vereinstournee\/"]}]},{"@type":"ImageObject","inLanguage":"de-DE","@id":"https:\/\/www.ssyl.fi\/de\/aktuelles\/de-musik-kabarett-im-herbst-marco-tschirpke-auf-vereinstournee\/#primaryimage","url":"https:\/\/www.ssyl.fi\/content\/uploads\/2018\/08\/Marco-Tschirpke-kuva-Programm1-212x300.png","contentUrl":"https:\/\/www.ssyl.fi\/content\/uploads\/2018\/08\/Marco-Tschirpke-kuva-Programm1-212x300.png"},{"@type":"BreadcrumbList","@id":"https:\/\/www.ssyl.fi\/de\/aktuelles\/de-musik-kabarett-im-herbst-marco-tschirpke-auf-vereinstournee\/#breadcrumb","itemListElement":[{"@type":"ListItem","position":1,"name":"Home","item":"https:\/\/www.ssyl.fi\/de\/"},{"@type":"ListItem","position":2,"name":"Musik-Kabarett im Herbst! Marco Tschirpke auf Vereinstournee"}]},{"@type":"WebSite","@id":"https:\/\/www.ssyl.fi\/de\/#website","url":"https:\/\/www.ssyl.fi\/de\/","name":"Suomi-Saksa Yhdistysten Liitto ry","description":"","potentialAction":[{"@type":"SearchAction","target":{"@type":"EntryPoint","urlTemplate":"https:\/\/www.ssyl.fi\/de\/?s={search_term_string}"},"query-input":{"@type":"PropertyValueSpecification","valueRequired":true,"valueName":"search_term_string"}}],"inLanguage":"de-DE"},{"@type":"Person","@id":"https:\/\/www.ssyl.fi\/de\/#\/schema\/person\/bca1dcebb660e436912037dec6c0af97","name":"su","image":{"@type":"ImageObject","inLanguage":"de-DE","@id":"https:\/\/secure.gravatar.com\/avatar\/9b55bc1571b94e7d820a0d2181aad3ff43a88ed36fcd149690e9b3b58274f822?s=96&d=mm&r=g","url":"https:\/\/secure.gravatar.com\/avatar\/9b55bc1571b94e7d820a0d2181aad3ff43a88ed36fcd149690e9b3b58274f822?s=96&d=mm&r=g","contentUrl":"https:\/\/secure.gravatar.com\/avatar\/9b55bc1571b94e7d820a0d2181aad3ff43a88ed36fcd149690e9b3b58274f822?s=96&d=mm&r=g","caption":"su"},"url":"https:\/\/www.ssyl.fi\/de\/author\/su\/"}]}},"_links":{"self":[{"href":"https:\/\/www.ssyl.fi\/de\/wp-json\/wp\/v2\/posts\/4511","targetHints":{"allow":["GET"]}}],"collection":[{"href":"https:\/\/www.ssyl.fi\/de\/wp-json\/wp\/v2\/posts"}],"about":[{"href":"https:\/\/www.ssyl.fi\/de\/wp-json\/wp\/v2\/types\/post"}],"author":[{"embeddable":true,"href":"https:\/\/www.ssyl.fi\/de\/wp-json\/wp\/v2\/users\/1"}],"replies":[{"embeddable":true,"href":"https:\/\/www.ssyl.fi\/de\/wp-json\/wp\/v2\/comments?post=4511"}],"version-history":[{"count":1,"href":"https:\/\/www.ssyl.fi\/de\/wp-json\/wp\/v2\/posts\/4511\/revisions"}],"predecessor-version":[{"id":6955,"href":"https:\/\/www.ssyl.fi\/de\/wp-json\/wp\/v2\/posts\/4511\/revisions\/6955"}],"wp:attachment":[{"href":"https:\/\/www.ssyl.fi\/de\/wp-json\/wp\/v2\/media?parent=4511"}],"wp:term":[{"taxonomy":"category","embeddable":true,"href":"https:\/\/www.ssyl.fi\/de\/wp-json\/wp\/v2\/categories?post=4511"},{"taxonomy":"post_tag","embeddable":true,"href":"https:\/\/www.ssyl.fi\/de\/wp-json\/wp\/v2\/tags?post=4511"}],"curies":[{"name":"wp","href":"https:\/\/api.w.org\/{rel}","templated":true}]}}