{"id":4750,"date":"2019-02-06T09:54:11","date_gmt":"2019-02-06T07:54:11","guid":{"rendered":"https:\/\/www.ssyl.fi\/?p=4750"},"modified":"2019-09-27T11:29:18","modified_gmt":"2019-09-27T08:29:18","slug":"ingrid-und-ulf-annel-im-marz-april-auf-finnland-tournee","status":"publish","type":"post","link":"https:\/\/www.ssyl.fi\/de\/aktuelles\/ingrid-und-ulf-annel-im-marz-april-auf-finnland-tournee\/","title":{"rendered":"Ingrid und Ulf Annel im M\u00e4rz-April auf Finnland-Tournee"},"content":{"rendered":"<p><!--:fi--><a href=\"https:\/\/www.ssyl.fi\/content\/uploads\/2019\/02\/Ingrid-Ulf-Foto-Maik.jpg\"><img loading=\"lazy\" decoding=\"async\" class=\"alignleft size-thumbnail wp-image-4751\" title=\"Ingrid-Ulf-Foto-Maik\" src=\"https:\/\/www.ssyl.fi\/content\/uploads\/2019\/02\/Ingrid-Ulf-Foto-Maik-220x220.jpg\" alt=\"\" width=\"220\" height=\"220\" \/><\/a>Das Schauspieler- und Autorenpaar Ingrid und Ulf Annel kommt im Fr\u00fchling auf Vereinstournee nach Finnland. Mit ihrem vielseitigen Programm f\u00fcr Kinder und Erwachsene besuchen sie Ende M\u00e4rz und Anfang April Oulu, Jyv\u00e4skyl\u00e4, Tampere, Helsinki, Joensuu, Savonlinna, Turku und Salo.<\/p>\n<p>INGRID UND ULF ANNEL &#8211; FINNLANDTOURNEE 27.3.-3.4.2019<\/p>\n<p>Mi 27.3. OULU, <strong>Der schillernde Friedrich<\/strong>, Hauptbibliothek Oulu, Kaarlenv\u00e4yl\u00e4 3, 17.30 Uhr<\/p>\n<p>Do 28.3. JYV\u00c4SKYL\u00c4, <strong>Dornr\u00f6schen und das kleine Gespenst<\/strong> und <strong>Esel Erasmus in Erfurt<\/strong>, Puistokadun p\u00e4iv\u00e4kotikoulu, Puistokatu 7-9, 16.15 Uhr<\/p>\n<p>Fr 29.3. TAMEPRE, <strong>Der schillernde Friedrich<\/strong>, Kulttuuuritalo Laikku, Musiksaal, Keskustori 4, 18 Uhr<\/p>\n<p>Sa 30.3. HELSINKI, <strong>Dornr\u00f6schen und das kleine Gespenst<\/strong>, Deutsche Bibliothek, Pohjoinen Makasiinikatu 7, 11 Uhr<\/p>\n<p>Sa 30.3. HELSINKI, <strong>Der schillernde Friedrich<\/strong>, Deutsche Schule Helsinki, Malminkatu 14, 18 Uhr<\/p>\n<p>So 31.3. JOENSUU, <strong>Der schillernde Friedrich<\/strong>, Karelia Ammattikorkeakoulu, W\u00e4rtsil\u00e4-Kampus, Dynamo-Lounge, Karjalankatu 3, 18 Uhr<\/p>\n<p>Mo 1.4. SAVONLINNA, <strong>Der schillernde Friedrich<\/strong>, P\u00e4\u00e4kirjasto Joeli, Asemantie 5, 17.30 Uhr<\/p>\n<p>Di 2.4. TURKU, <strong>Ringelnatzabend<\/strong>, Kapellengemeinde Turku, Kaskenkatu 1, 18.30 Uhr<\/p>\n<p>Mi 3.4. SALO, <strong>Die Deutsche Sprache ist ein Witz<\/strong>, Salon kansalaisopisto, Ylh\u00e4istentie 2, 17 Uhr<\/p>\n<p>Die Tournee von Ingrid und Ulf Annel wird von dem Verband der Finnisch-Deutschen Vereine e.V. in Zusammenarbeit mit der Deutschen Bibliothek veranstaltet und von der Aue-Stiftung unterst\u00fctzt.<\/p>\n<p>Herzlich willkommen\u00a0 &#8211; Eintritt frei!<\/p>\n<p><a href=\"https:\/\/www.ssyl.fi\/content\/uploads\/2019\/02\/SchillerNEU-1.jpg\"><img loading=\"lazy\" decoding=\"async\" class=\" wp-image-4753 alignleft\" title=\"SchillerNEU-1\" src=\"https:\/\/www.ssyl.fi\/content\/uploads\/2019\/02\/SchillerNEU-1-700x337.jpg\" alt=\"\" width=\"630\" height=\"303\" \/><\/a><!--:--><!--:de--><a href=\"https:\/\/www.ssyl.fi\/content\/uploads\/2019\/02\/Ingrid-Ulf-Foto-Maik.jpg\"><img loading=\"lazy\" decoding=\"async\" class=\"alignleft size-thumbnail wp-image-4751\" title=\"Ingrid-Ulf-Foto-Maik\" src=\"https:\/\/www.ssyl.fi\/content\/uploads\/2019\/02\/Ingrid-Ulf-Foto-Maik-220x220.jpg\" alt=\"\" width=\"220\" height=\"220\" \/><\/a>Das Schauspieler- und Autorenpaar Ingrid und Ulf Annel kommt im Fr\u00fchling auf Vereinstournee nach Finnland. Mit ihrem vielseitigen Programm f\u00fcr Kinder und Erwachsene besuchen sie Ende M\u00e4rz und Anfang April Oulu, Jyv\u00e4skyl\u00e4, Tampere, Helsinki, Joensuu, Savonlinna, Turku und Salo.<\/p>\n<p>INGRID UND ULF ANNEL &#8211; FINNLANDTOURNEE 27.3.-3.4.2019<\/p>\n<p>Mi 27.3. OULU, <strong>Der schillernde Friedrich<\/strong>, Hauptbibliothek Oulu, Kaarlenv\u00e4yl\u00e4 3, 17.30 Uhr<\/p>\n<p>Do 28.3. JYV\u00c4SKYL\u00c4, <strong>Dornr\u00f6schen und das kleine Gespenst<\/strong> und <strong>Esel Erasmus in Erfurt<\/strong>, Puistokadun p\u00e4iv\u00e4kotikoulu, Puistokatu 7-9, 16.15 Uhr<\/p>\n<p>Fr 29.3. TAMEPRE, <strong>Der schillernde Friedrich<\/strong>, Kulttuuuritalo Laikku, Musiksaal, Keskustori 4, 18 Uhr<\/p>\n<p>Sa 30.3. HELSINKI, <strong>Dornr\u00f6schen und das kleine Gespenst<\/strong>, Deutsche Bibliothek, Pohjoinen Makasiinikatu 7, 11 Uhr<\/p>\n<p>Sa 30.3. HELSINKI, <strong>Der schillernde Friedrich<\/strong>, Deutsche Schule Helsinki, Malminkatu 14, 18 Uhr<\/p>\n<p>So 31.3. JOENSUU, <strong>Der schillernde Friedrich<\/strong>, Karelia Ammattikorkeakoulu, W\u00e4rtsil\u00e4-Kampus, Dynamo-Lounge, Karjalankatu 3, 18 Uhr<\/p>\n<p>Mo 1.4. SAVONLINNA, <strong>Der schillernde Friedrich<\/strong>, P\u00e4\u00e4kirjasto Joeli, Asemantie 5, 17.30 Uhr<\/p>\n<p>Di 2.4. TURKU, <strong>Ringelnatzabend<\/strong>, Kapellengemeinde Turku, Kaskenkatu 1, 18.30 Uhr<\/p>\n<p>Mi 3.4. SALO, <strong>Die Deutsche Sprache ist ein Witz<\/strong>, Salon kansalaisopisto, Ylh\u00e4istentie 2, 17 Uhr<\/p>\n<p>Die Tournee von Ingrid und Ulf Annel wird von dem Verband der Finnisch-Deutschen Vereine e.V. in Zusammenarbeit mit der Deutschen Bibliothek veranstaltet und von der Aue-Stiftung unterst\u00fctzt.<\/p>\n<p>Herzlich willkommen\u00a0 &#8211; Eintritt frei!<\/p>\n<p><a href=\"https:\/\/www.ssyl.fi\/content\/uploads\/2019\/02\/SchillerNEU-1.jpg\"><img loading=\"lazy\" decoding=\"async\" class=\"alignleft wp-image-4753\" title=\"SchillerNEU-1\" src=\"https:\/\/www.ssyl.fi\/content\/uploads\/2019\/02\/SchillerNEU-1-700x337.jpg\" alt=\"\" width=\"630\" height=\"303\" \/><\/a><!--:--><\/p>\n","protected":false},"excerpt":{"rendered":"<p>Das Schauspieler- und Autorenpaar Ingrid und Ulf Annel kommt im Fr\u00fchling auf Vereinstournee nach Finnland. Mit ihrem vielseitigen Programm f\u00fcr Kinder und Erwachsene besuchen sie Ende M\u00e4rz und Anfang April Oulu, Jyv\u00e4skyl\u00e4, Tampere, Helsinki, Joensuu, Savonlinna, Turku und Salo. INGRID UND ULF ANNEL &#8211; FINNLANDTOURNEE 27.3.-3.4.2019 Mi 27.3. OULU, Der schillernde Friedrich, Hauptbibliothek Oulu, Kaarlenv\u00e4yl\u00e4 [&hellip;]<\/p>\n","protected":false},"author":1,"featured_media":0,"comment_status":"closed","ping_status":"closed","sticky":false,"template":"","format":"standard","meta":{"footnotes":""},"categories":[14],"tags":[],"class_list":["post-4750","post","type-post","status-publish","format-standard","hentry","category-aktuelles"],"yoast_head":"<!-- This site is optimized with the Yoast SEO plugin v27.3 - https:\/\/yoast.com\/product\/yoast-seo-wordpress\/ -->\n<title>Ingrid und Ulf Annel im M\u00e4rz-April auf Finnland-Tournee - Suomi-Saksa Yhdistysten Liitto ry<\/title>\n<meta name=\"robots\" content=\"index, follow, max-snippet:-1, max-image-preview:large, max-video-preview:-1\" \/>\n<link rel=\"canonical\" href=\"https:\/\/www.ssyl.fi\/de\/aktuelles\/ingrid-und-ulf-annel-im-marz-april-auf-finnland-tournee\/\" \/>\n<meta property=\"og:locale\" content=\"de_DE\" \/>\n<meta property=\"og:type\" content=\"article\" \/>\n<meta property=\"og:title\" content=\"Ingrid und Ulf Annel im M\u00e4rz-April auf Finnland-Tournee - Suomi-Saksa Yhdistysten Liitto ry\" \/>\n<meta property=\"og:description\" content=\"Das Schauspieler- und Autorenpaar Ingrid und Ulf Annel kommt im Fr\u00fchling auf Vereinstournee nach Finnland. Mit ihrem vielseitigen Programm f\u00fcr Kinder und Erwachsene besuchen sie Ende M\u00e4rz und Anfang April Oulu, Jyv\u00e4skyl\u00e4, Tampere, Helsinki, Joensuu, Savonlinna, Turku und Salo. INGRID UND ULF ANNEL &#8211; FINNLANDTOURNEE 27.3.-3.4.2019 Mi 27.3. OULU, Der schillernde Friedrich, Hauptbibliothek Oulu, Kaarlenv\u00e4yl\u00e4 [&hellip;]\" \/>\n<meta property=\"og:url\" content=\"https:\/\/www.ssyl.fi\/de\/aktuelles\/ingrid-und-ulf-annel-im-marz-april-auf-finnland-tournee\/\" \/>\n<meta property=\"og:site_name\" content=\"Suomi-Saksa Yhdistysten Liitto ry\" \/>\n<meta property=\"article:publisher\" content=\"http:\/\/www.facebook.com\/ssyl.fi\" \/>\n<meta property=\"article:published_time\" content=\"2019-02-06T07:54:11+00:00\" \/>\n<meta property=\"article:modified_time\" content=\"2019-09-27T08:29:18+00:00\" \/>\n<meta property=\"og:image\" content=\"https:\/\/www.ssyl.fi\/content\/uploads\/2019\/02\/Ingrid-Ulf-Foto-Maik-220x220.jpg\" \/>\n<meta name=\"author\" content=\"su\" \/>\n<meta name=\"twitter:card\" content=\"summary_large_image\" \/>\n<meta name=\"twitter:label1\" content=\"Written by\" \/>\n\t<meta name=\"twitter:data1\" content=\"su\" \/>\n\t<meta name=\"twitter:label2\" content=\"Est. reading time\" \/>\n\t<meta name=\"twitter:data2\" content=\"2 minutes\" \/>\n<script type=\"application\/ld+json\" class=\"yoast-schema-graph\">{\"@context\":\"https:\\\/\\\/schema.org\",\"@graph\":[{\"@type\":\"Article\",\"@id\":\"https:\\\/\\\/www.ssyl.fi\\\/de\\\/aktuelles\\\/ingrid-und-ulf-annel-im-marz-april-auf-finnland-tournee\\\/#article\",\"isPartOf\":{\"@id\":\"https:\\\/\\\/www.ssyl.fi\\\/de\\\/aktuelles\\\/ingrid-und-ulf-annel-im-marz-april-auf-finnland-tournee\\\/\"},\"author\":{\"name\":\"su\",\"@id\":\"https:\\\/\\\/www.ssyl.fi\\\/de\\\/#\\\/schema\\\/person\\\/bca1dcebb660e436912037dec6c0af97\"},\"headline\":\"Ingrid und Ulf Annel im M\u00e4rz-April auf Finnland-Tournee\",\"datePublished\":\"2019-02-06T07:54:11+00:00\",\"dateModified\":\"2019-09-27T08:29:18+00:00\",\"mainEntityOfPage\":{\"@id\":\"https:\\\/\\\/www.ssyl.fi\\\/de\\\/aktuelles\\\/ingrid-und-ulf-annel-im-marz-april-auf-finnland-tournee\\\/\"},\"wordCount\":391,\"image\":{\"@id\":\"https:\\\/\\\/www.ssyl.fi\\\/de\\\/aktuelles\\\/ingrid-und-ulf-annel-im-marz-april-auf-finnland-tournee\\\/#primaryimage\"},\"thumbnailUrl\":\"https:\\\/\\\/www.ssyl.fi\\\/content\\\/uploads\\\/2019\\\/02\\\/Ingrid-Ulf-Foto-Maik-220x220.jpg\",\"articleSection\":[\"Aktuelles\"],\"inLanguage\":\"de-DE\"},{\"@type\":\"WebPage\",\"@id\":\"https:\\\/\\\/www.ssyl.fi\\\/de\\\/aktuelles\\\/ingrid-und-ulf-annel-im-marz-april-auf-finnland-tournee\\\/\",\"url\":\"https:\\\/\\\/www.ssyl.fi\\\/de\\\/aktuelles\\\/ingrid-und-ulf-annel-im-marz-april-auf-finnland-tournee\\\/\",\"name\":\"Ingrid und Ulf Annel im M\u00e4rz-April auf Finnland-Tournee - Suomi-Saksa Yhdistysten Liitto ry\",\"isPartOf\":{\"@id\":\"https:\\\/\\\/www.ssyl.fi\\\/de\\\/#website\"},\"primaryImageOfPage\":{\"@id\":\"https:\\\/\\\/www.ssyl.fi\\\/de\\\/aktuelles\\\/ingrid-und-ulf-annel-im-marz-april-auf-finnland-tournee\\\/#primaryimage\"},\"image\":{\"@id\":\"https:\\\/\\\/www.ssyl.fi\\\/de\\\/aktuelles\\\/ingrid-und-ulf-annel-im-marz-april-auf-finnland-tournee\\\/#primaryimage\"},\"thumbnailUrl\":\"https:\\\/\\\/www.ssyl.fi\\\/content\\\/uploads\\\/2019\\\/02\\\/Ingrid-Ulf-Foto-Maik-220x220.jpg\",\"datePublished\":\"2019-02-06T07:54:11+00:00\",\"dateModified\":\"2019-09-27T08:29:18+00:00\",\"author\":{\"@id\":\"https:\\\/\\\/www.ssyl.fi\\\/de\\\/#\\\/schema\\\/person\\\/bca1dcebb660e436912037dec6c0af97\"},\"breadcrumb\":{\"@id\":\"https:\\\/\\\/www.ssyl.fi\\\/de\\\/aktuelles\\\/ingrid-und-ulf-annel-im-marz-april-auf-finnland-tournee\\\/#breadcrumb\"},\"inLanguage\":\"de-DE\",\"potentialAction\":[{\"@type\":\"ReadAction\",\"target\":[\"https:\\\/\\\/www.ssyl.fi\\\/de\\\/aktuelles\\\/ingrid-und-ulf-annel-im-marz-april-auf-finnland-tournee\\\/\"]}]},{\"@type\":\"ImageObject\",\"inLanguage\":\"de-DE\",\"@id\":\"https:\\\/\\\/www.ssyl.fi\\\/de\\\/aktuelles\\\/ingrid-und-ulf-annel-im-marz-april-auf-finnland-tournee\\\/#primaryimage\",\"url\":\"https:\\\/\\\/www.ssyl.fi\\\/content\\\/uploads\\\/2019\\\/02\\\/Ingrid-Ulf-Foto-Maik-220x220.jpg\",\"contentUrl\":\"https:\\\/\\\/www.ssyl.fi\\\/content\\\/uploads\\\/2019\\\/02\\\/Ingrid-Ulf-Foto-Maik-220x220.jpg\"},{\"@type\":\"BreadcrumbList\",\"@id\":\"https:\\\/\\\/www.ssyl.fi\\\/de\\\/aktuelles\\\/ingrid-und-ulf-annel-im-marz-april-auf-finnland-tournee\\\/#breadcrumb\",\"itemListElement\":[{\"@type\":\"ListItem\",\"position\":1,\"name\":\"Home\",\"item\":\"https:\\\/\\\/www.ssyl.fi\\\/de\\\/\"},{\"@type\":\"ListItem\",\"position\":2,\"name\":\"Ingrid und Ulf Annel im M\u00e4rz-April auf Finnland-Tournee\"}]},{\"@type\":\"WebSite\",\"@id\":\"https:\\\/\\\/www.ssyl.fi\\\/de\\\/#website\",\"url\":\"https:\\\/\\\/www.ssyl.fi\\\/de\\\/\",\"name\":\"Suomi-Saksa Yhdistysten Liitto ry\",\"description\":\"\",\"potentialAction\":[{\"@type\":\"SearchAction\",\"target\":{\"@type\":\"EntryPoint\",\"urlTemplate\":\"https:\\\/\\\/www.ssyl.fi\\\/de\\\/?s={search_term_string}\"},\"query-input\":{\"@type\":\"PropertyValueSpecification\",\"valueRequired\":true,\"valueName\":\"search_term_string\"}}],\"inLanguage\":\"de-DE\"},{\"@type\":\"Person\",\"@id\":\"https:\\\/\\\/www.ssyl.fi\\\/de\\\/#\\\/schema\\\/person\\\/bca1dcebb660e436912037dec6c0af97\",\"name\":\"su\",\"image\":{\"@type\":\"ImageObject\",\"inLanguage\":\"de-DE\",\"@id\":\"https:\\\/\\\/secure.gravatar.com\\\/avatar\\\/9b55bc1571b94e7d820a0d2181aad3ff43a88ed36fcd149690e9b3b58274f822?s=96&d=mm&r=g\",\"url\":\"https:\\\/\\\/secure.gravatar.com\\\/avatar\\\/9b55bc1571b94e7d820a0d2181aad3ff43a88ed36fcd149690e9b3b58274f822?s=96&d=mm&r=g\",\"contentUrl\":\"https:\\\/\\\/secure.gravatar.com\\\/avatar\\\/9b55bc1571b94e7d820a0d2181aad3ff43a88ed36fcd149690e9b3b58274f822?s=96&d=mm&r=g\",\"caption\":\"su\"},\"url\":\"https:\\\/\\\/www.ssyl.fi\\\/de\\\/author\\\/su\\\/\"}]}<\/script>\n<!-- \/ Yoast SEO plugin. -->","yoast_head_json":{"title":"Ingrid und Ulf Annel im M\u00e4rz-April auf Finnland-Tournee - Suomi-Saksa Yhdistysten Liitto ry","robots":{"index":"index","follow":"follow","max-snippet":"max-snippet:-1","max-image-preview":"max-image-preview:large","max-video-preview":"max-video-preview:-1"},"canonical":"https:\/\/www.ssyl.fi\/de\/aktuelles\/ingrid-und-ulf-annel-im-marz-april-auf-finnland-tournee\/","og_locale":"de_DE","og_type":"article","og_title":"Ingrid und Ulf Annel im M\u00e4rz-April auf Finnland-Tournee - Suomi-Saksa Yhdistysten Liitto ry","og_description":"Das Schauspieler- und Autorenpaar Ingrid und Ulf Annel kommt im Fr\u00fchling auf Vereinstournee nach Finnland. Mit ihrem vielseitigen Programm f\u00fcr Kinder und Erwachsene besuchen sie Ende M\u00e4rz und Anfang April Oulu, Jyv\u00e4skyl\u00e4, Tampere, Helsinki, Joensuu, Savonlinna, Turku und Salo. INGRID UND ULF ANNEL &#8211; FINNLANDTOURNEE 27.3.-3.4.2019 Mi 27.3. OULU, Der schillernde Friedrich, Hauptbibliothek Oulu, Kaarlenv\u00e4yl\u00e4 [&hellip;]","og_url":"https:\/\/www.ssyl.fi\/de\/aktuelles\/ingrid-und-ulf-annel-im-marz-april-auf-finnland-tournee\/","og_site_name":"Suomi-Saksa Yhdistysten Liitto ry","article_publisher":"http:\/\/www.facebook.com\/ssyl.fi","article_published_time":"2019-02-06T07:54:11+00:00","article_modified_time":"2019-09-27T08:29:18+00:00","og_image":[{"url":"https:\/\/www.ssyl.fi\/content\/uploads\/2019\/02\/Ingrid-Ulf-Foto-Maik-220x220.jpg","type":"","width":"","height":""}],"author":"su","twitter_card":"summary_large_image","twitter_misc":{"Written by":"su","Est. reading time":"2 minutes"},"schema":{"@context":"https:\/\/schema.org","@graph":[{"@type":"Article","@id":"https:\/\/www.ssyl.fi\/de\/aktuelles\/ingrid-und-ulf-annel-im-marz-april-auf-finnland-tournee\/#article","isPartOf":{"@id":"https:\/\/www.ssyl.fi\/de\/aktuelles\/ingrid-und-ulf-annel-im-marz-april-auf-finnland-tournee\/"},"author":{"name":"su","@id":"https:\/\/www.ssyl.fi\/de\/#\/schema\/person\/bca1dcebb660e436912037dec6c0af97"},"headline":"Ingrid und Ulf Annel im M\u00e4rz-April auf Finnland-Tournee","datePublished":"2019-02-06T07:54:11+00:00","dateModified":"2019-09-27T08:29:18+00:00","mainEntityOfPage":{"@id":"https:\/\/www.ssyl.fi\/de\/aktuelles\/ingrid-und-ulf-annel-im-marz-april-auf-finnland-tournee\/"},"wordCount":391,"image":{"@id":"https:\/\/www.ssyl.fi\/de\/aktuelles\/ingrid-und-ulf-annel-im-marz-april-auf-finnland-tournee\/#primaryimage"},"thumbnailUrl":"https:\/\/www.ssyl.fi\/content\/uploads\/2019\/02\/Ingrid-Ulf-Foto-Maik-220x220.jpg","articleSection":["Aktuelles"],"inLanguage":"de-DE"},{"@type":"WebPage","@id":"https:\/\/www.ssyl.fi\/de\/aktuelles\/ingrid-und-ulf-annel-im-marz-april-auf-finnland-tournee\/","url":"https:\/\/www.ssyl.fi\/de\/aktuelles\/ingrid-und-ulf-annel-im-marz-april-auf-finnland-tournee\/","name":"Ingrid und Ulf Annel im M\u00e4rz-April auf Finnland-Tournee - Suomi-Saksa Yhdistysten Liitto ry","isPartOf":{"@id":"https:\/\/www.ssyl.fi\/de\/#website"},"primaryImageOfPage":{"@id":"https:\/\/www.ssyl.fi\/de\/aktuelles\/ingrid-und-ulf-annel-im-marz-april-auf-finnland-tournee\/#primaryimage"},"image":{"@id":"https:\/\/www.ssyl.fi\/de\/aktuelles\/ingrid-und-ulf-annel-im-marz-april-auf-finnland-tournee\/#primaryimage"},"thumbnailUrl":"https:\/\/www.ssyl.fi\/content\/uploads\/2019\/02\/Ingrid-Ulf-Foto-Maik-220x220.jpg","datePublished":"2019-02-06T07:54:11+00:00","dateModified":"2019-09-27T08:29:18+00:00","author":{"@id":"https:\/\/www.ssyl.fi\/de\/#\/schema\/person\/bca1dcebb660e436912037dec6c0af97"},"breadcrumb":{"@id":"https:\/\/www.ssyl.fi\/de\/aktuelles\/ingrid-und-ulf-annel-im-marz-april-auf-finnland-tournee\/#breadcrumb"},"inLanguage":"de-DE","potentialAction":[{"@type":"ReadAction","target":["https:\/\/www.ssyl.fi\/de\/aktuelles\/ingrid-und-ulf-annel-im-marz-april-auf-finnland-tournee\/"]}]},{"@type":"ImageObject","inLanguage":"de-DE","@id":"https:\/\/www.ssyl.fi\/de\/aktuelles\/ingrid-und-ulf-annel-im-marz-april-auf-finnland-tournee\/#primaryimage","url":"https:\/\/www.ssyl.fi\/content\/uploads\/2019\/02\/Ingrid-Ulf-Foto-Maik-220x220.jpg","contentUrl":"https:\/\/www.ssyl.fi\/content\/uploads\/2019\/02\/Ingrid-Ulf-Foto-Maik-220x220.jpg"},{"@type":"BreadcrumbList","@id":"https:\/\/www.ssyl.fi\/de\/aktuelles\/ingrid-und-ulf-annel-im-marz-april-auf-finnland-tournee\/#breadcrumb","itemListElement":[{"@type":"ListItem","position":1,"name":"Home","item":"https:\/\/www.ssyl.fi\/de\/"},{"@type":"ListItem","position":2,"name":"Ingrid und Ulf Annel im M\u00e4rz-April auf Finnland-Tournee"}]},{"@type":"WebSite","@id":"https:\/\/www.ssyl.fi\/de\/#website","url":"https:\/\/www.ssyl.fi\/de\/","name":"Suomi-Saksa Yhdistysten Liitto ry","description":"","potentialAction":[{"@type":"SearchAction","target":{"@type":"EntryPoint","urlTemplate":"https:\/\/www.ssyl.fi\/de\/?s={search_term_string}"},"query-input":{"@type":"PropertyValueSpecification","valueRequired":true,"valueName":"search_term_string"}}],"inLanguage":"de-DE"},{"@type":"Person","@id":"https:\/\/www.ssyl.fi\/de\/#\/schema\/person\/bca1dcebb660e436912037dec6c0af97","name":"su","image":{"@type":"ImageObject","inLanguage":"de-DE","@id":"https:\/\/secure.gravatar.com\/avatar\/9b55bc1571b94e7d820a0d2181aad3ff43a88ed36fcd149690e9b3b58274f822?s=96&d=mm&r=g","url":"https:\/\/secure.gravatar.com\/avatar\/9b55bc1571b94e7d820a0d2181aad3ff43a88ed36fcd149690e9b3b58274f822?s=96&d=mm&r=g","contentUrl":"https:\/\/secure.gravatar.com\/avatar\/9b55bc1571b94e7d820a0d2181aad3ff43a88ed36fcd149690e9b3b58274f822?s=96&d=mm&r=g","caption":"su"},"url":"https:\/\/www.ssyl.fi\/de\/author\/su\/"}]}},"_links":{"self":[{"href":"https:\/\/www.ssyl.fi\/de\/wp-json\/wp\/v2\/posts\/4750","targetHints":{"allow":["GET"]}}],"collection":[{"href":"https:\/\/www.ssyl.fi\/de\/wp-json\/wp\/v2\/posts"}],"about":[{"href":"https:\/\/www.ssyl.fi\/de\/wp-json\/wp\/v2\/types\/post"}],"author":[{"embeddable":true,"href":"https:\/\/www.ssyl.fi\/de\/wp-json\/wp\/v2\/users\/1"}],"replies":[{"embeddable":true,"href":"https:\/\/www.ssyl.fi\/de\/wp-json\/wp\/v2\/comments?post=4750"}],"version-history":[{"count":1,"href":"https:\/\/www.ssyl.fi\/de\/wp-json\/wp\/v2\/posts\/4750\/revisions"}],"predecessor-version":[{"id":6954,"href":"https:\/\/www.ssyl.fi\/de\/wp-json\/wp\/v2\/posts\/4750\/revisions\/6954"}],"wp:attachment":[{"href":"https:\/\/www.ssyl.fi\/de\/wp-json\/wp\/v2\/media?parent=4750"}],"wp:term":[{"taxonomy":"category","embeddable":true,"href":"https:\/\/www.ssyl.fi\/de\/wp-json\/wp\/v2\/categories?post=4750"},{"taxonomy":"post_tag","embeddable":true,"href":"https:\/\/www.ssyl.fi\/de\/wp-json\/wp\/v2\/tags?post=4750"}],"curies":[{"name":"wp","href":"https:\/\/api.w.org\/{rel}","templated":true}]}}