{"id":4796,"date":"2019-04-05T11:20:00","date_gmt":"2019-04-05T08:20:00","guid":{"rendered":"https:\/\/www.ssyl.fi\/?p=4796"},"modified":"2019-09-27T11:28:48","modified_gmt":"2019-09-27T08:28:48","slug":"dank-an-ulf-und-ingrid-annel","status":"publish","type":"post","link":"https:\/\/www.ssyl.fi\/de\/aktuelles\/dank-an-ulf-und-ingrid-annel\/","title":{"rendered":"Dank an Ulf und Ingrid Annel"},"content":{"rendered":"<p><!--:fi-->Dank an Ulf und Ingrid Annel<\/p>\n<p>Witz, Anekdoten und Gedichte &#8211; M\u00e4rchen und kleine Geschichten<\/p>\n<p>Gro\u00df und Klein konnte bezaubert werden. Die Finnland-Tournee von Ingrid und Ulf Annel f\u00fchrte das Schauspieler- und Autorenpaar mit ihrem vielseitigen Programm nach Oulu, Jyv\u00e4skyl\u00e4, Tampere, Helsinki, Joensuu, Savonlinna, Turku und Salo. Die Auftritte waren von den Mitgliedsvereinen des Verbandes der Finnisch-Deutschen Vereine e.V. vor Ort organisiert. Dazu gab es noch Veranstaltungen f\u00fcr Kinder im deutschsprachigen Kindergarten Saksanp\u00e4hkin\u00e4 in Oulu, in der Deutschen Bibliothek in Helsinki, in der Tammela-Schule in Tampere und in der Puolala-Schule in Turku.<\/p>\n<p>Dornr\u00f6schen und das kleine Gespenst, Schiller und auch Ringelnatz \u2013 alles mit dabei.<\/p>\n<p>Wir danken Ingrid und Ulf Annel ganz herzlich f\u00fcr diese sch\u00f6ne Tournee, sowie den Mitgliedsvereinen und den beteiligten Schulen, den Kindergarten Saksanp\u00e4hkin\u00e4 und der Deutschen Bibliothek f\u00fcr die wunderbare Organisation vor Ort und der Aue-Stiftung f\u00fcr ihre Unterst\u00fctzung.<\/p>\n<div id=\"attachment_4799\" style=\"width: 310px\" class=\"wp-caption alignleft\"><a href=\"https:\/\/www.ssyl.fi\/content\/uploads\/2019\/04\/KUVA-3-TAMPERE-nettiin.jpg\"><img loading=\"lazy\" decoding=\"async\" aria-describedby=\"caption-attachment-4799\" class=\"size-medium wp-image-4799\" title=\"KUVA 3 TAMPERE nettiin\" src=\"https:\/\/www.ssyl.fi\/content\/uploads\/2019\/04\/KUVA-3-TAMPERE-nettiin-300x200.jpg\" alt=\"\" width=\"300\" height=\"200\" \/><\/a><p id=\"caption-attachment-4799\" class=\"wp-caption-text\">Foto: Nina Dannert<\/p><\/div>\n<div id=\"attachment_4801\" style=\"width: 310px\" class=\"wp-caption alignleft\"><a href=\"https:\/\/www.ssyl.fi\/content\/uploads\/2019\/04\/KUVA-2-TAMPERE-nettiin2.jpg\"><img loading=\"lazy\" decoding=\"async\" aria-describedby=\"caption-attachment-4801\" class=\"size-medium wp-image-4801\" title=\"KUVA 2 TAMPERE nettiin\" src=\"https:\/\/www.ssyl.fi\/content\/uploads\/2019\/04\/KUVA-2-TAMPERE-nettiin2-300x163.jpg\" alt=\"\" width=\"300\" height=\"163\" \/><\/a><p id=\"caption-attachment-4801\" class=\"wp-caption-text\">Foto: Nina Dannert<\/p><\/div>\n<div id=\"attachment_4802\" style=\"width: 260px\" class=\"wp-caption alignleft\"><a href=\"https:\/\/www.ssyl.fi\/content\/uploads\/2019\/04\/KUVA-1-Jyv\u00e4skyl\u00e4-nettiin.jpg\"><img loading=\"lazy\" decoding=\"async\" aria-describedby=\"caption-attachment-4802\" class=\"size-medium wp-image-4802\" title=\"KUVA 1 Jyv\u00e4skyl\u00e4 nettiin\" src=\"https:\/\/www.ssyl.fi\/content\/uploads\/2019\/04\/KUVA-1-Jyv\u00e4skyl\u00e4-nettiin-250x300.jpg\" alt=\"\" width=\"250\" height=\"300\" \/><\/a><p id=\"caption-attachment-4802\" class=\"wp-caption-text\">Foto: Petra Linderoos<\/p><\/div>\n<div id=\"attachment_4806\" style=\"width: 310px\" class=\"wp-caption alignleft\"><a href=\"https:\/\/www.ssyl.fi\/content\/uploads\/2019\/04\/KUVA-5-DEUBIB-nettiin.jpg\"><img loading=\"lazy\" decoding=\"async\" aria-describedby=\"caption-attachment-4806\" class=\"size-medium wp-image-4806\" title=\"KUVA 5 DEUBIB nettiin\" src=\"https:\/\/www.ssyl.fi\/content\/uploads\/2019\/04\/KUVA-5-DEUBIB-nettiin-300x228.jpg\" alt=\"\" width=\"300\" height=\"228\" \/><\/a><p id=\"caption-attachment-4806\" class=\"wp-caption-text\">Foto: Paula Schuth<\/p><\/div>\n<div id=\"attachment_4807\" style=\"width: 179px\" class=\"wp-caption alignleft\"><a href=\"https:\/\/www.ssyl.fi\/content\/uploads\/2019\/04\/KUVA-7-TURKU-nettiin.jpg\"><img loading=\"lazy\" decoding=\"async\" aria-describedby=\"caption-attachment-4807\" class=\"size-medium wp-image-4807\" title=\"KUVA 7 TURKU nettiin\" src=\"https:\/\/www.ssyl.fi\/content\/uploads\/2019\/04\/KUVA-7-TURKU-nettiin-169x300.jpg\" alt=\"\" width=\"169\" height=\"300\" \/><\/a><p id=\"caption-attachment-4807\" class=\"wp-caption-text\">Foto: Jens Gr\u00fcbl<\/p><\/div>\n<div id=\"attachment_4803\" style=\"width: 310px\" class=\"wp-caption alignleft\"><a href=\"https:\/\/www.ssyl.fi\/content\/uploads\/2019\/04\/KUVA-6-DSH-nettiin.jpg\"><img loading=\"lazy\" decoding=\"async\" aria-describedby=\"caption-attachment-4803\" class=\"size-medium wp-image-4803\" title=\"KUVA 6 DSH nettiin\" src=\"https:\/\/www.ssyl.fi\/content\/uploads\/2019\/04\/KUVA-6-DSH-nettiin-300x225.jpg\" alt=\"\" width=\"300\" height=\"225\" \/><\/a><p id=\"caption-attachment-4803\" class=\"wp-caption-text\">Foto: Paula Schuth<\/p><\/div>\n<p><!--:--><!--:de-->Dank an Ulf und Ingrid Annel<\/p>\n<p>Witz, Anekdoten und Gedichte &#8211; M\u00e4rchen und kleine Geschichten<\/p>\n<p>Gro\u00df und Klein konnte bezaubert werden. Die Finnland-Tournee von Ingrid und Ulf Annel f\u00fchrte das Schauspieler- und Autorenpaar mit ihrem vielseitigen Programm nach Oulu, Jyv\u00e4skyl\u00e4, Tampere, Helsinki, Joensuu, Savonlinna, Turku und Salo. Die Auftritte waren von den Mitgliedsvereinen des Verbandes der Finnisch-Deutschen Vereine e.V. vor Ort organisiert. Dazu gab es noch Veranstaltungen f\u00fcr Kinder im deutschsprachigen Kindergarten Saksanp\u00e4hkin\u00e4 in Oulu, in der Deutschen Bibliothek in Helsinki, in der Tammela-Schule in Tampere und in der Puolala-Schule in Turku.<\/p>\n<p>Dornr\u00f6schen und das kleine Gespenst, Schiller und auch Ringelnatz \u2013 alles mit dabei.<\/p>\n<p>Wir danken Ingrid und Ulf Annel ganz herzlich f\u00fcr diese sch\u00f6ne Tournee, sowie den Mitgliedsvereinen und den beteiligten Schulen, den Kindergarten Saksanp\u00e4hkin\u00e4 und der Deutschen Bibliothek f\u00fcr die wunderbare Organisation vor Ort und der Aue-Stiftung f\u00fcr ihre Unterst\u00fctzung.<\/p>\n<div>\n<dl id=\"attachment_4799\">\n<dt><a href=\"https:\/\/www.ssyl.fi\/content\/uploads\/2019\/04\/KUVA-3-TAMPERE-nettiin.jpg\"><img loading=\"lazy\" decoding=\"async\" title=\"KUVA 3 TAMPERE nettiin\" src=\"https:\/\/www.ssyl.fi\/content\/uploads\/2019\/04\/KUVA-3-TAMPERE-nettiin-300x200.jpg\" alt=\"\" width=\"300\" height=\"200\" \/><\/a><\/dt>\n<dd>Foto: Nina Dannert<\/dd>\n<\/dl>\n<\/div>\n<div>\n<dl id=\"attachment_4801\">\n<dt><a href=\"https:\/\/www.ssyl.fi\/content\/uploads\/2019\/04\/KUVA-2-TAMPERE-nettiin2.jpg\"><img loading=\"lazy\" decoding=\"async\" title=\"KUVA 2 TAMPERE nettiin\" src=\"https:\/\/www.ssyl.fi\/content\/uploads\/2019\/04\/KUVA-2-TAMPERE-nettiin2-300x163.jpg\" alt=\"\" width=\"300\" height=\"163\" \/><\/a><\/dt>\n<dd>Foto: Nina Dannert<\/dd>\n<\/dl>\n<\/div>\n<div>\n<dl id=\"attachment_4802\">\n<dt><a href=\"https:\/\/www.ssyl.fi\/content\/uploads\/2019\/04\/KUVA-1-Jyv\u00e4skyl\u00e4-nettiin.jpg\"><img loading=\"lazy\" decoding=\"async\" title=\"KUVA 1 Jyv\u00e4skyl\u00e4 nettiin\" src=\"https:\/\/www.ssyl.fi\/content\/uploads\/2019\/04\/KUVA-1-Jyv\u00e4skyl\u00e4-nettiin-250x300.jpg\" alt=\"\" width=\"250\" height=\"300\" \/><\/a><\/dt>\n<dd>Foto: Petra Linderoos<\/dd>\n<\/dl>\n<\/div>\n<div>\n<dl id=\"attachment_4806\">\n<dt><a href=\"https:\/\/www.ssyl.fi\/content\/uploads\/2019\/04\/KUVA-5-DEUBIB-nettiin.jpg\"><img loading=\"lazy\" decoding=\"async\" title=\"KUVA 5 DEUBIB nettiin\" src=\"https:\/\/www.ssyl.fi\/content\/uploads\/2019\/04\/KUVA-5-DEUBIB-nettiin-300x228.jpg\" alt=\"\" width=\"300\" height=\"228\" \/><\/a><\/dt>\n<dd>Foto: Paula Schuth<\/dd>\n<\/dl>\n<\/div>\n<div>\n<dl id=\"attachment_4807\">\n<dt><a href=\"https:\/\/www.ssyl.fi\/content\/uploads\/2019\/04\/KUVA-7-TURKU-nettiin.jpg\"><img loading=\"lazy\" decoding=\"async\" title=\"KUVA 7 TURKU nettiin\" src=\"https:\/\/www.ssyl.fi\/content\/uploads\/2019\/04\/KUVA-7-TURKU-nettiin-169x300.jpg\" alt=\"\" width=\"169\" height=\"300\" \/><\/a><\/dt>\n<dd>Foto: Jens Gr\u00fcbl<\/dd>\n<\/dl>\n<\/div>\n<div>\n<dl id=\"attachment_4803\">\n<dt><a href=\"https:\/\/www.ssyl.fi\/content\/uploads\/2019\/04\/KUVA-6-DSH-nettiin.jpg\"><img loading=\"lazy\" decoding=\"async\" title=\"KUVA 6 DSH nettiin\" src=\"https:\/\/www.ssyl.fi\/content\/uploads\/2019\/04\/KUVA-6-DSH-nettiin-300x225.jpg\" alt=\"\" width=\"300\" height=\"225\" \/><\/a><\/dt>\n<dd>Foto: Paula Schuth<\/dd>\n<\/dl>\n<\/div>\n<p><!--:--><\/p>\n","protected":false},"excerpt":{"rendered":"<p>Dank an Ulf und Ingrid Annel Witz, Anekdoten und Gedichte &#8211; M\u00e4rchen und kleine Geschichten Gro\u00df und Klein konnte bezaubert werden. Die Finnland-Tournee von Ingrid und Ulf Annel f\u00fchrte das Schauspieler- und Autorenpaar mit ihrem vielseitigen Programm nach Oulu, Jyv\u00e4skyl\u00e4, Tampere, Helsinki, Joensuu, Savonlinna, Turku und Salo. Die Auftritte waren von den Mitgliedsvereinen des Verbandes [&hellip;]<\/p>\n","protected":false},"author":1,"featured_media":0,"comment_status":"closed","ping_status":"closed","sticky":false,"template":"","format":"standard","meta":{"footnotes":""},"categories":[14],"tags":[],"class_list":["post-4796","post","type-post","status-publish","format-standard","hentry","category-aktuelles"],"yoast_head":"<!-- This site is optimized with the Yoast SEO plugin v27.3 - https:\/\/yoast.com\/product\/yoast-seo-wordpress\/ -->\n<title>Dank an Ulf und Ingrid Annel - Suomi-Saksa Yhdistysten Liitto ry<\/title>\n<meta name=\"robots\" content=\"index, follow, max-snippet:-1, max-image-preview:large, max-video-preview:-1\" \/>\n<link rel=\"canonical\" href=\"https:\/\/www.ssyl.fi\/de\/aktuelles\/dank-an-ulf-und-ingrid-annel\/\" \/>\n<meta property=\"og:locale\" content=\"de_DE\" \/>\n<meta property=\"og:type\" content=\"article\" \/>\n<meta property=\"og:title\" content=\"Dank an Ulf und Ingrid Annel - Suomi-Saksa Yhdistysten Liitto ry\" \/>\n<meta property=\"og:description\" content=\"Dank an Ulf und Ingrid Annel Witz, Anekdoten und Gedichte &#8211; M\u00e4rchen und kleine Geschichten Gro\u00df und Klein konnte bezaubert werden. Die Finnland-Tournee von Ingrid und Ulf Annel f\u00fchrte das Schauspieler- und Autorenpaar mit ihrem vielseitigen Programm nach Oulu, Jyv\u00e4skyl\u00e4, Tampere, Helsinki, Joensuu, Savonlinna, Turku und Salo. Die Auftritte waren von den Mitgliedsvereinen des Verbandes [&hellip;]\" \/>\n<meta property=\"og:url\" content=\"https:\/\/www.ssyl.fi\/de\/aktuelles\/dank-an-ulf-und-ingrid-annel\/\" \/>\n<meta property=\"og:site_name\" content=\"Suomi-Saksa Yhdistysten Liitto ry\" \/>\n<meta property=\"article:publisher\" content=\"http:\/\/www.facebook.com\/ssyl.fi\" \/>\n<meta property=\"article:published_time\" content=\"2019-04-05T08:20:00+00:00\" \/>\n<meta property=\"article:modified_time\" content=\"2019-09-27T08:28:48+00:00\" \/>\n<meta property=\"og:image\" content=\"https:\/\/www.ssyl.fi\/content\/uploads\/2019\/04\/KUVA-3-TAMPERE-nettiin-300x200.jpg\" \/>\n<meta name=\"author\" content=\"su\" \/>\n<meta name=\"twitter:card\" content=\"summary_large_image\" \/>\n<meta name=\"twitter:label1\" content=\"Written by\" \/>\n\t<meta name=\"twitter:data1\" content=\"su\" \/>\n\t<meta name=\"twitter:label2\" content=\"Est. reading time\" \/>\n\t<meta name=\"twitter:data2\" content=\"2 minutes\" \/>\n<script type=\"application\/ld+json\" class=\"yoast-schema-graph\">{\"@context\":\"https:\\\/\\\/schema.org\",\"@graph\":[{\"@type\":\"Article\",\"@id\":\"https:\\\/\\\/www.ssyl.fi\\\/de\\\/aktuelles\\\/dank-an-ulf-und-ingrid-annel\\\/#article\",\"isPartOf\":{\"@id\":\"https:\\\/\\\/www.ssyl.fi\\\/de\\\/aktuelles\\\/dank-an-ulf-und-ingrid-annel\\\/\"},\"author\":{\"name\":\"su\",\"@id\":\"https:\\\/\\\/www.ssyl.fi\\\/de\\\/#\\\/schema\\\/person\\\/bca1dcebb660e436912037dec6c0af97\"},\"headline\":\"Dank an Ulf und Ingrid Annel\",\"datePublished\":\"2019-04-05T08:20:00+00:00\",\"dateModified\":\"2019-09-27T08:28:48+00:00\",\"mainEntityOfPage\":{\"@id\":\"https:\\\/\\\/www.ssyl.fi\\\/de\\\/aktuelles\\\/dank-an-ulf-und-ingrid-annel\\\/\"},\"wordCount\":396,\"image\":{\"@id\":\"https:\\\/\\\/www.ssyl.fi\\\/de\\\/aktuelles\\\/dank-an-ulf-und-ingrid-annel\\\/#primaryimage\"},\"thumbnailUrl\":\"https:\\\/\\\/www.ssyl.fi\\\/content\\\/uploads\\\/2019\\\/04\\\/KUVA-3-TAMPERE-nettiin-300x200.jpg\",\"articleSection\":[\"Aktuelles\"],\"inLanguage\":\"de-DE\"},{\"@type\":\"WebPage\",\"@id\":\"https:\\\/\\\/www.ssyl.fi\\\/de\\\/aktuelles\\\/dank-an-ulf-und-ingrid-annel\\\/\",\"url\":\"https:\\\/\\\/www.ssyl.fi\\\/de\\\/aktuelles\\\/dank-an-ulf-und-ingrid-annel\\\/\",\"name\":\"Dank an Ulf und Ingrid Annel - Suomi-Saksa Yhdistysten Liitto ry\",\"isPartOf\":{\"@id\":\"https:\\\/\\\/www.ssyl.fi\\\/de\\\/#website\"},\"primaryImageOfPage\":{\"@id\":\"https:\\\/\\\/www.ssyl.fi\\\/de\\\/aktuelles\\\/dank-an-ulf-und-ingrid-annel\\\/#primaryimage\"},\"image\":{\"@id\":\"https:\\\/\\\/www.ssyl.fi\\\/de\\\/aktuelles\\\/dank-an-ulf-und-ingrid-annel\\\/#primaryimage\"},\"thumbnailUrl\":\"https:\\\/\\\/www.ssyl.fi\\\/content\\\/uploads\\\/2019\\\/04\\\/KUVA-3-TAMPERE-nettiin-300x200.jpg\",\"datePublished\":\"2019-04-05T08:20:00+00:00\",\"dateModified\":\"2019-09-27T08:28:48+00:00\",\"author\":{\"@id\":\"https:\\\/\\\/www.ssyl.fi\\\/de\\\/#\\\/schema\\\/person\\\/bca1dcebb660e436912037dec6c0af97\"},\"breadcrumb\":{\"@id\":\"https:\\\/\\\/www.ssyl.fi\\\/de\\\/aktuelles\\\/dank-an-ulf-und-ingrid-annel\\\/#breadcrumb\"},\"inLanguage\":\"de-DE\",\"potentialAction\":[{\"@type\":\"ReadAction\",\"target\":[\"https:\\\/\\\/www.ssyl.fi\\\/de\\\/aktuelles\\\/dank-an-ulf-und-ingrid-annel\\\/\"]}]},{\"@type\":\"ImageObject\",\"inLanguage\":\"de-DE\",\"@id\":\"https:\\\/\\\/www.ssyl.fi\\\/de\\\/aktuelles\\\/dank-an-ulf-und-ingrid-annel\\\/#primaryimage\",\"url\":\"https:\\\/\\\/www.ssyl.fi\\\/content\\\/uploads\\\/2019\\\/04\\\/KUVA-3-TAMPERE-nettiin-300x200.jpg\",\"contentUrl\":\"https:\\\/\\\/www.ssyl.fi\\\/content\\\/uploads\\\/2019\\\/04\\\/KUVA-3-TAMPERE-nettiin-300x200.jpg\"},{\"@type\":\"BreadcrumbList\",\"@id\":\"https:\\\/\\\/www.ssyl.fi\\\/de\\\/aktuelles\\\/dank-an-ulf-und-ingrid-annel\\\/#breadcrumb\",\"itemListElement\":[{\"@type\":\"ListItem\",\"position\":1,\"name\":\"Home\",\"item\":\"https:\\\/\\\/www.ssyl.fi\\\/de\\\/\"},{\"@type\":\"ListItem\",\"position\":2,\"name\":\"Dank an Ulf und Ingrid Annel\"}]},{\"@type\":\"WebSite\",\"@id\":\"https:\\\/\\\/www.ssyl.fi\\\/de\\\/#website\",\"url\":\"https:\\\/\\\/www.ssyl.fi\\\/de\\\/\",\"name\":\"Suomi-Saksa Yhdistysten Liitto ry\",\"description\":\"\",\"potentialAction\":[{\"@type\":\"SearchAction\",\"target\":{\"@type\":\"EntryPoint\",\"urlTemplate\":\"https:\\\/\\\/www.ssyl.fi\\\/de\\\/?s={search_term_string}\"},\"query-input\":{\"@type\":\"PropertyValueSpecification\",\"valueRequired\":true,\"valueName\":\"search_term_string\"}}],\"inLanguage\":\"de-DE\"},{\"@type\":\"Person\",\"@id\":\"https:\\\/\\\/www.ssyl.fi\\\/de\\\/#\\\/schema\\\/person\\\/bca1dcebb660e436912037dec6c0af97\",\"name\":\"su\",\"image\":{\"@type\":\"ImageObject\",\"inLanguage\":\"de-DE\",\"@id\":\"https:\\\/\\\/secure.gravatar.com\\\/avatar\\\/9b55bc1571b94e7d820a0d2181aad3ff43a88ed36fcd149690e9b3b58274f822?s=96&d=mm&r=g\",\"url\":\"https:\\\/\\\/secure.gravatar.com\\\/avatar\\\/9b55bc1571b94e7d820a0d2181aad3ff43a88ed36fcd149690e9b3b58274f822?s=96&d=mm&r=g\",\"contentUrl\":\"https:\\\/\\\/secure.gravatar.com\\\/avatar\\\/9b55bc1571b94e7d820a0d2181aad3ff43a88ed36fcd149690e9b3b58274f822?s=96&d=mm&r=g\",\"caption\":\"su\"},\"url\":\"https:\\\/\\\/www.ssyl.fi\\\/de\\\/author\\\/su\\\/\"}]}<\/script>\n<!-- \/ Yoast SEO plugin. -->","yoast_head_json":{"title":"Dank an Ulf und Ingrid Annel - Suomi-Saksa Yhdistysten Liitto ry","robots":{"index":"index","follow":"follow","max-snippet":"max-snippet:-1","max-image-preview":"max-image-preview:large","max-video-preview":"max-video-preview:-1"},"canonical":"https:\/\/www.ssyl.fi\/de\/aktuelles\/dank-an-ulf-und-ingrid-annel\/","og_locale":"de_DE","og_type":"article","og_title":"Dank an Ulf und Ingrid Annel - Suomi-Saksa Yhdistysten Liitto ry","og_description":"Dank an Ulf und Ingrid Annel Witz, Anekdoten und Gedichte &#8211; M\u00e4rchen und kleine Geschichten Gro\u00df und Klein konnte bezaubert werden. Die Finnland-Tournee von Ingrid und Ulf Annel f\u00fchrte das Schauspieler- und Autorenpaar mit ihrem vielseitigen Programm nach Oulu, Jyv\u00e4skyl\u00e4, Tampere, Helsinki, Joensuu, Savonlinna, Turku und Salo. Die Auftritte waren von den Mitgliedsvereinen des Verbandes [&hellip;]","og_url":"https:\/\/www.ssyl.fi\/de\/aktuelles\/dank-an-ulf-und-ingrid-annel\/","og_site_name":"Suomi-Saksa Yhdistysten Liitto ry","article_publisher":"http:\/\/www.facebook.com\/ssyl.fi","article_published_time":"2019-04-05T08:20:00+00:00","article_modified_time":"2019-09-27T08:28:48+00:00","og_image":[{"url":"https:\/\/www.ssyl.fi\/content\/uploads\/2019\/04\/KUVA-3-TAMPERE-nettiin-300x200.jpg","type":"","width":"","height":""}],"author":"su","twitter_card":"summary_large_image","twitter_misc":{"Written by":"su","Est. reading time":"2 minutes"},"schema":{"@context":"https:\/\/schema.org","@graph":[{"@type":"Article","@id":"https:\/\/www.ssyl.fi\/de\/aktuelles\/dank-an-ulf-und-ingrid-annel\/#article","isPartOf":{"@id":"https:\/\/www.ssyl.fi\/de\/aktuelles\/dank-an-ulf-und-ingrid-annel\/"},"author":{"name":"su","@id":"https:\/\/www.ssyl.fi\/de\/#\/schema\/person\/bca1dcebb660e436912037dec6c0af97"},"headline":"Dank an Ulf und Ingrid Annel","datePublished":"2019-04-05T08:20:00+00:00","dateModified":"2019-09-27T08:28:48+00:00","mainEntityOfPage":{"@id":"https:\/\/www.ssyl.fi\/de\/aktuelles\/dank-an-ulf-und-ingrid-annel\/"},"wordCount":396,"image":{"@id":"https:\/\/www.ssyl.fi\/de\/aktuelles\/dank-an-ulf-und-ingrid-annel\/#primaryimage"},"thumbnailUrl":"https:\/\/www.ssyl.fi\/content\/uploads\/2019\/04\/KUVA-3-TAMPERE-nettiin-300x200.jpg","articleSection":["Aktuelles"],"inLanguage":"de-DE"},{"@type":"WebPage","@id":"https:\/\/www.ssyl.fi\/de\/aktuelles\/dank-an-ulf-und-ingrid-annel\/","url":"https:\/\/www.ssyl.fi\/de\/aktuelles\/dank-an-ulf-und-ingrid-annel\/","name":"Dank an Ulf und Ingrid Annel - Suomi-Saksa Yhdistysten Liitto ry","isPartOf":{"@id":"https:\/\/www.ssyl.fi\/de\/#website"},"primaryImageOfPage":{"@id":"https:\/\/www.ssyl.fi\/de\/aktuelles\/dank-an-ulf-und-ingrid-annel\/#primaryimage"},"image":{"@id":"https:\/\/www.ssyl.fi\/de\/aktuelles\/dank-an-ulf-und-ingrid-annel\/#primaryimage"},"thumbnailUrl":"https:\/\/www.ssyl.fi\/content\/uploads\/2019\/04\/KUVA-3-TAMPERE-nettiin-300x200.jpg","datePublished":"2019-04-05T08:20:00+00:00","dateModified":"2019-09-27T08:28:48+00:00","author":{"@id":"https:\/\/www.ssyl.fi\/de\/#\/schema\/person\/bca1dcebb660e436912037dec6c0af97"},"breadcrumb":{"@id":"https:\/\/www.ssyl.fi\/de\/aktuelles\/dank-an-ulf-und-ingrid-annel\/#breadcrumb"},"inLanguage":"de-DE","potentialAction":[{"@type":"ReadAction","target":["https:\/\/www.ssyl.fi\/de\/aktuelles\/dank-an-ulf-und-ingrid-annel\/"]}]},{"@type":"ImageObject","inLanguage":"de-DE","@id":"https:\/\/www.ssyl.fi\/de\/aktuelles\/dank-an-ulf-und-ingrid-annel\/#primaryimage","url":"https:\/\/www.ssyl.fi\/content\/uploads\/2019\/04\/KUVA-3-TAMPERE-nettiin-300x200.jpg","contentUrl":"https:\/\/www.ssyl.fi\/content\/uploads\/2019\/04\/KUVA-3-TAMPERE-nettiin-300x200.jpg"},{"@type":"BreadcrumbList","@id":"https:\/\/www.ssyl.fi\/de\/aktuelles\/dank-an-ulf-und-ingrid-annel\/#breadcrumb","itemListElement":[{"@type":"ListItem","position":1,"name":"Home","item":"https:\/\/www.ssyl.fi\/de\/"},{"@type":"ListItem","position":2,"name":"Dank an Ulf und Ingrid Annel"}]},{"@type":"WebSite","@id":"https:\/\/www.ssyl.fi\/de\/#website","url":"https:\/\/www.ssyl.fi\/de\/","name":"Suomi-Saksa Yhdistysten Liitto ry","description":"","potentialAction":[{"@type":"SearchAction","target":{"@type":"EntryPoint","urlTemplate":"https:\/\/www.ssyl.fi\/de\/?s={search_term_string}"},"query-input":{"@type":"PropertyValueSpecification","valueRequired":true,"valueName":"search_term_string"}}],"inLanguage":"de-DE"},{"@type":"Person","@id":"https:\/\/www.ssyl.fi\/de\/#\/schema\/person\/bca1dcebb660e436912037dec6c0af97","name":"su","image":{"@type":"ImageObject","inLanguage":"de-DE","@id":"https:\/\/secure.gravatar.com\/avatar\/9b55bc1571b94e7d820a0d2181aad3ff43a88ed36fcd149690e9b3b58274f822?s=96&d=mm&r=g","url":"https:\/\/secure.gravatar.com\/avatar\/9b55bc1571b94e7d820a0d2181aad3ff43a88ed36fcd149690e9b3b58274f822?s=96&d=mm&r=g","contentUrl":"https:\/\/secure.gravatar.com\/avatar\/9b55bc1571b94e7d820a0d2181aad3ff43a88ed36fcd149690e9b3b58274f822?s=96&d=mm&r=g","caption":"su"},"url":"https:\/\/www.ssyl.fi\/de\/author\/su\/"}]}},"_links":{"self":[{"href":"https:\/\/www.ssyl.fi\/de\/wp-json\/wp\/v2\/posts\/4796","targetHints":{"allow":["GET"]}}],"collection":[{"href":"https:\/\/www.ssyl.fi\/de\/wp-json\/wp\/v2\/posts"}],"about":[{"href":"https:\/\/www.ssyl.fi\/de\/wp-json\/wp\/v2\/types\/post"}],"author":[{"embeddable":true,"href":"https:\/\/www.ssyl.fi\/de\/wp-json\/wp\/v2\/users\/1"}],"replies":[{"embeddable":true,"href":"https:\/\/www.ssyl.fi\/de\/wp-json\/wp\/v2\/comments?post=4796"}],"version-history":[{"count":1,"href":"https:\/\/www.ssyl.fi\/de\/wp-json\/wp\/v2\/posts\/4796\/revisions"}],"predecessor-version":[{"id":6953,"href":"https:\/\/www.ssyl.fi\/de\/wp-json\/wp\/v2\/posts\/4796\/revisions\/6953"}],"wp:attachment":[{"href":"https:\/\/www.ssyl.fi\/de\/wp-json\/wp\/v2\/media?parent=4796"}],"wp:term":[{"taxonomy":"category","embeddable":true,"href":"https:\/\/www.ssyl.fi\/de\/wp-json\/wp\/v2\/categories?post=4796"},{"taxonomy":"post_tag","embeddable":true,"href":"https:\/\/www.ssyl.fi\/de\/wp-json\/wp\/v2\/tags?post=4796"}],"curies":[{"name":"wp","href":"https:\/\/api.w.org\/{rel}","templated":true}]}}