{"id":4860,"date":"2019-08-20T14:55:25","date_gmt":"2019-08-20T11:55:25","guid":{"rendered":"https:\/\/www.ssyl.fi\/?p=4860"},"modified":"2019-09-27T11:26:49","modified_gmt":"2019-09-27T08:26:49","slug":"karsten-troyke-trio-klezmerkonzert-in-helsinki-und-tampere-19-20-9-2019","status":"publish","type":"post","link":"https:\/\/www.ssyl.fi\/de\/aktuelles\/karsten-troyke-trio-klezmerkonzert-in-helsinki-und-tampere-19-20-9-2019\/","title":{"rendered":"Karsten Troyke Trio: Klezmerkonzert Helsinki und Tampere 19.-20.9.2019"},"content":{"rendered":"<p><!--:fi--><strong><a href=\"https:\/\/www.ssyl.fi\/content\/uploads\/2019\/05\/image1-verkkoon.jpg\"><img loading=\"lazy\" decoding=\"async\" class=\"alignright size-medium wp-image-4861\" title=\"image1 verkkoon\" src=\"https:\/\/www.ssyl.fi\/content\/uploads\/2019\/05\/image1-verkkoon-300x200.jpg\" alt=\"\" width=\"300\" height=\"200\" \/><\/a>TAMPERE<\/strong><\/p>\n<p><strong>Filmauff\u00fchrung \u201eShalom neues Deutschland\u00a0 &#8211;\u00a0 Juden in der DDR, Mi 18.9.2019, 18 Uhr<\/strong><\/p>\n<p>Universit\u00e4t Tampere, Raum Pinni B 1096<\/p>\n<p><strong>\u201dKlezmerkonzert Karsten Troyke Trio, Do 19.9.2019, 19 Uhr<br \/>\n<\/strong><\/p>\n<p>Tampereen Ylioppilasteatteri, Itsen\u00e4isyydenkatu 12-14, Tampere<\/p>\n<p>Eintritt frei &#8211; herzlich willkommen!<\/p>\n<p><strong>HELSINKI<\/strong><\/p>\n<p><strong>Filmauff\u00fchrung 18 Uhr und Klezmerkonzert Karsten Troyke Trio, Freitag 20.9.2019, 19 Uhr<\/strong><strong>\u00a0\u00a0\u00a0\u00a0\u00a0\u00a0\u00a0\u00a0\u00a0\u00a0\u00a0 <\/strong><\/p>\n<p>Deutsche Kirche (Konzert), Gemeindesaal (Film), Bernhardinkatu 4, Helsinki<\/p>\n<p>Der Verband der Finnisch-Deutschen Vereine e.V. und die Deutsche Evangelisch-Lutherische Gemeinde Finnland laden herzlich ein zur Filmauff\u00fchrung \u201eShalom neues Deutschland\u00a0 &#8211;\u00a0 Juden in der DDR\u201d und zum anschlie\u00dfenden Konzert mit Karsten Troyke Trio.<\/p>\n<p>Eintritt frei \u2013 herzlich willkommen!<\/p>\n<p>Die Veranstaltung wir in Zusammenarbeit mit dem Deutschen Kulturzentrum Tampere und der Deutschen Evangelisch-Lutherischen Gemeinde in Finnland mit freundlicher Unterst\u00fctzung der Aue-Stiftung organisiert.<\/p>\n<p><strong>Film<\/strong><\/p>\n<p>Shalom neues Deutschland\u00a0 &#8211;\u00a0 Juden in der DDR<\/p>\n<p>Deutschland 2018, Tom Franke, Mark Chaet, Lutz Rentner, 45 Min<\/p>\n<p>Das ambivalente Verh\u00e4ltnis zwischen den ostdeutschen Juden und dem Staat DDR will die Dokumentation durch die pers\u00f6nlichen Erfahrungen j\u00fcdischer DDR-B\u00fcrger aufzeigen.<\/p>\n<p>Antisemitismus galt in der DDR als &#8220;mit Stumpf und Stiel&#8221; ausgerottet. &#8220;Nie wieder Faschismus &#8211; nie wieder Krieg&#8221; hie\u00df es, Antifaschismus war in der DDR Staatsdoktrin. Dennoch lebten in der Gesellschaft antisemitische Denkmuster fort und auch das Verh\u00e4ltnis der Staatsf\u00fchrung zu den Juden im Land schwankte zwischen repressivem Vorgehen gegen &#8220;zionistische Str\u00f6mungen&#8221; und Ignoranz.<\/p>\n<p>Nach 1945 waren es zumeist vom Kommunismus \u00fcberzeugte Juden, die in die DDR zur\u00fcckkehrten. Bei der individuellen Entscheidung f\u00fcr eine R\u00fcckkehr in dieses neue Deutschland spielte die kommunistische Weltanschauung gegen\u00fcber der j\u00fcdischen Herkunft zumeist eine \u00fcbergeordnete Rolle. Nach einer 1946 durchgef\u00fchrten Volksz\u00e4hlung waren in Ostdeutschland 4.500 Mitglieder der j\u00fcdischen Gemeinden registriert. Die Zahl sank bis 1989 auf ca. 400. Die acht j\u00fcdischen Gemeinden wurden einerseits vom Staat unterst\u00fctzt, andererseits von den Sicherheitsorganen observiert.<\/p>\n<p>Eine st\u00e4ndige Herausforderung f\u00fcr die ostdeutschen Juden ist der Umgang ihres Staates mit Israel. Zun\u00e4chst waren die Sowjetunion und ihre Verb\u00fcndeten Bef\u00fcrworter des jungen j\u00fcdischen Staates. Nach dessen Bekenntnis zum B\u00fcndnis mit den USA propagierte die Staatsf\u00fchrung jedoch immer deutlicher einen aggressiven Antizionismus, der die j\u00fcdischen Gemeinden in der DDR unter Druck setzte. Es entwickelten sich massive antij\u00fcdische Tendenzen im Ostblock.<\/p>\n<p>Das Verh\u00e4ltnis der j\u00fcdischen Gemeinden zum Staat DDR blieb \u00fcber die Jahre zwiesp\u00e4ltig. Inwieweit wurde in dem antifaschistischen Staat konsequent gesellschaftlicher Antisemitismus bek\u00e4mpft? Als in den 1980er Jahren junge Neonazis in der DDR unverhohlen auftraten und Hakenkreuze auf Grabsteine schmierten, war der Staat im Zugzwang.<\/p>\n<p>Salomea Genin, die als junge Kommunistin mit vielen Illusionen in die DDR kam, hoffte auch durch die Arbeit in der j\u00fcdischen Gemeinde etwas \u00e4ndern zu k\u00f6nnen.<\/p>\n<p>Auch f\u00fcr den Schriftsteller und Journalisten Walter Kaufmann war die DDR Wahlheimat. Er findet erst sp\u00e4t zu seinen j\u00fcdischen Wurzeln zur\u00fcck. Werner Lappe aus Dresden kommt mit seinen Eltern aus dem englischen Exil in die DDR. Er f\u00fchlt sich als sogenannter \u201eDrei-Tages-Jude\u201c, der nur zu den gro\u00dfen j\u00fcdischen Feiertagen in die Synagoge geht.<\/p>\n<p>Der Rocks\u00e4nger Andre Herzberg sp\u00fcrte die Zerrissenheit der Mutter, wenn sie sich zwischen der kommunistischen \u00dcberzeugung und der j\u00fcdischen Religion entscheiden sollte. F\u00fcr ihn wurde die j\u00fcdische Identit\u00e4t nach der friedlichen Revolution 1989 ein neuer Anker. \u201eSchalom neues Deutschland &#8211; Juden in der DDR\u201c stellt die Biografien und die emotionalen Schilderungen der Protagonisten in den Vordergrund und zeigt, wie Juden in der DDR gelebt und gef\u00fchlt haben.<\/p>\n<p>Der Film ist eine Produktion von armadafilm, gef\u00f6rdert mit Mitteln der Bundesstiftung zur Aufarbeitung der SED-Diktatur, im Auftrag des Rundfunk Berlin-Brandenburg.<\/p>\n<p><strong>Karsten Troyke Trio<br \/>\n<\/strong><\/p>\n<p>Karsten Troyke (*14. August 1960 in Berlin) ist Chansons\u00e4nger, Schauspieler und Sprecher, der sich vor allem mit jiddischen Liedern einen internationalen Namen machte. Er gilt als einer der bedeutendsten Interpreten dieses Genres in Europa.<br \/>\nSeit 1982 auf der B\u00fchne, hatte er jedoch zun\u00e4chst G\u00e4rtner gelernt und sp\u00e4ter mit geistig-behinderten Kindern gearbeitet. Nebenher nahm er Gesangsunterricht (bei Leonore Gendries) sowie Schauspiel und Sprecherziehung. 1990 gab er die soziale Arbeit auf und widmete sich ganz den Liederprogrammen sowie dem Theater (u.a. Vagantenb\u00fchne Berlin, Hackesches Hoftheater, Teatr Kreatur).<\/p>\n<p>Er wirkte in H\u00f6rspielen mit, arbeitete als Synchronsprecher und war in sehr unterschiedlichen B\u00fchnenst\u00fccken zu sehen. Als ein Botschafter des Jiddischen Liedes bereiste er seit 1989 eine Reihe von L\u00e4ndern, u.a. Polen, Frankreich, Belgien, Norwegen, D\u00e4nemark, Australien, Israel, USA, Kroatien, Schweden.<\/p>\n<p>Sein Album \u201eYiddish Anders\u201c(1992) erhielt den Preis der deutschen Schallplattenkritik. Seine CD \u201eVergessene Lieder\u201c(1997) enth\u00e4lt zuvor unver\u00f6ffentlichte Lieder aus dem Ged\u00e4chtnis von Sara Bialas-Tenenberg, die auch seine Mentorin f\u00fcr die jiddische Sprache wurde.<\/p>\n<p>In seinen Chansonprogrammen arbeitet Troyke mit Suzanna und dem Trio Scho, und bis 2008 vor allem mit Bettina Wegner. Seine Interpretationen der Lieder von Georg Kreisler fanden Erw\u00e4hnung in dessen 2005 ver\u00f6ffentlichen ersten Biographie.<\/p>\n<p>Troyke wird vor allem nachgesagt, da\u00df er mit den schwierigsten Texten und ambivalenten Gef\u00fchlslagen spielen kann als Entertainer, sehr differenzierte Ausdrucksformen nutzt und man nie genau wei\u00df, wie ernst oder ironisch er einen Text nimmt. Beklemmendes kann er mit Leichtigkeit bringen und Humor kann zu Tr\u00e4nen r\u00fchren.<!--:--><!--:de--><\/p>\n<p><strong>TAMPERE<a href=\"https:\/\/www.ssyl.fi\/content\/uploads\/2019\/05\/image1-verkkoon.jpg\"><img loading=\"lazy\" decoding=\"async\" class=\"alignright size-medium wp-image-4861\" title=\"image1 verkkoon\" src=\"https:\/\/www.ssyl.fi\/content\/uploads\/2019\/05\/image1-verkkoon-300x200.jpg\" alt=\"\" width=\"300\" height=\"200\" \/><\/a><\/strong><\/p>\n<p><strong>Filmauff\u00fchrung \u201eShalom neues Deutschland\u00a0 &#8211;\u00a0 Juden in der DDR, Mi 18.9.2019, 18 Uhr<\/strong><\/p>\n<p>Universit\u00e4t Tampere, Raum Pinni B 1096<\/p>\n<p><strong>\u201dKlezmerkonzert Karsten Troyke Trio, Do 19.9.2019, 19 Uhr<\/strong><\/p>\n<p>Tampereen Ylioppilasteatteri, Itsen\u00e4isyydenkatu 12-14, Tampere<\/p>\n<p>Eintritt frei &#8211; herzlich willkommen!<\/p>\n<p><strong>HELSINKI<\/strong><\/p>\n<p><strong>Filmauff\u00fchrung 18 Uhr und Klezmerkonzert Karsten Troyke Trio, Freitag 20.9.2019, 19 Uhr<\/strong><strong>\u00a0\u00a0\u00a0\u00a0\u00a0\u00a0\u00a0\u00a0\u00a0\u00a0\u00a0 <\/strong><\/p>\n<p>Deutsche Kirche (Konzert), Gemeindesaal (Film), Bernhardinkatu 4, Helsinki<\/p>\n<p>Der Verband der Finnisch-Deutschen Vereine e.V. und die Deutsche Evangelisch-Lutherische Gemeinde Finnland laden herzlich ein zur Filmauff\u00fchrung \u201eShalom neues Deutschland\u00a0 &#8211;\u00a0 Juden in der DDR\u201d und zum anschlie\u00dfenden Klezmerkonzert mit Karsten Troyke Trio.<\/p>\n<p>Eintritt frei \u2013 herzlich willkommen!<\/p>\n<p>Die Veranstaltung wir in Zusammenarbeit mit dem Deutschen Kulturzentrum Tampere und der Deutschen Evangelisch-Lutherischen Gemeinde in Finnland mit freundlicher Unterst\u00fctzung der Aue-Stiftung organisiert.<\/p>\n<p><strong>Film<\/strong><\/p>\n<p>Shalom neues Deutschland\u00a0 &#8211;\u00a0 Juden in der DDR<\/p>\n<p>Deutschland 2018, Tom Franke, Mark Chaet, Lutz Rentner, 45 Min<\/p>\n<p>Das ambivalente Verh\u00e4ltnis zwischen den ostdeutschen Juden und dem Staat DDR will die Dokumentation durch die pers\u00f6nlichen Erfahrungen j\u00fcdischer DDR-B\u00fcrger aufzeigen.<\/p>\n<p>Antisemitismus galt in der DDR als &#8220;mit Stumpf und Stiel&#8221; ausgerottet. &#8220;Nie wieder Faschismus &#8211; nie wieder Krieg&#8221; hie\u00df es, Antifaschismus war in der DDR Staatsdoktrin. Dennoch lebten in der Gesellschaft antisemitische Denkmuster fort und auch das Verh\u00e4ltnis der Staatsf\u00fchrung zu den Juden im Land schwankte zwischen repressivem Vorgehen gegen &#8220;zionistische Str\u00f6mungen&#8221; und Ignoranz.<\/p>\n<p>Nach 1945 waren es zumeist vom Kommunismus \u00fcberzeugte Juden, die in die DDR zur\u00fcckkehrten. Bei der individuellen Entscheidung f\u00fcr eine R\u00fcckkehr in dieses neue Deutschland spielte die kommunistische Weltanschauung gegen\u00fcber der j\u00fcdischen Herkunft zumeist eine \u00fcbergeordnete Rolle. Nach einer 1946 durchgef\u00fchrten Volksz\u00e4hlung waren in Ostdeutschland 4.500 Mitglieder der j\u00fcdischen Gemeinden registriert. Die Zahl sank bis 1989 auf ca. 400. Die acht j\u00fcdischen Gemeinden wurden einerseits vom Staat unterst\u00fctzt, andererseits von den Sicherheitsorganen observiert.<\/p>\n<p>Eine st\u00e4ndige Herausforderung f\u00fcr die ostdeutschen Juden ist der Umgang ihres Staates mit Israel. Zun\u00e4chst waren die Sowjetunion und ihre Verb\u00fcndeten Bef\u00fcrworter des jungen j\u00fcdischen Staates. Nach dessen Bekenntnis zum B\u00fcndnis mit den USA propagierte die Staatsf\u00fchrung jedoch immer deutlicher einen aggressiven Antizionismus, der die j\u00fcdischen Gemeinden in der DDR unter Druck setzte. Es entwickelten sich massive antij\u00fcdische Tendenzen im Ostblock.<\/p>\n<p>Das Verh\u00e4ltnis der j\u00fcdischen Gemeinden zum Staat DDR blieb \u00fcber die Jahre zwiesp\u00e4ltig. Inwieweit wurde in dem antifaschistischen Staat konsequent gesellschaftlicher Antisemitismus bek\u00e4mpft? Als in den 1980er Jahren junge Neonazis in der DDR unverhohlen auftraten und Hakenkreuze auf Grabsteine schmierten, war der Staat im Zugzwang.<\/p>\n<p>Salomea Genin, die als junge Kommunistin mit vielen Illusionen in die DDR kam, hoffte auch durch die Arbeit in der j\u00fcdischen Gemeinde etwas \u00e4ndern zu k\u00f6nnen.<\/p>\n<p>Auch f\u00fcr den Schriftsteller und Journalisten Walter Kaufmann war die DDR Wahlheimat. Er findet erst sp\u00e4t zu seinen j\u00fcdischen Wurzeln zur\u00fcck. Werner Lappe aus Dresden kommt mit seinen Eltern aus dem englischen Exil in die DDR. Er f\u00fchlt sich als sogenannter \u201eDrei-Tages-Jude\u201c, der nur zu den gro\u00dfen j\u00fcdischen Feiertagen in die Synagoge geht.<\/p>\n<p>Der Rocks\u00e4nger Andre Herzberg sp\u00fcrte die Zerrissenheit der Mutter, wenn sie sich zwischen der kommunistischen \u00dcberzeugung und der j\u00fcdischen Religion entscheiden sollte. F\u00fcr ihn wurde die j\u00fcdische Identit\u00e4t nach der friedlichen Revolution 1989 ein neuer Anker. \u201eSchalom neues Deutschland &#8211; Juden in der DDR\u201c stellt die Biografien und die emotionalen Schilderungen der Protagonisten in den Vordergrund und zeigt, wie Juden in der DDR gelebt und gef\u00fchlt haben.<\/p>\n<p>Der Film ist eine Produktion von armadafilm, gef\u00f6rdert mit Mitteln der Bundesstiftung zur Aufarbeitung der SED-Diktatur, im Auftrag des Rundfunk Berlin-Brandenburg.<\/p>\n<p><strong>Karsten Troyke Trio<\/strong><\/p>\n<p>Karsten Troyke (*14. August 1960 in Berlin) ist Chansons\u00e4nger, Schauspieler und Sprecher, der sich vor allem mit jiddischen Liedern einen internationalen Namen machte. Er gilt als einer der bedeutendsten Interpreten dieses Genres in Europa.<\/p>\n<p>Seit 1982 auf der B\u00fchne, hatte er jedoch zun\u00e4chst G\u00e4rtner gelernt und sp\u00e4ter mit geistig-behinderten Kindern gearbeitet. Nebenher nahm er Gesangsunterricht (bei Leonore Gendries) sowie Schauspiel und Sprecherziehung. 1990 gab er die soziale Arbeit auf und widmete sich ganz den Liederprogrammen sowie dem Theater (u.a. Vagantenb\u00fchne Berlin, Hackesches Hoftheater, Teatr Kreatur).<\/p>\n<p>Er wirkte in H\u00f6rspielen mit, arbeitete als Synchronsprecher und war in sehr unterschiedlichen B\u00fchnenst\u00fccken zu sehen. Als ein Botschafter des Jiddischen Liedes bereiste er seit 1989 eine Reihe von L\u00e4ndern, u.a. Polen, Frankreich, Belgien, Norwegen, D\u00e4nemark, Australien, Israel, USA, Kroatien, Schweden.<\/p>\n<p>Sein Album \u201eYiddish Anders\u201c(1992) erhielt den Preis der deutschen Schallplattenkritik. Seine CD \u201eVergessene Lieder\u201c(1997) enth\u00e4lt zuvor unver\u00f6ffentlichte Lieder aus dem Ged\u00e4chtnis von Sara Bialas-Tenenberg, die auch seine Mentorin f\u00fcr die jiddische Sprache wurde.<\/p>\n<p>In seinen Chansonprogrammen arbeitet Troyke mit Suzanna und dem Trio Scho, und bis 2008 vor allem mit Bettina Wegner. Seine Interpretationen der Lieder von Georg Kreisler fanden Erw\u00e4hnung in dessen 2005 ver\u00f6ffentlichen ersten Biographie.<\/p>\n<p>Troyke wird vor allem nachgesagt, da\u00df er mit den schwierigsten Texten und ambivalenten Gef\u00fchlslagen spielen kann als Entertainer, sehr differenzierte Ausdrucksformen nutzt und man nie genau wei\u00df, wie ernst oder ironisch er einen Text nimmt. Beklemmendes kann er mit Leichtigkeit bringen und Humor kann zu Tr\u00e4nen r\u00fchren.<\/p>\n<p><!--:--><\/p>\n","protected":false},"excerpt":{"rendered":"<p>TAMPERE Filmauff\u00fchrung \u201eShalom neues Deutschland\u00a0 &#8211;\u00a0 Juden in der DDR, Mi 18.9.2019, 18 Uhr Universit\u00e4t Tampere, Raum Pinni B 1096 \u201dKlezmerkonzert Karsten Troyke Trio, Do 19.9.2019, 19 Uhr Tampereen Ylioppilasteatteri, Itsen\u00e4isyydenkatu 12-14, Tampere Eintritt frei &#8211; herzlich willkommen! HELSINKI Filmauff\u00fchrung 18 Uhr und Klezmerkonzert Karsten Troyke Trio, Freitag 20.9.2019, 19 Uhr\u00a0\u00a0\u00a0\u00a0\u00a0\u00a0\u00a0\u00a0\u00a0\u00a0\u00a0 Deutsche Kirche (Konzert), Gemeindesaal [&hellip;]<\/p>\n","protected":false},"author":1,"featured_media":0,"comment_status":"closed","ping_status":"closed","sticky":false,"template":"","format":"standard","meta":{"footnotes":""},"categories":[14],"tags":[],"class_list":["post-4860","post","type-post","status-publish","format-standard","hentry","category-aktuelles"],"yoast_head":"<!-- This site is optimized with the Yoast SEO plugin v27.3 - https:\/\/yoast.com\/product\/yoast-seo-wordpress\/ -->\n<title>Karsten Troyke Trio: Klezmerkonzert Helsinki und Tampere 19.-20.9.2019 - Suomi-Saksa Yhdistysten Liitto ry<\/title>\n<meta name=\"robots\" content=\"index, follow, max-snippet:-1, max-image-preview:large, max-video-preview:-1\" \/>\n<link rel=\"canonical\" href=\"https:\/\/www.ssyl.fi\/de\/aktuelles\/karsten-troyke-trio-klezmerkonzert-in-helsinki-und-tampere-19-20-9-2019\/\" \/>\n<meta property=\"og:locale\" content=\"de_DE\" \/>\n<meta property=\"og:type\" content=\"article\" \/>\n<meta property=\"og:title\" content=\"Karsten Troyke Trio: Klezmerkonzert Helsinki und Tampere 19.-20.9.2019 - Suomi-Saksa Yhdistysten Liitto ry\" \/>\n<meta property=\"og:description\" content=\"TAMPERE Filmauff\u00fchrung \u201eShalom neues Deutschland\u00a0 &#8211;\u00a0 Juden in der DDR, Mi 18.9.2019, 18 Uhr Universit\u00e4t Tampere, Raum Pinni B 1096 \u201dKlezmerkonzert Karsten Troyke Trio, Do 19.9.2019, 19 Uhr Tampereen Ylioppilasteatteri, Itsen\u00e4isyydenkatu 12-14, Tampere Eintritt frei &#8211; herzlich willkommen! HELSINKI Filmauff\u00fchrung 18 Uhr und Klezmerkonzert Karsten Troyke Trio, Freitag 20.9.2019, 19 Uhr\u00a0\u00a0\u00a0\u00a0\u00a0\u00a0\u00a0\u00a0\u00a0\u00a0\u00a0 Deutsche Kirche (Konzert), Gemeindesaal [&hellip;]\" \/>\n<meta property=\"og:url\" content=\"https:\/\/www.ssyl.fi\/de\/aktuelles\/karsten-troyke-trio-klezmerkonzert-in-helsinki-und-tampere-19-20-9-2019\/\" \/>\n<meta property=\"og:site_name\" content=\"Suomi-Saksa Yhdistysten Liitto ry\" \/>\n<meta property=\"article:publisher\" content=\"http:\/\/www.facebook.com\/ssyl.fi\" \/>\n<meta property=\"article:published_time\" content=\"2019-08-20T11:55:25+00:00\" \/>\n<meta property=\"article:modified_time\" content=\"2019-09-27T08:26:49+00:00\" \/>\n<meta property=\"og:image\" content=\"https:\/\/www.ssyl.fi\/content\/uploads\/2019\/05\/image1-verkkoon-300x200.jpg\" \/>\n<meta name=\"author\" content=\"su\" \/>\n<meta name=\"twitter:card\" content=\"summary_large_image\" \/>\n<meta name=\"twitter:label1\" content=\"Written by\" \/>\n\t<meta name=\"twitter:data1\" content=\"su\" \/>\n\t<meta name=\"twitter:label2\" content=\"Est. reading time\" \/>\n\t<meta name=\"twitter:data2\" content=\"9 minutes\" \/>\n<script type=\"application\/ld+json\" class=\"yoast-schema-graph\">{\"@context\":\"https:\\\/\\\/schema.org\",\"@graph\":[{\"@type\":\"Article\",\"@id\":\"https:\\\/\\\/www.ssyl.fi\\\/de\\\/aktuelles\\\/karsten-troyke-trio-klezmerkonzert-in-helsinki-und-tampere-19-20-9-2019\\\/#article\",\"isPartOf\":{\"@id\":\"https:\\\/\\\/www.ssyl.fi\\\/de\\\/aktuelles\\\/karsten-troyke-trio-klezmerkonzert-in-helsinki-und-tampere-19-20-9-2019\\\/\"},\"author\":{\"name\":\"su\",\"@id\":\"https:\\\/\\\/www.ssyl.fi\\\/de\\\/#\\\/schema\\\/person\\\/bca1dcebb660e436912037dec6c0af97\"},\"headline\":\"Karsten Troyke Trio: Klezmerkonzert Helsinki und Tampere 19.-20.9.2019\",\"datePublished\":\"2019-08-20T11:55:25+00:00\",\"dateModified\":\"2019-09-27T08:26:49+00:00\",\"mainEntityOfPage\":{\"@id\":\"https:\\\/\\\/www.ssyl.fi\\\/de\\\/aktuelles\\\/karsten-troyke-trio-klezmerkonzert-in-helsinki-und-tampere-19-20-9-2019\\\/\"},\"wordCount\":1720,\"image\":{\"@id\":\"https:\\\/\\\/www.ssyl.fi\\\/de\\\/aktuelles\\\/karsten-troyke-trio-klezmerkonzert-in-helsinki-und-tampere-19-20-9-2019\\\/#primaryimage\"},\"thumbnailUrl\":\"https:\\\/\\\/www.ssyl.fi\\\/content\\\/uploads\\\/2019\\\/05\\\/image1-verkkoon-300x200.jpg\",\"articleSection\":[\"Aktuelles\"],\"inLanguage\":\"de-DE\"},{\"@type\":\"WebPage\",\"@id\":\"https:\\\/\\\/www.ssyl.fi\\\/de\\\/aktuelles\\\/karsten-troyke-trio-klezmerkonzert-in-helsinki-und-tampere-19-20-9-2019\\\/\",\"url\":\"https:\\\/\\\/www.ssyl.fi\\\/de\\\/aktuelles\\\/karsten-troyke-trio-klezmerkonzert-in-helsinki-und-tampere-19-20-9-2019\\\/\",\"name\":\"Karsten Troyke Trio: Klezmerkonzert Helsinki und Tampere 19.-20.9.2019 - Suomi-Saksa Yhdistysten Liitto ry\",\"isPartOf\":{\"@id\":\"https:\\\/\\\/www.ssyl.fi\\\/de\\\/#website\"},\"primaryImageOfPage\":{\"@id\":\"https:\\\/\\\/www.ssyl.fi\\\/de\\\/aktuelles\\\/karsten-troyke-trio-klezmerkonzert-in-helsinki-und-tampere-19-20-9-2019\\\/#primaryimage\"},\"image\":{\"@id\":\"https:\\\/\\\/www.ssyl.fi\\\/de\\\/aktuelles\\\/karsten-troyke-trio-klezmerkonzert-in-helsinki-und-tampere-19-20-9-2019\\\/#primaryimage\"},\"thumbnailUrl\":\"https:\\\/\\\/www.ssyl.fi\\\/content\\\/uploads\\\/2019\\\/05\\\/image1-verkkoon-300x200.jpg\",\"datePublished\":\"2019-08-20T11:55:25+00:00\",\"dateModified\":\"2019-09-27T08:26:49+00:00\",\"author\":{\"@id\":\"https:\\\/\\\/www.ssyl.fi\\\/de\\\/#\\\/schema\\\/person\\\/bca1dcebb660e436912037dec6c0af97\"},\"breadcrumb\":{\"@id\":\"https:\\\/\\\/www.ssyl.fi\\\/de\\\/aktuelles\\\/karsten-troyke-trio-klezmerkonzert-in-helsinki-und-tampere-19-20-9-2019\\\/#breadcrumb\"},\"inLanguage\":\"de-DE\",\"potentialAction\":[{\"@type\":\"ReadAction\",\"target\":[\"https:\\\/\\\/www.ssyl.fi\\\/de\\\/aktuelles\\\/karsten-troyke-trio-klezmerkonzert-in-helsinki-und-tampere-19-20-9-2019\\\/\"]}]},{\"@type\":\"ImageObject\",\"inLanguage\":\"de-DE\",\"@id\":\"https:\\\/\\\/www.ssyl.fi\\\/de\\\/aktuelles\\\/karsten-troyke-trio-klezmerkonzert-in-helsinki-und-tampere-19-20-9-2019\\\/#primaryimage\",\"url\":\"https:\\\/\\\/www.ssyl.fi\\\/content\\\/uploads\\\/2019\\\/05\\\/image1-verkkoon-300x200.jpg\",\"contentUrl\":\"https:\\\/\\\/www.ssyl.fi\\\/content\\\/uploads\\\/2019\\\/05\\\/image1-verkkoon-300x200.jpg\"},{\"@type\":\"BreadcrumbList\",\"@id\":\"https:\\\/\\\/www.ssyl.fi\\\/de\\\/aktuelles\\\/karsten-troyke-trio-klezmerkonzert-in-helsinki-und-tampere-19-20-9-2019\\\/#breadcrumb\",\"itemListElement\":[{\"@type\":\"ListItem\",\"position\":1,\"name\":\"Home\",\"item\":\"https:\\\/\\\/www.ssyl.fi\\\/de\\\/\"},{\"@type\":\"ListItem\",\"position\":2,\"name\":\"Karsten Troyke Trio: Klezmerkonzert Helsinki und Tampere 19.-20.9.2019\"}]},{\"@type\":\"WebSite\",\"@id\":\"https:\\\/\\\/www.ssyl.fi\\\/de\\\/#website\",\"url\":\"https:\\\/\\\/www.ssyl.fi\\\/de\\\/\",\"name\":\"Suomi-Saksa Yhdistysten Liitto ry\",\"description\":\"\",\"potentialAction\":[{\"@type\":\"SearchAction\",\"target\":{\"@type\":\"EntryPoint\",\"urlTemplate\":\"https:\\\/\\\/www.ssyl.fi\\\/de\\\/?s={search_term_string}\"},\"query-input\":{\"@type\":\"PropertyValueSpecification\",\"valueRequired\":true,\"valueName\":\"search_term_string\"}}],\"inLanguage\":\"de-DE\"},{\"@type\":\"Person\",\"@id\":\"https:\\\/\\\/www.ssyl.fi\\\/de\\\/#\\\/schema\\\/person\\\/bca1dcebb660e436912037dec6c0af97\",\"name\":\"su\",\"image\":{\"@type\":\"ImageObject\",\"inLanguage\":\"de-DE\",\"@id\":\"https:\\\/\\\/secure.gravatar.com\\\/avatar\\\/9b55bc1571b94e7d820a0d2181aad3ff43a88ed36fcd149690e9b3b58274f822?s=96&d=mm&r=g\",\"url\":\"https:\\\/\\\/secure.gravatar.com\\\/avatar\\\/9b55bc1571b94e7d820a0d2181aad3ff43a88ed36fcd149690e9b3b58274f822?s=96&d=mm&r=g\",\"contentUrl\":\"https:\\\/\\\/secure.gravatar.com\\\/avatar\\\/9b55bc1571b94e7d820a0d2181aad3ff43a88ed36fcd149690e9b3b58274f822?s=96&d=mm&r=g\",\"caption\":\"su\"},\"url\":\"https:\\\/\\\/www.ssyl.fi\\\/de\\\/author\\\/su\\\/\"}]}<\/script>\n<!-- \/ Yoast SEO plugin. -->","yoast_head_json":{"title":"Karsten Troyke Trio: Klezmerkonzert Helsinki und Tampere 19.-20.9.2019 - Suomi-Saksa Yhdistysten Liitto ry","robots":{"index":"index","follow":"follow","max-snippet":"max-snippet:-1","max-image-preview":"max-image-preview:large","max-video-preview":"max-video-preview:-1"},"canonical":"https:\/\/www.ssyl.fi\/de\/aktuelles\/karsten-troyke-trio-klezmerkonzert-in-helsinki-und-tampere-19-20-9-2019\/","og_locale":"de_DE","og_type":"article","og_title":"Karsten Troyke Trio: Klezmerkonzert Helsinki und Tampere 19.-20.9.2019 - Suomi-Saksa Yhdistysten Liitto ry","og_description":"TAMPERE Filmauff\u00fchrung \u201eShalom neues Deutschland\u00a0 &#8211;\u00a0 Juden in der DDR, Mi 18.9.2019, 18 Uhr Universit\u00e4t Tampere, Raum Pinni B 1096 \u201dKlezmerkonzert Karsten Troyke Trio, Do 19.9.2019, 19 Uhr Tampereen Ylioppilasteatteri, Itsen\u00e4isyydenkatu 12-14, Tampere Eintritt frei &#8211; herzlich willkommen! HELSINKI Filmauff\u00fchrung 18 Uhr und Klezmerkonzert Karsten Troyke Trio, Freitag 20.9.2019, 19 Uhr\u00a0\u00a0\u00a0\u00a0\u00a0\u00a0\u00a0\u00a0\u00a0\u00a0\u00a0 Deutsche Kirche (Konzert), Gemeindesaal [&hellip;]","og_url":"https:\/\/www.ssyl.fi\/de\/aktuelles\/karsten-troyke-trio-klezmerkonzert-in-helsinki-und-tampere-19-20-9-2019\/","og_site_name":"Suomi-Saksa Yhdistysten Liitto ry","article_publisher":"http:\/\/www.facebook.com\/ssyl.fi","article_published_time":"2019-08-20T11:55:25+00:00","article_modified_time":"2019-09-27T08:26:49+00:00","og_image":[{"url":"https:\/\/www.ssyl.fi\/content\/uploads\/2019\/05\/image1-verkkoon-300x200.jpg","type":"","width":"","height":""}],"author":"su","twitter_card":"summary_large_image","twitter_misc":{"Written by":"su","Est. reading time":"9 minutes"},"schema":{"@context":"https:\/\/schema.org","@graph":[{"@type":"Article","@id":"https:\/\/www.ssyl.fi\/de\/aktuelles\/karsten-troyke-trio-klezmerkonzert-in-helsinki-und-tampere-19-20-9-2019\/#article","isPartOf":{"@id":"https:\/\/www.ssyl.fi\/de\/aktuelles\/karsten-troyke-trio-klezmerkonzert-in-helsinki-und-tampere-19-20-9-2019\/"},"author":{"name":"su","@id":"https:\/\/www.ssyl.fi\/de\/#\/schema\/person\/bca1dcebb660e436912037dec6c0af97"},"headline":"Karsten Troyke Trio: Klezmerkonzert Helsinki und Tampere 19.-20.9.2019","datePublished":"2019-08-20T11:55:25+00:00","dateModified":"2019-09-27T08:26:49+00:00","mainEntityOfPage":{"@id":"https:\/\/www.ssyl.fi\/de\/aktuelles\/karsten-troyke-trio-klezmerkonzert-in-helsinki-und-tampere-19-20-9-2019\/"},"wordCount":1720,"image":{"@id":"https:\/\/www.ssyl.fi\/de\/aktuelles\/karsten-troyke-trio-klezmerkonzert-in-helsinki-und-tampere-19-20-9-2019\/#primaryimage"},"thumbnailUrl":"https:\/\/www.ssyl.fi\/content\/uploads\/2019\/05\/image1-verkkoon-300x200.jpg","articleSection":["Aktuelles"],"inLanguage":"de-DE"},{"@type":"WebPage","@id":"https:\/\/www.ssyl.fi\/de\/aktuelles\/karsten-troyke-trio-klezmerkonzert-in-helsinki-und-tampere-19-20-9-2019\/","url":"https:\/\/www.ssyl.fi\/de\/aktuelles\/karsten-troyke-trio-klezmerkonzert-in-helsinki-und-tampere-19-20-9-2019\/","name":"Karsten Troyke Trio: Klezmerkonzert Helsinki und Tampere 19.-20.9.2019 - Suomi-Saksa Yhdistysten Liitto ry","isPartOf":{"@id":"https:\/\/www.ssyl.fi\/de\/#website"},"primaryImageOfPage":{"@id":"https:\/\/www.ssyl.fi\/de\/aktuelles\/karsten-troyke-trio-klezmerkonzert-in-helsinki-und-tampere-19-20-9-2019\/#primaryimage"},"image":{"@id":"https:\/\/www.ssyl.fi\/de\/aktuelles\/karsten-troyke-trio-klezmerkonzert-in-helsinki-und-tampere-19-20-9-2019\/#primaryimage"},"thumbnailUrl":"https:\/\/www.ssyl.fi\/content\/uploads\/2019\/05\/image1-verkkoon-300x200.jpg","datePublished":"2019-08-20T11:55:25+00:00","dateModified":"2019-09-27T08:26:49+00:00","author":{"@id":"https:\/\/www.ssyl.fi\/de\/#\/schema\/person\/bca1dcebb660e436912037dec6c0af97"},"breadcrumb":{"@id":"https:\/\/www.ssyl.fi\/de\/aktuelles\/karsten-troyke-trio-klezmerkonzert-in-helsinki-und-tampere-19-20-9-2019\/#breadcrumb"},"inLanguage":"de-DE","potentialAction":[{"@type":"ReadAction","target":["https:\/\/www.ssyl.fi\/de\/aktuelles\/karsten-troyke-trio-klezmerkonzert-in-helsinki-und-tampere-19-20-9-2019\/"]}]},{"@type":"ImageObject","inLanguage":"de-DE","@id":"https:\/\/www.ssyl.fi\/de\/aktuelles\/karsten-troyke-trio-klezmerkonzert-in-helsinki-und-tampere-19-20-9-2019\/#primaryimage","url":"https:\/\/www.ssyl.fi\/content\/uploads\/2019\/05\/image1-verkkoon-300x200.jpg","contentUrl":"https:\/\/www.ssyl.fi\/content\/uploads\/2019\/05\/image1-verkkoon-300x200.jpg"},{"@type":"BreadcrumbList","@id":"https:\/\/www.ssyl.fi\/de\/aktuelles\/karsten-troyke-trio-klezmerkonzert-in-helsinki-und-tampere-19-20-9-2019\/#breadcrumb","itemListElement":[{"@type":"ListItem","position":1,"name":"Home","item":"https:\/\/www.ssyl.fi\/de\/"},{"@type":"ListItem","position":2,"name":"Karsten Troyke Trio: Klezmerkonzert Helsinki und Tampere 19.-20.9.2019"}]},{"@type":"WebSite","@id":"https:\/\/www.ssyl.fi\/de\/#website","url":"https:\/\/www.ssyl.fi\/de\/","name":"Suomi-Saksa Yhdistysten Liitto ry","description":"","potentialAction":[{"@type":"SearchAction","target":{"@type":"EntryPoint","urlTemplate":"https:\/\/www.ssyl.fi\/de\/?s={search_term_string}"},"query-input":{"@type":"PropertyValueSpecification","valueRequired":true,"valueName":"search_term_string"}}],"inLanguage":"de-DE"},{"@type":"Person","@id":"https:\/\/www.ssyl.fi\/de\/#\/schema\/person\/bca1dcebb660e436912037dec6c0af97","name":"su","image":{"@type":"ImageObject","inLanguage":"de-DE","@id":"https:\/\/secure.gravatar.com\/avatar\/9b55bc1571b94e7d820a0d2181aad3ff43a88ed36fcd149690e9b3b58274f822?s=96&d=mm&r=g","url":"https:\/\/secure.gravatar.com\/avatar\/9b55bc1571b94e7d820a0d2181aad3ff43a88ed36fcd149690e9b3b58274f822?s=96&d=mm&r=g","contentUrl":"https:\/\/secure.gravatar.com\/avatar\/9b55bc1571b94e7d820a0d2181aad3ff43a88ed36fcd149690e9b3b58274f822?s=96&d=mm&r=g","caption":"su"},"url":"https:\/\/www.ssyl.fi\/de\/author\/su\/"}]}},"_links":{"self":[{"href":"https:\/\/www.ssyl.fi\/de\/wp-json\/wp\/v2\/posts\/4860","targetHints":{"allow":["GET"]}}],"collection":[{"href":"https:\/\/www.ssyl.fi\/de\/wp-json\/wp\/v2\/posts"}],"about":[{"href":"https:\/\/www.ssyl.fi\/de\/wp-json\/wp\/v2\/types\/post"}],"author":[{"embeddable":true,"href":"https:\/\/www.ssyl.fi\/de\/wp-json\/wp\/v2\/users\/1"}],"replies":[{"embeddable":true,"href":"https:\/\/www.ssyl.fi\/de\/wp-json\/wp\/v2\/comments?post=4860"}],"version-history":[{"count":1,"href":"https:\/\/www.ssyl.fi\/de\/wp-json\/wp\/v2\/posts\/4860\/revisions"}],"predecessor-version":[{"id":6952,"href":"https:\/\/www.ssyl.fi\/de\/wp-json\/wp\/v2\/posts\/4860\/revisions\/6952"}],"wp:attachment":[{"href":"https:\/\/www.ssyl.fi\/de\/wp-json\/wp\/v2\/media?parent=4860"}],"wp:term":[{"taxonomy":"category","embeddable":true,"href":"https:\/\/www.ssyl.fi\/de\/wp-json\/wp\/v2\/categories?post=4860"},{"taxonomy":"post_tag","embeddable":true,"href":"https:\/\/www.ssyl.fi\/de\/wp-json\/wp\/v2\/tags?post=4860"}],"curies":[{"name":"wp","href":"https:\/\/api.w.org\/{rel}","templated":true}]}}