{"id":9580,"date":"2022-10-03T10:21:12","date_gmt":"2022-10-03T07:21:12","guid":{"rendered":"https:\/\/www.ssyl.fi\/?p=9580"},"modified":"2022-10-06T11:23:29","modified_gmt":"2022-10-06T08:23:29","slug":"joachim-bussian-mit-50-jahre-finnland-rueckblicke-und-ausblicke-20-9-11-10-2022","status":"publish","type":"post","link":"https:\/\/www.ssyl.fi\/de\/nachrichten\/joachim-bussian-mit-50-jahre-finnland-rueckblicke-und-ausblicke-20-9-11-10-2022\/","title":{"rendered":"Joachim Bussian mit \u201e50 Jahre Finnland \u2013 R\u00fcckblicke und Ausblicke\u201d 20.9.-11.10.2022"},"content":{"rendered":"<div class=\"col-xs-24 col-l-16 col-xxl-12\">\n<div id=\"main-content-area\" class=\"paper-container swapped\" role=\"main\">\n<article id=\"post-9574\" class=\"post-type-post\">\n<section class=\"article-body\"><img loading=\"lazy\" decoding=\"async\" class=\"size-medium wp-image-9576 alignleft\" src=\"https:\/\/www.ssyl.fi\/content\/uploads\/2022\/08\/Joachim-Bussian-300x249.jpg\" alt=\"\" width=\"300\" height=\"249\" srcset=\"https:\/\/www.ssyl.fi\/content\/uploads\/2022\/08\/Joachim-Bussian-300x249.jpg 300w, https:\/\/www.ssyl.fi\/content\/uploads\/2022\/08\/Joachim-Bussian-1024x851.jpg 1024w, https:\/\/www.ssyl.fi\/content\/uploads\/2022\/08\/Joachim-Bussian-768x639.jpg 768w, https:\/\/www.ssyl.fi\/content\/uploads\/2022\/08\/Joachim-Bussian-1536x1277.jpg 1536w, https:\/\/www.ssyl.fi\/content\/uploads\/2022\/08\/Joachim-Bussian-2048x1703.jpg 2048w, https:\/\/www.ssyl.fi\/content\/uploads\/2022\/08\/Joachim-Bussian-962x800.jpg 962w\" sizes=\"auto, (max-width: 300px) 100vw, 300px\" \/>In seinem Vortrag \u201e50 Jahre Finnland \u2013 R\u00fcckblicke und Ausblicke\u201d blickt Joachim Bussian (Pressereferent der Deutschen Botschaft i.R.) auf seine hier in Finnland erlebte Zeit zur\u00fcck und erz\u00e4hlt \u00fcber seine Erlebnisse als Deutscher in Finnland in den letzten f\u00fcnf Jahrzehnten aus privater, aber auch der Sicht des langj\u00e4hrigen Presserefenten und \u00dcbersetzers der Deutschen Botschaft. Eine spannende Reise zum miterleben!<\/section>\n<section><\/section>\n<section><\/section>\n<section class=\"article-body\">Di 20.9. Mikkeli, Mikkelin p\u00e4\u00e4kirjasto Mikkeli-sali, Raatihuoneenkatu 6, 17 Uhr<\/section>\n<section><\/section>\n<section><\/section>\n<section class=\"article-body\">Do 22.9. Tampere, Kulturhaus Laikku, Musiksaal, Keskustori 4, 18 Uhr<\/section>\n<section><\/section>\n<section><\/section>\n<section class=\"article-body\">Fr 23.9. Turku, Stadtbibliothek Turku, Linnankatu 2, 18 UhrDi 27.9. Oulu, Porh\u00f6n Autoliike, Tyrn\u00e4v\u00e4ntie 6, 18 UhrMi 28.9. Rovaniemi, Universit\u00e4t Lappland, Yliopistonkatu 8, Saal LS3, 18 UhrMo 10.10. Riihim\u00e4ki, Riihim\u00e4en lukio, Koulukatu 5, 18 UhrDi 11.10. Helsinki, Deutsche Bibliothek, Pohjoinen Makasiinikatu 7, 18 Uhr und virtuell<\/p>\n<p>Link zur virtuellen Veranstaltung am Di 11.10. ab 18 Uhr: <a href=\"https:\/\/us02web.zoom.us\/j\/89945324800\">https:\/\/us02web.zoom.us\/j\/89945324800<\/a><\/p>\n<p>Die Veranstaltungen sind kostenlos und frei auch f\u00fcr nicht-Mitglieder des SSYL.<\/p>\n<p>Herzlich willkommen \u2013 l\u00e4mpim\u00e4sti tervetuloa!<\/p>\n<p>Die Veranstaltungen werden von dem Verband der Finnisch-Deutschen\u00a0Vereine e.V. in Zusammenarbeit mit den lokalen Finnisch-Deutschen Vereinen organisiert.<\/p>\n<p>Kontakt: info@ssyl.fi, Tel. 044 700 5511<\/p>\n<\/section>\n<\/article>\n<\/div>\n<\/div>\n","protected":false},"excerpt":{"rendered":"<p>In seinem Vortrag \u201e50 Jahre Finnland \u2013 R\u00fcckblicke und Ausblicke\u201d blickt Joachim Bussian (Pressereferent der Deutschen Botschaft i.R.) auf seine hier in Finnland erlebte Zeit zur\u00fcck und erz\u00e4hlt \u00fcber seine Erlebnisse als Deutscher in Finnland in den letzten f\u00fcnf Jahrzehnten aus privater, aber auch der Sicht des langj\u00e4hrigen Presserefenten und \u00dcbersetzers der Deutschen Botschaft. Eine [&hellip;]<\/p>\n","protected":false},"author":2,"featured_media":0,"comment_status":"closed","ping_status":"closed","sticky":false,"template":"","format":"standard","meta":{"footnotes":""},"categories":[3],"tags":[],"class_list":["post-9580","post","type-post","status-publish","format-standard","hentry","category-nachrichten"],"yoast_head":"<!-- This site is optimized with the Yoast SEO plugin v27.3 - https:\/\/yoast.com\/product\/yoast-seo-wordpress\/ -->\n<title>Joachim Bussian mit \u201e50 Jahre Finnland \u2013 R\u00fcckblicke und Ausblicke\u201d 20.9.-11.10.2022 - Suomi-Saksa Yhdistysten Liitto ry<\/title>\n<meta name=\"robots\" content=\"index, follow, max-snippet:-1, max-image-preview:large, max-video-preview:-1\" \/>\n<link rel=\"canonical\" href=\"https:\/\/www.ssyl.fi\/de\/nachrichten\/joachim-bussian-mit-50-jahre-finnland-rueckblicke-und-ausblicke-20-9-11-10-2022\/\" \/>\n<meta property=\"og:locale\" content=\"de_DE\" \/>\n<meta property=\"og:type\" content=\"article\" \/>\n<meta property=\"og:title\" content=\"Joachim Bussian mit \u201e50 Jahre Finnland \u2013 R\u00fcckblicke und Ausblicke\u201d 20.9.-11.10.2022 - Suomi-Saksa Yhdistysten Liitto ry\" \/>\n<meta property=\"og:description\" content=\"In seinem Vortrag \u201e50 Jahre Finnland \u2013 R\u00fcckblicke und Ausblicke\u201d blickt Joachim Bussian (Pressereferent der Deutschen Botschaft i.R.) auf seine hier in Finnland erlebte Zeit zur\u00fcck und erz\u00e4hlt \u00fcber seine Erlebnisse als Deutscher in Finnland in den letzten f\u00fcnf Jahrzehnten aus privater, aber auch der Sicht des langj\u00e4hrigen Presserefenten und \u00dcbersetzers der Deutschen Botschaft. Eine [&hellip;]\" \/>\n<meta property=\"og:url\" content=\"https:\/\/www.ssyl.fi\/de\/nachrichten\/joachim-bussian-mit-50-jahre-finnland-rueckblicke-und-ausblicke-20-9-11-10-2022\/\" \/>\n<meta property=\"og:site_name\" content=\"Suomi-Saksa Yhdistysten Liitto ry\" \/>\n<meta property=\"article:publisher\" content=\"http:\/\/www.facebook.com\/ssyl.fi\" \/>\n<meta property=\"article:published_time\" content=\"2022-10-03T07:21:12+00:00\" \/>\n<meta property=\"article:modified_time\" content=\"2022-10-06T08:23:29+00:00\" \/>\n<meta property=\"og:image\" content=\"https:\/\/www.ssyl.fi\/content\/uploads\/2022\/08\/Joachim-Bussian-300x249.jpg\" \/>\n<meta name=\"author\" content=\"Sanne Tschirpke\" \/>\n<meta name=\"twitter:card\" content=\"summary_large_image\" \/>\n<meta name=\"twitter:label1\" content=\"Written by\" \/>\n\t<meta name=\"twitter:data1\" content=\"Sanne Tschirpke\" \/>\n\t<meta name=\"twitter:label2\" content=\"Est. reading time\" \/>\n\t<meta name=\"twitter:data2\" content=\"2 minutes\" \/>\n<script type=\"application\/ld+json\" class=\"yoast-schema-graph\">{\"@context\":\"https:\\\/\\\/schema.org\",\"@graph\":[{\"@type\":\"Article\",\"@id\":\"https:\\\/\\\/www.ssyl.fi\\\/de\\\/nachrichten\\\/joachim-bussian-mit-50-jahre-finnland-rueckblicke-und-ausblicke-20-9-11-10-2022\\\/#article\",\"isPartOf\":{\"@id\":\"https:\\\/\\\/www.ssyl.fi\\\/de\\\/nachrichten\\\/joachim-bussian-mit-50-jahre-finnland-rueckblicke-und-ausblicke-20-9-11-10-2022\\\/\"},\"author\":{\"name\":\"Sanne Tschirpke\",\"@id\":\"https:\\\/\\\/www.ssyl.fi\\\/de\\\/#\\\/schema\\\/person\\\/2b96b83814fe1017549ecea7835ab645\"},\"headline\":\"Joachim Bussian mit \u201e50 Jahre Finnland \u2013 R\u00fcckblicke und Ausblicke\u201d 20.9.-11.10.2022\",\"datePublished\":\"2022-10-03T07:21:12+00:00\",\"dateModified\":\"2022-10-06T08:23:29+00:00\",\"mainEntityOfPage\":{\"@id\":\"https:\\\/\\\/www.ssyl.fi\\\/de\\\/nachrichten\\\/joachim-bussian-mit-50-jahre-finnland-rueckblicke-und-ausblicke-20-9-11-10-2022\\\/\"},\"wordCount\":181,\"image\":{\"@id\":\"https:\\\/\\\/www.ssyl.fi\\\/de\\\/nachrichten\\\/joachim-bussian-mit-50-jahre-finnland-rueckblicke-und-ausblicke-20-9-11-10-2022\\\/#primaryimage\"},\"thumbnailUrl\":\"https:\\\/\\\/www.ssyl.fi\\\/content\\\/uploads\\\/2022\\\/08\\\/Joachim-Bussian-300x249.jpg\",\"articleSection\":[\"Nachrichten\"],\"inLanguage\":\"de-DE\"},{\"@type\":\"WebPage\",\"@id\":\"https:\\\/\\\/www.ssyl.fi\\\/de\\\/nachrichten\\\/joachim-bussian-mit-50-jahre-finnland-rueckblicke-und-ausblicke-20-9-11-10-2022\\\/\",\"url\":\"https:\\\/\\\/www.ssyl.fi\\\/de\\\/nachrichten\\\/joachim-bussian-mit-50-jahre-finnland-rueckblicke-und-ausblicke-20-9-11-10-2022\\\/\",\"name\":\"Joachim Bussian mit \u201e50 Jahre Finnland \u2013 R\u00fcckblicke und Ausblicke\u201d 20.9.-11.10.2022 - Suomi-Saksa Yhdistysten Liitto ry\",\"isPartOf\":{\"@id\":\"https:\\\/\\\/www.ssyl.fi\\\/de\\\/#website\"},\"primaryImageOfPage\":{\"@id\":\"https:\\\/\\\/www.ssyl.fi\\\/de\\\/nachrichten\\\/joachim-bussian-mit-50-jahre-finnland-rueckblicke-und-ausblicke-20-9-11-10-2022\\\/#primaryimage\"},\"image\":{\"@id\":\"https:\\\/\\\/www.ssyl.fi\\\/de\\\/nachrichten\\\/joachim-bussian-mit-50-jahre-finnland-rueckblicke-und-ausblicke-20-9-11-10-2022\\\/#primaryimage\"},\"thumbnailUrl\":\"https:\\\/\\\/www.ssyl.fi\\\/content\\\/uploads\\\/2022\\\/08\\\/Joachim-Bussian-300x249.jpg\",\"datePublished\":\"2022-10-03T07:21:12+00:00\",\"dateModified\":\"2022-10-06T08:23:29+00:00\",\"author\":{\"@id\":\"https:\\\/\\\/www.ssyl.fi\\\/de\\\/#\\\/schema\\\/person\\\/2b96b83814fe1017549ecea7835ab645\"},\"breadcrumb\":{\"@id\":\"https:\\\/\\\/www.ssyl.fi\\\/de\\\/nachrichten\\\/joachim-bussian-mit-50-jahre-finnland-rueckblicke-und-ausblicke-20-9-11-10-2022\\\/#breadcrumb\"},\"inLanguage\":\"de-DE\",\"potentialAction\":[{\"@type\":\"ReadAction\",\"target\":[\"https:\\\/\\\/www.ssyl.fi\\\/de\\\/nachrichten\\\/joachim-bussian-mit-50-jahre-finnland-rueckblicke-und-ausblicke-20-9-11-10-2022\\\/\"]}]},{\"@type\":\"ImageObject\",\"inLanguage\":\"de-DE\",\"@id\":\"https:\\\/\\\/www.ssyl.fi\\\/de\\\/nachrichten\\\/joachim-bussian-mit-50-jahre-finnland-rueckblicke-und-ausblicke-20-9-11-10-2022\\\/#primaryimage\",\"url\":\"https:\\\/\\\/www.ssyl.fi\\\/content\\\/uploads\\\/2022\\\/08\\\/Joachim-Bussian-300x249.jpg\",\"contentUrl\":\"https:\\\/\\\/www.ssyl.fi\\\/content\\\/uploads\\\/2022\\\/08\\\/Joachim-Bussian-300x249.jpg\"},{\"@type\":\"BreadcrumbList\",\"@id\":\"https:\\\/\\\/www.ssyl.fi\\\/de\\\/nachrichten\\\/joachim-bussian-mit-50-jahre-finnland-rueckblicke-und-ausblicke-20-9-11-10-2022\\\/#breadcrumb\",\"itemListElement\":[{\"@type\":\"ListItem\",\"position\":1,\"name\":\"Home\",\"item\":\"https:\\\/\\\/www.ssyl.fi\\\/de\\\/\"},{\"@type\":\"ListItem\",\"position\":2,\"name\":\"Joachim Bussian mit \u201e50 Jahre Finnland \u2013 R\u00fcckblicke und Ausblicke\u201d 20.9.-11.10.2022\"}]},{\"@type\":\"WebSite\",\"@id\":\"https:\\\/\\\/www.ssyl.fi\\\/de\\\/#website\",\"url\":\"https:\\\/\\\/www.ssyl.fi\\\/de\\\/\",\"name\":\"Suomi-Saksa Yhdistysten Liitto ry\",\"description\":\"\",\"potentialAction\":[{\"@type\":\"SearchAction\",\"target\":{\"@type\":\"EntryPoint\",\"urlTemplate\":\"https:\\\/\\\/www.ssyl.fi\\\/de\\\/?s={search_term_string}\"},\"query-input\":{\"@type\":\"PropertyValueSpecification\",\"valueRequired\":true,\"valueName\":\"search_term_string\"}}],\"inLanguage\":\"de-DE\"},{\"@type\":\"Person\",\"@id\":\"https:\\\/\\\/www.ssyl.fi\\\/de\\\/#\\\/schema\\\/person\\\/2b96b83814fe1017549ecea7835ab645\",\"name\":\"Sanne Tschirpke\",\"image\":{\"@type\":\"ImageObject\",\"inLanguage\":\"de-DE\",\"@id\":\"https:\\\/\\\/secure.gravatar.com\\\/avatar\\\/4a2ea52953ac4c1367629a4bd7292c38deb562fa5b6d057ac08ea326024dc662?s=96&d=mm&r=g\",\"url\":\"https:\\\/\\\/secure.gravatar.com\\\/avatar\\\/4a2ea52953ac4c1367629a4bd7292c38deb562fa5b6d057ac08ea326024dc662?s=96&d=mm&r=g\",\"contentUrl\":\"https:\\\/\\\/secure.gravatar.com\\\/avatar\\\/4a2ea52953ac4c1367629a4bd7292c38deb562fa5b6d057ac08ea326024dc662?s=96&d=mm&r=g\",\"caption\":\"Sanne Tschirpke\"},\"url\":\"https:\\\/\\\/www.ssyl.fi\\\/de\\\/author\\\/ssyl\\\/\"}]}<\/script>\n<!-- \/ Yoast SEO plugin. -->","yoast_head_json":{"title":"Joachim Bussian mit \u201e50 Jahre Finnland \u2013 R\u00fcckblicke und Ausblicke\u201d 20.9.-11.10.2022 - Suomi-Saksa Yhdistysten Liitto ry","robots":{"index":"index","follow":"follow","max-snippet":"max-snippet:-1","max-image-preview":"max-image-preview:large","max-video-preview":"max-video-preview:-1"},"canonical":"https:\/\/www.ssyl.fi\/de\/nachrichten\/joachim-bussian-mit-50-jahre-finnland-rueckblicke-und-ausblicke-20-9-11-10-2022\/","og_locale":"de_DE","og_type":"article","og_title":"Joachim Bussian mit \u201e50 Jahre Finnland \u2013 R\u00fcckblicke und Ausblicke\u201d 20.9.-11.10.2022 - Suomi-Saksa Yhdistysten Liitto ry","og_description":"In seinem Vortrag \u201e50 Jahre Finnland \u2013 R\u00fcckblicke und Ausblicke\u201d blickt Joachim Bussian (Pressereferent der Deutschen Botschaft i.R.) auf seine hier in Finnland erlebte Zeit zur\u00fcck und erz\u00e4hlt \u00fcber seine Erlebnisse als Deutscher in Finnland in den letzten f\u00fcnf Jahrzehnten aus privater, aber auch der Sicht des langj\u00e4hrigen Presserefenten und \u00dcbersetzers der Deutschen Botschaft. Eine [&hellip;]","og_url":"https:\/\/www.ssyl.fi\/de\/nachrichten\/joachim-bussian-mit-50-jahre-finnland-rueckblicke-und-ausblicke-20-9-11-10-2022\/","og_site_name":"Suomi-Saksa Yhdistysten Liitto ry","article_publisher":"http:\/\/www.facebook.com\/ssyl.fi","article_published_time":"2022-10-03T07:21:12+00:00","article_modified_time":"2022-10-06T08:23:29+00:00","og_image":[{"url":"https:\/\/www.ssyl.fi\/content\/uploads\/2022\/08\/Joachim-Bussian-300x249.jpg","type":"","width":"","height":""}],"author":"Sanne Tschirpke","twitter_card":"summary_large_image","twitter_misc":{"Written by":"Sanne Tschirpke","Est. reading time":"2 minutes"},"schema":{"@context":"https:\/\/schema.org","@graph":[{"@type":"Article","@id":"https:\/\/www.ssyl.fi\/de\/nachrichten\/joachim-bussian-mit-50-jahre-finnland-rueckblicke-und-ausblicke-20-9-11-10-2022\/#article","isPartOf":{"@id":"https:\/\/www.ssyl.fi\/de\/nachrichten\/joachim-bussian-mit-50-jahre-finnland-rueckblicke-und-ausblicke-20-9-11-10-2022\/"},"author":{"name":"Sanne Tschirpke","@id":"https:\/\/www.ssyl.fi\/de\/#\/schema\/person\/2b96b83814fe1017549ecea7835ab645"},"headline":"Joachim Bussian mit \u201e50 Jahre Finnland \u2013 R\u00fcckblicke und Ausblicke\u201d 20.9.-11.10.2022","datePublished":"2022-10-03T07:21:12+00:00","dateModified":"2022-10-06T08:23:29+00:00","mainEntityOfPage":{"@id":"https:\/\/www.ssyl.fi\/de\/nachrichten\/joachim-bussian-mit-50-jahre-finnland-rueckblicke-und-ausblicke-20-9-11-10-2022\/"},"wordCount":181,"image":{"@id":"https:\/\/www.ssyl.fi\/de\/nachrichten\/joachim-bussian-mit-50-jahre-finnland-rueckblicke-und-ausblicke-20-9-11-10-2022\/#primaryimage"},"thumbnailUrl":"https:\/\/www.ssyl.fi\/content\/uploads\/2022\/08\/Joachim-Bussian-300x249.jpg","articleSection":["Nachrichten"],"inLanguage":"de-DE"},{"@type":"WebPage","@id":"https:\/\/www.ssyl.fi\/de\/nachrichten\/joachim-bussian-mit-50-jahre-finnland-rueckblicke-und-ausblicke-20-9-11-10-2022\/","url":"https:\/\/www.ssyl.fi\/de\/nachrichten\/joachim-bussian-mit-50-jahre-finnland-rueckblicke-und-ausblicke-20-9-11-10-2022\/","name":"Joachim Bussian mit \u201e50 Jahre Finnland \u2013 R\u00fcckblicke und Ausblicke\u201d 20.9.-11.10.2022 - Suomi-Saksa Yhdistysten Liitto ry","isPartOf":{"@id":"https:\/\/www.ssyl.fi\/de\/#website"},"primaryImageOfPage":{"@id":"https:\/\/www.ssyl.fi\/de\/nachrichten\/joachim-bussian-mit-50-jahre-finnland-rueckblicke-und-ausblicke-20-9-11-10-2022\/#primaryimage"},"image":{"@id":"https:\/\/www.ssyl.fi\/de\/nachrichten\/joachim-bussian-mit-50-jahre-finnland-rueckblicke-und-ausblicke-20-9-11-10-2022\/#primaryimage"},"thumbnailUrl":"https:\/\/www.ssyl.fi\/content\/uploads\/2022\/08\/Joachim-Bussian-300x249.jpg","datePublished":"2022-10-03T07:21:12+00:00","dateModified":"2022-10-06T08:23:29+00:00","author":{"@id":"https:\/\/www.ssyl.fi\/de\/#\/schema\/person\/2b96b83814fe1017549ecea7835ab645"},"breadcrumb":{"@id":"https:\/\/www.ssyl.fi\/de\/nachrichten\/joachim-bussian-mit-50-jahre-finnland-rueckblicke-und-ausblicke-20-9-11-10-2022\/#breadcrumb"},"inLanguage":"de-DE","potentialAction":[{"@type":"ReadAction","target":["https:\/\/www.ssyl.fi\/de\/nachrichten\/joachim-bussian-mit-50-jahre-finnland-rueckblicke-und-ausblicke-20-9-11-10-2022\/"]}]},{"@type":"ImageObject","inLanguage":"de-DE","@id":"https:\/\/www.ssyl.fi\/de\/nachrichten\/joachim-bussian-mit-50-jahre-finnland-rueckblicke-und-ausblicke-20-9-11-10-2022\/#primaryimage","url":"https:\/\/www.ssyl.fi\/content\/uploads\/2022\/08\/Joachim-Bussian-300x249.jpg","contentUrl":"https:\/\/www.ssyl.fi\/content\/uploads\/2022\/08\/Joachim-Bussian-300x249.jpg"},{"@type":"BreadcrumbList","@id":"https:\/\/www.ssyl.fi\/de\/nachrichten\/joachim-bussian-mit-50-jahre-finnland-rueckblicke-und-ausblicke-20-9-11-10-2022\/#breadcrumb","itemListElement":[{"@type":"ListItem","position":1,"name":"Home","item":"https:\/\/www.ssyl.fi\/de\/"},{"@type":"ListItem","position":2,"name":"Joachim Bussian mit \u201e50 Jahre Finnland \u2013 R\u00fcckblicke und Ausblicke\u201d 20.9.-11.10.2022"}]},{"@type":"WebSite","@id":"https:\/\/www.ssyl.fi\/de\/#website","url":"https:\/\/www.ssyl.fi\/de\/","name":"Suomi-Saksa Yhdistysten Liitto ry","description":"","potentialAction":[{"@type":"SearchAction","target":{"@type":"EntryPoint","urlTemplate":"https:\/\/www.ssyl.fi\/de\/?s={search_term_string}"},"query-input":{"@type":"PropertyValueSpecification","valueRequired":true,"valueName":"search_term_string"}}],"inLanguage":"de-DE"},{"@type":"Person","@id":"https:\/\/www.ssyl.fi\/de\/#\/schema\/person\/2b96b83814fe1017549ecea7835ab645","name":"Sanne Tschirpke","image":{"@type":"ImageObject","inLanguage":"de-DE","@id":"https:\/\/secure.gravatar.com\/avatar\/4a2ea52953ac4c1367629a4bd7292c38deb562fa5b6d057ac08ea326024dc662?s=96&d=mm&r=g","url":"https:\/\/secure.gravatar.com\/avatar\/4a2ea52953ac4c1367629a4bd7292c38deb562fa5b6d057ac08ea326024dc662?s=96&d=mm&r=g","contentUrl":"https:\/\/secure.gravatar.com\/avatar\/4a2ea52953ac4c1367629a4bd7292c38deb562fa5b6d057ac08ea326024dc662?s=96&d=mm&r=g","caption":"Sanne Tschirpke"},"url":"https:\/\/www.ssyl.fi\/de\/author\/ssyl\/"}]}},"_links":{"self":[{"href":"https:\/\/www.ssyl.fi\/de\/wp-json\/wp\/v2\/posts\/9580","targetHints":{"allow":["GET"]}}],"collection":[{"href":"https:\/\/www.ssyl.fi\/de\/wp-json\/wp\/v2\/posts"}],"about":[{"href":"https:\/\/www.ssyl.fi\/de\/wp-json\/wp\/v2\/types\/post"}],"author":[{"embeddable":true,"href":"https:\/\/www.ssyl.fi\/de\/wp-json\/wp\/v2\/users\/2"}],"replies":[{"embeddable":true,"href":"https:\/\/www.ssyl.fi\/de\/wp-json\/wp\/v2\/comments?post=9580"}],"version-history":[{"count":5,"href":"https:\/\/www.ssyl.fi\/de\/wp-json\/wp\/v2\/posts\/9580\/revisions"}],"predecessor-version":[{"id":9785,"href":"https:\/\/www.ssyl.fi\/de\/wp-json\/wp\/v2\/posts\/9580\/revisions\/9785"}],"wp:attachment":[{"href":"https:\/\/www.ssyl.fi\/de\/wp-json\/wp\/v2\/media?parent=9580"}],"wp:term":[{"taxonomy":"category","embeddable":true,"href":"https:\/\/www.ssyl.fi\/de\/wp-json\/wp\/v2\/categories?post=9580"},{"taxonomy":"post_tag","embeddable":true,"href":"https:\/\/www.ssyl.fi\/de\/wp-json\/wp\/v2\/tags?post=9580"}],"curies":[{"name":"wp","href":"https:\/\/api.w.org\/{rel}","templated":true}]}}